{"id":50340,"date":"2025-06-08T10:50:50","date_gmt":"2025-06-08T08:50:50","guid":{"rendered":"https:\/\/edublog.educastur.es\/ixuxu\/?p=50340"},"modified":"2025-06-08T10:10:26","modified_gmt":"2025-06-08T08:10:26","slug":"la-primer-formacion-oficial-nespana-para-guies-de-les-reserves-de-la-biosfera","status":"publish","type":"post","link":"https:\/\/edublog.educastur.es\/ixuxu\/2025\/06\/la-primer-formacion-oficial-nespana-para-guies-de-les-reserves-de-la-biosfera\/","title":{"rendered":"La primer formaci\u00f3n oficial n&#8217;Espa\u00f1a para gu\u00edes de les reserves de la biosfera"},"content":{"rendered":"<p style=\"text-align: center\"><a href=\"https:\/\/actualidad.asturias.es\/documents\/537115\/2617158\/Guias+reservas+biosfera.jpeg\/c5fc2bb3-19b7-4aeb-77f3-9bec5b3a451d?t=1749282619480\"><img loading=\"lazy\" decoding=\"async\" class=\"aligncenter size-large\" src=\"https:\/\/actualidad.asturias.es\/documents\/537115\/2617158\/Guias+reservas+biosfera.jpeg\/c5fc2bb3-19b7-4aeb-77f3-9bec5b3a451d?t=1749282619480\" width=\"780\" height=\"521\" \/><\/a><\/p>\n<p>El Princip\u00e1u va poner en marcha la primer formaci\u00f3n oficial n&#8217;Espa\u00f1a para gu\u00edes de les reserves de la biosfera. <a href=\"https:\/\/actualidad.asturias.es\/-\/el-principado-pondr%C3%A1-en-marcha-la-primera-formaci%C3%B3n-oficial-en-espa%C3%B1a-para-gu%C3%ADas-de-las-reservas-de-la-biosfera?redirect=%2Fnoticias\">Fonte: Actualid\u00e1 Asturies<\/a>. Los conceyos integraos nestos espacios van acoyer estos cursos col fin de dinamizar la econom\u00eda local y profesionalizar l&#8217;ecoturismo dende&#8217;l territoriu. Esta pionera iniciativa, alliniada col Plan de Sostenibilid\u00e1 Tur\u00edstica y les estratexes rexonales en bioeconom\u00eda y prevenci\u00f3n de quemes, <strong>a\u00fana empl\u00e9u verde, educaci\u00f3n ambiental y desenvolvimientu rural.<\/strong><\/p>\n<p><!--more--><\/p>\n<p>El Gobiernu d&#8217;Asturies va poner en marcha angua\u00f1o la primer formaci\u00f3n oficial del pa\u00eds para gu\u00edes de reserves de la biosfera, dientro del cat\u00e1logu nacional del <strong>Serviciu P\u00fablicu d&#8217;Empl\u00e9u (Sepe).<\/strong> El nuevu cursu respuende a la creciente demanda de profesionales cualificaos para interpretar, comunicar y caltener el patrimoniu natural y cultural d&#8217;estos espacios d&#8217;altu valor ecol\u00f3xicu.<\/p>\n<p>Esta iniciativa surde de la collaboraci\u00f3n ente les conseyer\u00edes de Movilid\u00e1 y Cultura y el Serviciu P\u00fablicu d&#8217;Empl\u00e9u (Sepepa), xuna alianza qu&#8217;asitia Asturies como referente na innovaci\u00f3n educativa venceyada al ecoturismu y a los espacios protex\u00edos.<\/p>\n<p>Los cursos van impartise en modalid\u00e1 presencial nos conceyos integraos nes reserves, coles mires de dinamizar la econom\u00eda local y profesionalizar l&#8217;ecoturismu. La formaci\u00f3n va constar de seis m\u00f3dulos tem\u00e1ticos, de 50 hores de duraci\u00f3n, nos que se van encetar diversos aspeutos: conocencia del mediu natural y sociocultural, marcu normativu, interpretaci\u00f3n del patrimoniu, educaci\u00f3n ambiental, usu p\u00fablicu sostenible y planificaci\u00f3n de visites empuestes calidable.<\/p>\n<p>Pal accesu a estos cursos van tener priorid\u00e1 les persones que moren o trabayen na redolada de les reserves de la biosfera y tengan esperiencia o inter\u00e9s nel mediu ambiente, el turismu de naturaleza, la educaci\u00f3n ambiental y la dinamizaci\u00f3n rural. D&#8217;esta miente, va fomentase l&#8217;enraigono, la capacitaci\u00f3n local y la revalorizaci\u00f3n de los saberes del territoriu.<\/p>\n<p>Ente los perfiles profesionales a los que da accesu esti tipu de formaci\u00f3n figuren los siguientes:<strong> gu\u00edes d&#8217;espacios protex\u00edos, educadores ambientales, informadores tur\u00edsticos, monitores de naturaleza o dinamizadores socioculturales<\/strong>, tanto n&#8217;entidaes p\u00fabliques como privaes.<\/p>\n","protected":false},"excerpt":{"rendered":"<p>El Princip\u00e1u va poner en marcha la primer formaci\u00f3n oficial n&#8217;Espa\u00f1a para gu\u00edes de les reserves de la biosfera. Fonte: Actualid\u00e1 Asturies. Los conceyos integraos nestos espacios van acoyer estos cursos col fin de dinamizar la econom\u00eda local y profesionalizar l&#8217;ecoturismo dende&#8217;l territoriu. Esta pionera iniciativa, alliniada col Plan de Sostenibilid\u00e1 Tur\u00edstica y les estratexes [&hellip;]<\/p>\n","protected":false},"author":117,"featured_media":0,"comment_status":"open","ping_status":"open","sticky":false,"template":"","format":"standard","meta":{"footnotes":""},"categories":[448],"tags":[],"class_list":["post-50340","post","type-post","status-publish","format-standard","hentry","category-ecoturismu"],"_links":{"self":[{"href":"https:\/\/edublog.educastur.es\/ixuxu\/wp-json\/wp\/v2\/posts\/50340","targetHints":{"allow":["GET"]}}],"collection":[{"href":"https:\/\/edublog.educastur.es\/ixuxu\/wp-json\/wp\/v2\/posts"}],"about":[{"href":"https:\/\/edublog.educastur.es\/ixuxu\/wp-json\/wp\/v2\/types\/post"}],"author":[{"embeddable":true,"href":"https:\/\/edublog.educastur.es\/ixuxu\/wp-json\/wp\/v2\/users\/117"}],"replies":[{"embeddable":true,"href":"https:\/\/edublog.educastur.es\/ixuxu\/wp-json\/wp\/v2\/comments?post=50340"}],"version-history":[{"count":1,"href":"https:\/\/edublog.educastur.es\/ixuxu\/wp-json\/wp\/v2\/posts\/50340\/revisions"}],"predecessor-version":[{"id":50341,"href":"https:\/\/edublog.educastur.es\/ixuxu\/wp-json\/wp\/v2\/posts\/50340\/revisions\/50341"}],"wp:attachment":[{"href":"https:\/\/edublog.educastur.es\/ixuxu\/wp-json\/wp\/v2\/media?parent=50340"}],"wp:term":[{"taxonomy":"category","embeddable":true,"href":"https:\/\/edublog.educastur.es\/ixuxu\/wp-json\/wp\/v2\/categories?post=50340"},{"taxonomy":"post_tag","embeddable":true,"href":"https:\/\/edublog.educastur.es\/ixuxu\/wp-json\/wp\/v2\/tags?post=50340"}],"curies":[{"name":"wp","href":"https:\/\/api.w.org\/{rel}","templated":true}]}}