{"id":50349,"date":"2025-06-08T08:30:28","date_gmt":"2025-06-08T06:30:28","guid":{"rendered":"https:\/\/edublog.educastur.es\/ixuxu\/?p=50349"},"modified":"2025-06-08T10:22:28","modified_gmt":"2025-06-08T08:22:28","slug":"estau-del-tiempu-domingu-8-de-xunu","status":"publish","type":"post","link":"https:\/\/edublog.educastur.es\/ixuxu\/2025\/06\/estau-del-tiempu-domingu-8-de-xunu\/","title":{"rendered":"Est\u00e1u del tiempu: domingu 8 de xunu"},"content":{"rendered":"<div class=\"html-div xdj266r xat24cr x1lziwak xexx8yu xyri2b x18d9i69 x1c1uobl x78zum5 x2lah0s xqtp20y x1xegmmw\"><\/div>\n<div class=\"html-div xdj266r x14z9mp xat24cr x1lziwak xexx8yu xyri2b x18d9i69 x1c1uobl x1iyjqo2 xeuugli\">\n<div class=\"x78zum5 xdt5ytf xz62fqu x16ldp7u\">\n<div class=\"xu06os2 x1ok221b\">\n<div class=\"html-div xdj266r x14z9mp xat24cr x1lziwak xexx8yu xyri2b x18d9i69 x1c1uobl\" data-ad-rendering-role=\"profile_name\">\n<ul>\n<li id=\"_r_2pe_\" class=\"html-h2 x14z9mp xat24cr x1lziwak xexx8yu xyri2b x18d9i69 x1c1uobl x1vvkbs x1heor9g x1qlqyl8 x1pd3egz x1a2a7pz x1gslohp x1yc453h\"><span class=\"xt0psk2\"><span class=\"xjp7ctv\"><a class=\"x1i10hfl xjbqb8w x1ejq31n x18oe1m7 x1sy0etr xstzfhl x972fbf x10w94by x1qhh985 x14e42zd x9f619 x1ypdohk xt0psk2 xe8uvvx xdj266r x14z9mp xat24cr x1lziwak xexx8yu xyri2b x18d9i69 x1c1uobl x16tdsg8 x1hl2dhg xggy1nq x1a2a7pz xkrqix3 x1sur9pj xzsf02u x1s688f\" role=\"link\" href=\"https:\/\/www.facebook.com\/eltiempuenasturies?__cft__[0]=AZVZPoGqrg4W1R7-BieGjc4F0sHYjy86g4WVRIKrKenASZAeIWpG40o-sTPkw0DmN1kWY3iDn8BYFPraTFuJ0OMmRihEgP8OrFhHLdtHdftxykJ7G0a6oMdw_XVlGpLC1lbj8buKiWCzjQSD0jcq4gpculrKD2togeqisrQdGFVb3MfhYLY7bSfZw48AV42Sr1ZjHnTf6-Rsx67YU7fQwq3n&amp;__tn__=-UC%2CP-R\"><strong class=\"html-strong xdj266r x14z9mp xat24cr x1lziwak xexx8yu xyri2b x18d9i69 x1c1uobl x1hl2dhg x16tdsg8 x1vvkbs x1s688f\"><span class=\"html-span xdj266r x14z9mp xat24cr x1lziwak xexx8yu xyri2b x18d9i69 x1c1uobl x1hl2dhg x16tdsg8 x1vvkbs\">El Tiempu n&#8217;Asturies.<\/span><\/strong><\/a><\/span><\/span><\/li>\n<\/ul>\n<\/div>\n<\/div>\n<div class=\"xu06os2 x1ok221b\"><\/div>\n<\/div>\n<\/div>\n<div class=\"html-div xdj266r x14z9mp xat24cr x1lziwak xexx8yu xyri2b x18d9i69 x1c1uobl\" dir=\"auto\">\n<div class=\"html-div xdj266r x14z9mp xat24cr x1lziwak xexx8yu xyri2b x18d9i69 x1c1uobl\" data-ad-rendering-role=\"story_message\">\n<div id=\"_r_2pg_\" class=\"x1l90r2v x1iorvi4 x1g0dm76 xpdmqnj\" data-ad-comet-preview=\"message\" data-ad-preview=\"message\">\n<div class=\"x78zum5 xdt5ytf xz62fqu x16ldp7u\">\n<div class=\"xu06os2 x1ok221b\">\n<div class=\"html-div xdj266r x14z9mp xat24cr x1lziwak xexx8yu xyri2b x18d9i69 x1c1uobl\">\n<div class=\"x14z9mp xat24cr x1lziwak x1vvkbs xtlvy1s x126k92a\">\n<ul>\n<li dir=\"auto\"><strong><span style=\"color: #008080\">Alborecemos<\/span> <\/strong>con nubosid\u00e1 estratificada, tando escampl\u00e1u nes zones altes de la cordelera y fastera m\u00e1s surocidental con unes temperatures que tan alrodiu de los 15\u00baC, rexistr\u00e1ndose nel puirtu Payares 5,7\u00baC.<\/li>\n<\/ul>\n<\/div>\n<div class=\"x14z9mp xat24cr x1lziwak x1vvkbs xtlvy1s x126k92a\">\n<ul>\n<li dir=\"auto\"><strong><span style=\"color: #008080\">G\u00fcei<\/span> <\/strong>pali que pali van dir dixebr\u00e1ndose los estratos del alborecer nel llitoral onde quedar\u00e1 poco nuboso, mentantu na fastera central abrir\u00e1nse dellos claros o abancios nes hores centrales del d\u00eda. Na cordelera y fastera m\u00e1s surocidental va tar poco nuboso o escampl\u00e1u durante tol d\u00eda como ye vezu n&#8217;estes situaciones anticicl\u00f3niques. Les temperatures van camudar poco y l&#8217;aire nord\u00e9s tender\u00e1 a coyer puxu na costa y zones espuestes onde pue soplar cafiante ya moderadamente.<\/li>\n<\/ul>\n<p><!--more--><\/p>\n<\/div>\n<div class=\"x14z9mp xat24cr x1lziwak x1vvkbs xtlvy1s x126k92a\">\n<ul>\n<li dir=\"auto\"><strong><span style=\"color: #008080\">Ma\u00f1ana llunes<\/span><\/strong> amenorgar\u00e1n los estratos ya veremos m\u00e1s el sol con un ascensu moder\u00e1u de les temperatures m\u00e1simes nel interior y sin cambios na costa por mor del vientu nord\u00e9s que va soplar cafiante perell\u00ed, baxando la sensaci\u00f3n t\u00e9rmica.<\/li>\n<\/ul>\n<\/div>\n<div class=\"x14z9mp xat24cr x1lziwak x1vvkbs xtlvy1s x126k92a\">\n<ul>\n<li dir=\"auto\"><strong><span style=\"color: #008080\">El martes<\/span> <\/strong>l&#8217;ascensu de les temperatures sedr\u00e1 bultable anque menos de lo que ve\u00eden los modelos d&#8217;estos d\u00edes, asina y too algamaranse los 30\u00baC nel interior, muncho m\u00e1s llevaderu pel llitoral onde tendr\u00e1n 23-24\u00baC con dalgo de nord\u00e9s pero m\u00e1s seliquino que&#8217;l llunes. Am\u00e1s la nubosid\u00e1 de desendolque dir\u00e1 medrando a partir del mediud\u00eda pa dexanos dalg\u00fan xarabatu de calter tormentosu, dispersu ya ocasional pela tarde.<\/li>\n<\/ul>\n<\/div>\n<\/div>\n<\/div>\n<\/div>\n<\/div>\n<\/div>\n<\/div>\n<p>&nbsp;<\/p>\n","protected":false},"excerpt":{"rendered":"<p>El Tiempu n&#8217;Asturies. Alborecemos con nubosid\u00e1 estratificada, tando escampl\u00e1u nes zones altes de la cordelera y fastera m\u00e1s surocidental con unes temperatures que tan alrodiu de los 15\u00baC, rexistr\u00e1ndose nel puirtu Payares 5,7\u00baC. G\u00fcei pali que pali van dir dixebr\u00e1ndose los estratos del alborecer nel llitoral onde quedar\u00e1 poco nuboso, mentantu na fastera central abrir\u00e1nse [&hellip;]<\/p>\n","protected":false},"author":117,"featured_media":0,"comment_status":"open","ping_status":"open","sticky":false,"template":"","format":"standard","meta":{"footnotes":""},"categories":[5],"tags":[],"class_list":["post-50349","post","type-post","status-publish","format-standard","hentry","category-tiempu"],"_links":{"self":[{"href":"https:\/\/edublog.educastur.es\/ixuxu\/wp-json\/wp\/v2\/posts\/50349","targetHints":{"allow":["GET"]}}],"collection":[{"href":"https:\/\/edublog.educastur.es\/ixuxu\/wp-json\/wp\/v2\/posts"}],"about":[{"href":"https:\/\/edublog.educastur.es\/ixuxu\/wp-json\/wp\/v2\/types\/post"}],"author":[{"embeddable":true,"href":"https:\/\/edublog.educastur.es\/ixuxu\/wp-json\/wp\/v2\/users\/117"}],"replies":[{"embeddable":true,"href":"https:\/\/edublog.educastur.es\/ixuxu\/wp-json\/wp\/v2\/comments?post=50349"}],"version-history":[{"count":1,"href":"https:\/\/edublog.educastur.es\/ixuxu\/wp-json\/wp\/v2\/posts\/50349\/revisions"}],"predecessor-version":[{"id":50350,"href":"https:\/\/edublog.educastur.es\/ixuxu\/wp-json\/wp\/v2\/posts\/50349\/revisions\/50350"}],"wp:attachment":[{"href":"https:\/\/edublog.educastur.es\/ixuxu\/wp-json\/wp\/v2\/media?parent=50349"}],"wp:term":[{"taxonomy":"category","embeddable":true,"href":"https:\/\/edublog.educastur.es\/ixuxu\/wp-json\/wp\/v2\/categories?post=50349"},{"taxonomy":"post_tag","embeddable":true,"href":"https:\/\/edublog.educastur.es\/ixuxu\/wp-json\/wp\/v2\/tags?post=50349"}],"curies":[{"name":"wp","href":"https:\/\/api.w.org\/{rel}","templated":true}]}}