{"id":50351,"date":"2025-06-08T08:20:36","date_gmt":"2025-06-08T06:20:36","guid":{"rendered":"https:\/\/edublog.educastur.es\/ixuxu\/?p=50351"},"modified":"2025-06-08T10:25:38","modified_gmt":"2025-06-08T08:25:38","slug":"el-tiempu-el-comercio-60","status":"publish","type":"post","link":"https:\/\/edublog.educastur.es\/ixuxu\/2025\/06\/el-tiempu-el-comercio-60\/","title":{"rendered":"El tiempu (El Comercio)"},"content":{"rendered":"<p style=\"text-align: center\"><a href=\"https:\/\/s1.ppllstatics.com\/elcomercio\/www\/multimedia\/2025\/06\/07\/prevision-tiempo-asturias-kvZD-U2301948938566Ca-1200x860@El%20Comercio.jpg\"><img loading=\"lazy\" decoding=\"async\" class=\"aligncenter size-large\" src=\"https:\/\/s1.ppllstatics.com\/elcomercio\/www\/multimedia\/2025\/06\/07\/prevision-tiempo-asturias-kvZD-U2301948938566Ca-1200x860@El%20Comercio.jpg\" width=\"1200\" height=\"851\" \/><\/a><\/p>\n<ul>\n<li><span style=\"color: #008080\"><strong>Vamos concluyir la selmana<\/strong><\/span> con una xornada nubosa en gran parte del territoriu asturianu. El cordal y otres zones del sur de la rex\u00f3n va ser onde va haber m\u00e1s probabilid\u00e1 de ratos de sol.<\/li>\n<li><span style=\"color: #008080\"><strong>La probabilid\u00e1 de precipitaciones<\/strong><\/span> va ser bien baxa pero, s\u00eda que non, nun se refuga que pueda escapase dalg\u00fan orbayu pocu importantes na mari\u00f1a especialmente pela ma\u00f1ana.<\/li>\n<li><span style=\"color: #008080\"><strong>Los vientos<\/strong><\/span> van ser fluexos predominando de norte de primeres del d\u00eda, y de nordeste pela tarde con raches moderaes na mari\u00f1a.<\/li>\n<li><span style=\"color: #008080\"><strong> Les temperatures m\u00e1ximes<\/strong><\/span> van xubir llixeramente en tol cordal y nel suroccidente, calteni\u00e9ndose ensin cambeos nel restu.<\/li>\n<li><span style=\"color: #008080\"><strong>Les m\u00ednimes<\/strong><\/span> van xubir nel interior central, van baxar un pocu en Picos d&#8217;Europa y nun van variar nel restu del Princip\u00e1u.<\/li>\n<\/ul>\n<p><!--more--><\/p>\n<ul>\n<li><span style=\"color: #008080\"><strong> El llunes<\/strong><\/span> vamos amanecer con nubes baxes na met\u00e1 norte y con sol na met\u00e1 sur. A partir del mediud\u00eda, les nubes baxes van sumir abrise, poro, grandes escamplaes en tola Comunid\u00e1 Aut\u00f3noma. <strong>Les temperatures m\u00e1ximes<\/strong> van xubir de forma xeneralizada y van facelo especialmente nel sur y nel oeste. <strong>Les m\u00ednimes<\/strong> nun van variar apenes respectu al domingu.<\/li>\n<li><span style=\"color: #008080\"><strong>El martes<\/strong><\/span> va ser un d\u00eda bien calorosu con temperatures que van algamar los 30 \u00baC nel interior asturianu. Eso s\u00ed, pela tarde prevense bastios d&#8217;orixe tormentosu.<\/li>\n<\/ul>\n","protected":false},"excerpt":{"rendered":"<p>Vamos concluyir la selmana con una xornada nubosa en gran parte del territoriu asturianu. El cordal y otres zones del sur de la rex\u00f3n va ser onde va haber m\u00e1s probabilid\u00e1 de ratos de sol. La probabilid\u00e1 de precipitaciones va ser bien baxa pero, s\u00eda que non, nun se refuga que pueda escapase dalg\u00fan orbayu [&hellip;]<\/p>\n","protected":false},"author":117,"featured_media":0,"comment_status":"open","ping_status":"open","sticky":false,"template":"","format":"standard","meta":{"footnotes":""},"categories":[5],"tags":[],"class_list":["post-50351","post","type-post","status-publish","format-standard","hentry","category-tiempu"],"_links":{"self":[{"href":"https:\/\/edublog.educastur.es\/ixuxu\/wp-json\/wp\/v2\/posts\/50351","targetHints":{"allow":["GET"]}}],"collection":[{"href":"https:\/\/edublog.educastur.es\/ixuxu\/wp-json\/wp\/v2\/posts"}],"about":[{"href":"https:\/\/edublog.educastur.es\/ixuxu\/wp-json\/wp\/v2\/types\/post"}],"author":[{"embeddable":true,"href":"https:\/\/edublog.educastur.es\/ixuxu\/wp-json\/wp\/v2\/users\/117"}],"replies":[{"embeddable":true,"href":"https:\/\/edublog.educastur.es\/ixuxu\/wp-json\/wp\/v2\/comments?post=50351"}],"version-history":[{"count":3,"href":"https:\/\/edublog.educastur.es\/ixuxu\/wp-json\/wp\/v2\/posts\/50351\/revisions"}],"predecessor-version":[{"id":50354,"href":"https:\/\/edublog.educastur.es\/ixuxu\/wp-json\/wp\/v2\/posts\/50351\/revisions\/50354"}],"wp:attachment":[{"href":"https:\/\/edublog.educastur.es\/ixuxu\/wp-json\/wp\/v2\/media?parent=50351"}],"wp:term":[{"taxonomy":"category","embeddable":true,"href":"https:\/\/edublog.educastur.es\/ixuxu\/wp-json\/wp\/v2\/categories?post=50351"},{"taxonomy":"post_tag","embeddable":true,"href":"https:\/\/edublog.educastur.es\/ixuxu\/wp-json\/wp\/v2\/tags?post=50351"}],"curies":[{"name":"wp","href":"https:\/\/api.w.org\/{rel}","templated":true}]}}