{"id":50364,"date":"2025-06-08T13:05:42","date_gmt":"2025-06-08T11:05:42","guid":{"rendered":"https:\/\/edublog.educastur.es\/ixuxu\/?p=50364"},"modified":"2025-06-08T10:57:54","modified_gmt":"2025-06-08T08:57:54","slug":"premiu-future-minds-fest-2025-pal-colexu-de-les-regueres","status":"publish","type":"post","link":"https:\/\/edublog.educastur.es\/ixuxu\/2025\/06\/premiu-future-minds-fest-2025-pal-colexu-de-les-regueres\/","title":{"rendered":"Premiu Future Minds Fest 2025 pal colexu de Les Regueres"},"content":{"rendered":"<ul>\n<li>Fonte: <a href=\"https:\/\/lavozdeltrubia.es\/2025\/06\/06\/el-colegio-de-las-regueras-premio-nacional-por-su-proyecto-de-bosque-escolar\/?fbclid=IwY2xjawKyKqxleHRuA2FlbQIxMQBicmlkETBaZ1liVEQ0QkRaeXlSa0tWAR5EwdGAGhxOKVPX3d1SQsbGA0eWJM6ATilzK9OLQBI6VNnMbMcbtT03vUwBvg_aem_CfP-IL3vRe5ukZljuLdB2Q\">la Voz del Trubia<\/a> \/<\/li>\n<\/ul>\n<p style=\"text-align: center\"><a href=\"https:\/\/lavozdeltrubia.es\/wp-content\/uploads\/2025\/06\/plantacion-bosque-colegio-Las-regueras-1320x990.jpeg\"><img loading=\"lazy\" decoding=\"async\" class=\"aligncenter size-large\" src=\"https:\/\/lavozdeltrubia.es\/wp-content\/uploads\/2025\/06\/plantacion-bosque-colegio-Las-regueras-1320x990.jpeg\" width=\"1320\" height=\"990\" \/><\/a><em>Un momentu del plant\u00edu, na que participaron les families<\/em><\/p>\n<p>El <a href=\"http:\/\/alojaweb.educastur.es\/web\/cplasregueras\/\">colexu p\u00fablicu Pr\u00edncipe d&#8217;Asturies de Les Regueres<\/a>\u00a0gan\u00f3&#8217;l <span style=\"color: #008080\"><strong>premiu Future Minds Fest 2025<\/strong> na categor\u00eda de Sostenibilid\u00e1<\/span>, un galard\u00f3n nacional qu&#8217;estrema los proyectos qu&#8217;anueven no educativo y tami\u00e9n llogren un futuru m\u00e1s sostenible.<\/p>\n<p>Dambes coses xuninse nel <strong>proyectu \u2018Aventura Verde\u2019,<\/strong> present\u00e1u pol alumn\u00e1u de 6\u00ba de Primaria, que cre\u00f3 dende cero un monte escolar que sirva como aula al campu para los futuros estudiantes. Los ne\u00f1os y ne\u00f1es fixeron trabayu de campu para decidir qu\u00e9 especies llantar y dise\u00f1aron tol espaciu, col sofitu d&#8217;espertos n&#8217;inxenier\u00eda forestal y de los sos profesores. El monte escolar y\u00e1 ye una realid\u00e1 qu&#8217;empez\u00f3 a crecer, para beneficiu de tola comunid\u00e1 .<\/p>\n","protected":false},"excerpt":{"rendered":"<p>Fonte: la Voz del Trubia \/ Un momentu del plant\u00edu, na que participaron les families El colexu p\u00fablicu Pr\u00edncipe d&#8217;Asturies de Les Regueres\u00a0gan\u00f3&#8217;l premiu Future Minds Fest 2025 na categor\u00eda de Sostenibilid\u00e1, un galard\u00f3n nacional qu&#8217;estrema los proyectos qu&#8217;anueven no educativo y tami\u00e9n llogren un futuru m\u00e1s sostenible. Dambes coses xuninse nel proyectu \u2018Aventura Verde\u2019, [&hellip;]<\/p>\n","protected":false},"author":117,"featured_media":0,"comment_status":"open","ping_status":"open","sticky":false,"template":"","format":"standard","meta":{"footnotes":""},"categories":[61],"tags":[],"class_list":["post-50364","post","type-post","status-publish","format-standard","hentry","category-concursu"],"_links":{"self":[{"href":"https:\/\/edublog.educastur.es\/ixuxu\/wp-json\/wp\/v2\/posts\/50364","targetHints":{"allow":["GET"]}}],"collection":[{"href":"https:\/\/edublog.educastur.es\/ixuxu\/wp-json\/wp\/v2\/posts"}],"about":[{"href":"https:\/\/edublog.educastur.es\/ixuxu\/wp-json\/wp\/v2\/types\/post"}],"author":[{"embeddable":true,"href":"https:\/\/edublog.educastur.es\/ixuxu\/wp-json\/wp\/v2\/users\/117"}],"replies":[{"embeddable":true,"href":"https:\/\/edublog.educastur.es\/ixuxu\/wp-json\/wp\/v2\/comments?post=50364"}],"version-history":[{"count":1,"href":"https:\/\/edublog.educastur.es\/ixuxu\/wp-json\/wp\/v2\/posts\/50364\/revisions"}],"predecessor-version":[{"id":50365,"href":"https:\/\/edublog.educastur.es\/ixuxu\/wp-json\/wp\/v2\/posts\/50364\/revisions\/50365"}],"wp:attachment":[{"href":"https:\/\/edublog.educastur.es\/ixuxu\/wp-json\/wp\/v2\/media?parent=50364"}],"wp:term":[{"taxonomy":"category","embeddable":true,"href":"https:\/\/edublog.educastur.es\/ixuxu\/wp-json\/wp\/v2\/categories?post=50364"},{"taxonomy":"post_tag","embeddable":true,"href":"https:\/\/edublog.educastur.es\/ixuxu\/wp-json\/wp\/v2\/tags?post=50364"}],"curies":[{"name":"wp","href":"https:\/\/api.w.org\/{rel}","templated":true}]}}