{"id":50369,"date":"2025-06-08T10:02:54","date_gmt":"2025-06-08T08:02:54","guid":{"rendered":"https:\/\/edublog.educastur.es\/ixuxu\/?p=50369"},"modified":"2025-06-08T10:58:28","modified_gmt":"2025-06-08T08:58:28","slug":"nun-ye-una-fuelga-ye-una-lleccion","status":"publish","type":"post","link":"https:\/\/edublog.educastur.es\/ixuxu\/2025\/06\/nun-ye-una-fuelga-ye-una-lleccion\/","title":{"rendered":"\u201cNun ye una fuelga. Ye una llecci\u00f3n\u201d"},"content":{"rendered":"<div class=\"\">\n<p style=\"text-align: center\"><span class=\"html-span xexx8yu x4uap5 x18d9i69 xkhd6sd x1hl2dhg x16tdsg8 x1vvkbs x3nfvp2 x1j61x8r x1fcty0u xdj266r xat24cr xgzva0m xhhsvwb xxymvpz xlup9mm x1kky2od\">\n<!-- iframe plugin v.6.0 wordpress.org\/plugins\/iframe\/ -->\n<iframe loading=\"lazy\" src=\"https:\/\/www.instagram.com\/reel\/DKoaF80N-vM\/embed\" width=\"460\" height=\"600\" 0=\"\/iframe\" scrolling=\"yes\" class=\"iframe-class\" frameborder=\"0\"><\/iframe>\n<\/span><\/p>\n<\/div>\n<div class=\"x9f619 xjbqb8w x78zum5 x168nmei x13lgxp2 x5pf9jr xo71vjh x2fvf9 x1n2onr6 x1plvlek xryxfnj x1c4vz4f x2lah0s xdt5ytf xqjyukv x1qjc9v5 x1oa3qoh x1nhvcw1\">\n<ul>\n<li><a href=\"https:\/\/www.instagram.com\/piedresnelcamin\/\">piedresnelcamin<\/a><\/li>\n<\/ul>\n<\/div>\n<div class=\"xt0psk2\">\n<p class=\"_ap3a _aaco _aacu _aacx _aad7 _aade\" dir=\"auto\">\u2728 <em>Esto que ta pasando n\u2019Asturies nun ye una fuelga m\u00e1s, ye una llecci\u00f3n. Un momentu hist\u00f3ricu que marca\u2019l presente y condiciona\u2019l futuru de la escuela p\u00fablica. <\/em><\/p>\n<p class=\"_ap3a _aaco _aacu _aacx _aad7 _aade\" dir=\"auto\"><em>Hai intentos de enfrentar, de crear distancies onde nun les hai. Pero nun podemos dexar que eso nos ciegue. La protesta tien formes distintes, y cada persona tien derechu a escoyer la so. Lo importante ye entender lo que nos xugamos agora y respetanos nel cam\u00edn. <\/em><br \/>\n<strong><em>Pola escuela p\u00fablica.<\/em><\/strong><\/p>\n<\/div>\n","protected":false},"excerpt":{"rendered":"<p>piedresnelcamin \u2728 Esto que ta pasando n\u2019Asturies nun ye una fuelga m\u00e1s, ye una llecci\u00f3n. Un momentu hist\u00f3ricu que marca\u2019l presente y condiciona\u2019l futuru de la escuela p\u00fablica. Hai intentos de enfrentar, de crear distancies onde nun les hai. Pero nun podemos dexar que eso nos ciegue. La protesta tien formes distintes, y cada persona [&hellip;]<\/p>\n","protected":false},"author":117,"featured_media":0,"comment_status":"open","ping_status":"open","sticky":false,"template":"","format":"standard","meta":{"footnotes":""},"categories":[451],"tags":[],"class_list":["post-50369","post","type-post","status-publish","format-standard","hentry","category-fuelga"],"_links":{"self":[{"href":"https:\/\/edublog.educastur.es\/ixuxu\/wp-json\/wp\/v2\/posts\/50369","targetHints":{"allow":["GET"]}}],"collection":[{"href":"https:\/\/edublog.educastur.es\/ixuxu\/wp-json\/wp\/v2\/posts"}],"about":[{"href":"https:\/\/edublog.educastur.es\/ixuxu\/wp-json\/wp\/v2\/types\/post"}],"author":[{"embeddable":true,"href":"https:\/\/edublog.educastur.es\/ixuxu\/wp-json\/wp\/v2\/users\/117"}],"replies":[{"embeddable":true,"href":"https:\/\/edublog.educastur.es\/ixuxu\/wp-json\/wp\/v2\/comments?post=50369"}],"version-history":[{"count":2,"href":"https:\/\/edublog.educastur.es\/ixuxu\/wp-json\/wp\/v2\/posts\/50369\/revisions"}],"predecessor-version":[{"id":50387,"href":"https:\/\/edublog.educastur.es\/ixuxu\/wp-json\/wp\/v2\/posts\/50369\/revisions\/50387"}],"wp:attachment":[{"href":"https:\/\/edublog.educastur.es\/ixuxu\/wp-json\/wp\/v2\/media?parent=50369"}],"wp:term":[{"taxonomy":"category","embeddable":true,"href":"https:\/\/edublog.educastur.es\/ixuxu\/wp-json\/wp\/v2\/categories?post=50369"},{"taxonomy":"post_tag","embeddable":true,"href":"https:\/\/edublog.educastur.es\/ixuxu\/wp-json\/wp\/v2\/tags?post=50369"}],"curies":[{"name":"wp","href":"https:\/\/api.w.org\/{rel}","templated":true}]}}