{"id":50383,"date":"2025-06-08T10:00:07","date_gmt":"2025-06-08T08:00:07","guid":{"rendered":"https:\/\/edublog.educastur.es\/ixuxu\/?p=50383"},"modified":"2025-06-09T10:49:27","modified_gmt":"2025-06-09T08:49:27","slug":"50383","status":"publish","type":"post","link":"https:\/\/edublog.educastur.es\/ixuxu\/2025\/06\/50383\/","title":{"rendered":"\u00ab\u00a1Viva la escuela p\u00fablica!"},"content":{"rendered":"<p style=\"text-align: center\"><a href=\"https:\/\/estaticos-cdn.prensaiberica.es\/clip\/75ad7d89-7ec3-4cb1-b6eb-92972bbbc0d1_16-9-discover-aspect-ratio_default_0.webp\"><img loading=\"lazy\" decoding=\"async\" class=\"aligncenter size-large\" src=\"https:\/\/estaticos-cdn.prensaiberica.es\/clip\/75ad7d89-7ec3-4cb1-b6eb-92972bbbc0d1_16-9-discover-aspect-ratio_default_0.webp\" width=\"1200\" height=\"675\" \/><\/a><\/p>\n<ul>\n<li>Fonte:<a href=\"https:\/\/www.lne.es\/asturias\/2025\/06\/08\/directores-colegio-dimitieron-bloque-exhiben-118372573.html\"> LNE<\/a> \/<\/li>\n<\/ul>\n<p>Terrible y madrugadora respuesta de los directores de colexu asturianos a la rueda de prensa convocada para esta ma\u00f1ana nel IES La Er\u00eda d&#8217;Uvi\u00e9u. Un ensame de xefatures docentes, les mesmes qu&#8217;esta selmana anunciaron la so dimisi\u00f3n en bloque, concentr\u00f3se, poco primero de les 10.30 hores, nos esteriores del centru de la capital asturiana al berru de <em><span style=\"color: #008080\"><strong>\u00ab\u00a1Viva la escuela p\u00fablica! y \u00ab\u00a1Nin un pasu tras!\u00bb.<\/strong><\/span><\/em> Los equipos dimisionarios son alredor d&#8217;un centenar.<\/p>\n<p><!--more--><\/p>\n<p>La so comparecencia \u00e9nte los medios de comunicaci\u00f3n va sirvir pa esplicar los motivos de les sos dimisiones, que per otra parte el Princip\u00e1u entiende que queden conxelaes. Eso ye: mientres l&#8217;Alministraci\u00f3n nun apruebe los sos ceses, los directores van tener que siguir nel so puestu esti llunes y, poro, los colexos van abrir ma\u00f1ana con \u00abcierta normalid\u00e1\u00bb.<\/p>\n<p style=\"text-align: center\"><a href=\"https:\/\/estaticos-cdn.prensaiberica.es\/clip\/7ad9009d-eb4e-4624-97a8-54d06b9d4596_source-aspect-ratio_default_0.webp\"><img loading=\"lazy\" decoding=\"async\" class=\"aligncenter size-large\" src=\"https:\/\/estaticos-cdn.prensaiberica.es\/clip\/7ad9009d-eb4e-4624-97a8-54d06b9d4596_source-aspect-ratio_default_0.webp\" width=\"2000\" height=\"1500\" \/><\/a>Equipos directivos, nos esteriores del IES La Er\u00eda d&#8217;Uvi\u00e9u<\/p>\n<p><em>\u00abLa llei obl\u00edgame a dotar al mio centru d&#8217;unos recursos que nun tengo. Nun queremos ser c\u00f3mplices de siguir asina. Por esi motivu dimos pasu al frente. Nun ye xuna cuesti\u00f3n econ\u00f3mica. Ye la dignid\u00e1 y la calid\u00e1 de la educaci\u00f3n\u00bb<\/em>, dixo na rueda de prensa d&#8217;esta ma\u00f1ana In\u00e9s Estrada, directora d&#8217;un colexu. L&#8217;IES La Er\u00eda ta aborratado de profesores tantu per dientro como per fora.<\/p>\n<p>Con esta nueva movilizaci\u00f3n, el profesor\u00e1u asturianu, que ta en fuelga indefinida, esibe una vegada m\u00e1s fuerza y unid\u00e1 antes de la gran concentraci\u00f3n entamada pa g\u00fcei (a les 12.00 hores) na Plaza d&#8217;Espa\u00f1a d&#8217;Uvi\u00e9u, delantre de la see de la Conseyer\u00eda d&#8217;Educaci\u00f3n. Nella van tar los cinco sindicatos qu&#8217;encabecen les movilizaciones: ANPE, CC OO, UXT, SUATEA y CSIF. El Gobiernu d&#8217;Adri\u00e1n Barb\u00f3n y\u00e1 cit\u00f3 a los representantes de ca\u00fanu d&#8217;ellos pa retomar les negociaciones esti llunes a les 10.30 hores.<\/p>\n","protected":false},"excerpt":{"rendered":"<p>Fonte: LNE \/ Terrible y madrugadora respuesta de los directores de colexu asturianos a la rueda de prensa convocada para esta ma\u00f1ana nel IES La Er\u00eda d&#8217;Uvi\u00e9u. Un ensame de xefatures docentes, les mesmes qu&#8217;esta selmana anunciaron la so dimisi\u00f3n en bloque, concentr\u00f3se, poco primero de les 10.30 hores, nos esteriores del centru de la [&hellip;]<\/p>\n","protected":false},"author":117,"featured_media":0,"comment_status":"open","ping_status":"open","sticky":false,"template":"","format":"standard","meta":{"footnotes":""},"categories":[451],"tags":[],"class_list":["post-50383","post","type-post","status-publish","format-standard","hentry","category-fuelga"],"_links":{"self":[{"href":"https:\/\/edublog.educastur.es\/ixuxu\/wp-json\/wp\/v2\/posts\/50383","targetHints":{"allow":["GET"]}}],"collection":[{"href":"https:\/\/edublog.educastur.es\/ixuxu\/wp-json\/wp\/v2\/posts"}],"about":[{"href":"https:\/\/edublog.educastur.es\/ixuxu\/wp-json\/wp\/v2\/types\/post"}],"author":[{"embeddable":true,"href":"https:\/\/edublog.educastur.es\/ixuxu\/wp-json\/wp\/v2\/users\/117"}],"replies":[{"embeddable":true,"href":"https:\/\/edublog.educastur.es\/ixuxu\/wp-json\/wp\/v2\/comments?post=50383"}],"version-history":[{"count":4,"href":"https:\/\/edublog.educastur.es\/ixuxu\/wp-json\/wp\/v2\/posts\/50383\/revisions"}],"predecessor-version":[{"id":50460,"href":"https:\/\/edublog.educastur.es\/ixuxu\/wp-json\/wp\/v2\/posts\/50383\/revisions\/50460"}],"wp:attachment":[{"href":"https:\/\/edublog.educastur.es\/ixuxu\/wp-json\/wp\/v2\/media?parent=50383"}],"wp:term":[{"taxonomy":"category","embeddable":true,"href":"https:\/\/edublog.educastur.es\/ixuxu\/wp-json\/wp\/v2\/categories?post=50383"},{"taxonomy":"post_tag","embeddable":true,"href":"https:\/\/edublog.educastur.es\/ixuxu\/wp-json\/wp\/v2\/tags?post=50383"}],"curies":[{"name":"wp","href":"https:\/\/api.w.org\/{rel}","templated":true}]}}