{"id":50389,"date":"2025-06-08T09:00:23","date_gmt":"2025-06-08T07:00:23","guid":{"rendered":"https:\/\/edublog.educastur.es\/ixuxu\/?p=50389"},"modified":"2025-06-12T11:16:16","modified_gmt":"2025-06-12T09:16:16","slug":"dia-mundial-de-los-oceanos-5","status":"publish","type":"post","link":"https:\/\/edublog.educastur.es\/ixuxu\/2025\/06\/dia-mundial-de-los-oceanos-5\/","title":{"rendered":"D\u00eda Mundial de los Oc\u00e9anos"},"content":{"rendered":"<p>Los oc\u00e9anos cubren aprosimao&#8217;l 71 % de la superficie de la Tierra y alluguen m\u00e1s del 90 % de l&#8217;agua del planeta. Son el llar de millones d&#8217;especies, munches d&#8217;elles ent\u00e1 desconoc\u00edes para la ciencia.<\/p>\n<p style=\"text-align: center\">\n<!-- iframe plugin v.6.0 wordpress.org\/plugins\/iframe\/ -->\n<iframe loading=\"lazy\" src=\"https:\/\/www.facebook.com\/plugins\/post.php?href=https%3A%2F%2Fwww.facebook.com%2Ffundacionbiodiversidad%2Fposts%2Fpfbid02pYaqWwxa1ifx8U6Dk6SCtVcCggjQbfbhbYrWf9VufXjXDLosN1NtYaXJQeqLm1FMl&#038;show_text=false&#038;width=500\" width=\"500\" height=\"498\" style=\"border:none;overflow:hidden\" scrolling=\"no\" frameborder=\"0\" allowfullscreen=\"true\" allow=\"autoplay; clipboard-write; encrypted-media; picture-in-picture; web-share\" 0=\"\/iframe\" class=\"iframe-class\"><\/iframe>\n<\/p>\n<p>El D\u00eda Mundial de los Oc\u00e9anos, proclam\u00e1u pola ONU, ye una oportunid\u00e1 para cavilgar sobro la so importancia, pero tami\u00e9n p&#8217;actuar frente al so deterioru.<\/p>\n<p><!--more--><\/p>\n<div class=\"html-div xdj266r x14z9mp xat24cr x1lziwak xsag5q8 xz9dl7a xv54qhq xf7dkkf x1jx94hy\">\n<div class=\"html-div xdj266r x14z9mp xat24cr x1lziwak xexx8yu xyri2b x18d9i69 x1c1uobl x78zum5 x1q0g3np x1ba4aug\">\n<div class=\"html-div xdj266r x14z9mp xat24cr x1lziwak xexx8yu xyri2b x18d9i69 x1c1uobl x1iyjqo2 xeuugli\">\n<div class=\"x78zum5 xdt5ytf xz62fqu x16ldp7u\">\n<div class=\"xu06os2 x1ok221b\">\n<div class=\"html-div xdj266r xat24cr x1lziwak xexx8yu xyri2b x18d9i69 x1c1uobl x78zum5 x2lah0s xqtp20y x1xegmmw\">\n<div class=\"xc9qbxq x14qfxbe x6s0dn4 x78zum5 xl56j7k\">\n<div class=\"\"><\/div>\n<\/div>\n<\/div>\n<div class=\"html-div xdj266r x14z9mp xat24cr x1lziwak xexx8yu xyri2b x18d9i69 x1c1uobl\" dir=\"auto\">\n<div class=\"html-div xdj266r x14z9mp xat24cr x1lziwak xexx8yu xyri2b x18d9i69 x1c1uobl\" dir=\"auto\">\n<div class=\"html-div xdj266r x14z9mp xat24cr x1lziwak xexx8yu xyri2b x18d9i69 x1c1uobl\" data-ad-rendering-role=\"story_message\">\n<div class=\"x1l90r2v x1iorvi4 x1g0dm76 xpdmqnj\" data-ad-comet-preview=\"message\" data-ad-preview=\"message\">\n<div class=\"x78zum5 xdt5ytf xz62fqu x16ldp7u\">\n<div class=\"xu06os2 x1ok221b\">\n<div class=\"html-div xdj266r x14z9mp xat24cr x1lziwak xexx8yu xyri2b x18d9i69 x1c1uobl\">\n<div class=\"xdj266r x14z9mp xat24cr x1lziwak x1vvkbs x126k92a\"><\/div>\n<div class=\"x14z9mp xat24cr x1lziwak x1vvkbs xtlvy1s x126k92a\">\n<div dir=\"auto\"><em><span style=\"color: #008080\">Angua\u00f1o hai ente 75 y 199 millones de tonelaes de pl\u00e1sticu nel oc\u00e9anu , poniendo en riesgu la vida marina y los ecosistemes. Amenorgar pl\u00e1sticos d&#8217;un solu usu, xestionar bien les borrafes y reciclar, ye clave pa protexelos.<\/span><\/em><\/div>\n<\/div>\n<\/div>\n<\/div>\n<\/div>\n<\/div>\n<\/div>\n<\/div>\n<\/div>\n<ul>\n<li class=\"html-h3 x14z9mp xat24cr x1lziwak xexx8yu xyri2b x18d9i69 x1c1uobl x1vvkbs x1heor9g x1qlqyl8 x1pd3egz x1a2a7pz x1gslohp x1yc453h\"><span class=\"xt0psk2\"><a class=\"x1i10hfl xjbqb8w x1ejq31n x18oe1m7 x1sy0etr xstzfhl x972fbf x10w94by x1qhh985 x14e42zd x9f619 x1ypdohk xt0psk2 xe8uvvx xdj266r x14z9mp xat24cr x1lziwak xexx8yu xyri2b x18d9i69 x1c1uobl x16tdsg8 x1hl2dhg xggy1nq x1a2a7pz xkrqix3 x1sur9pj xzsf02u x1s688f\" role=\"link\" href=\"https:\/\/www.facebook.com\/fundacionbiodiversidad?__cft__[0]=AZUKfdF3lkQS42E1ILOeD0o-EK7P5tYElPAJT-QNoQ65MC26db-BDihWV5z_RG_ORvGdLmzzScubNygSC53pgVMegay3vmXn4IgnIdl_zUIMTXodBUo3DYTlu5V6su9Ab4-tf3o0hrP3_oGWfMgQ8D8MV7O9XEUGjIsuxl09mmX5HZU461dl-Wk_EqFpi-MT80o&amp;__tn__=-UC%2CPH-R\"><strong class=\"html-strong xdj266r x14z9mp xat24cr x1lziwak xexx8yu xyri2b x18d9i69 x1c1uobl x1hl2dhg x16tdsg8 x1vvkbs x1s688f\"><span class=\"html-span xdj266r x14z9mp xat24cr x1lziwak xexx8yu xyri2b x18d9i69 x1c1uobl x1hl2dhg x16tdsg8 x1vvkbs\">Fundaci\u00f3n Biodiversidad<\/span><\/strong><\/a><\/span><\/li>\n<\/ul>\n<\/div>\n<div class=\"xu06os2 x1ok221b\"><\/div>\n<\/div>\n<\/div>\n<\/div>\n<\/div>\n<div class=\"html-div xdj266r x14z9mp xat24cr x1lziwak xexx8yu xyri2b x18d9i69 x1c1uobl\">\n<div class=\"html-div xdj266r x14z9mp xat24cr x1lziwak xexx8yu xyri2b x18d9i69 x1c1uobl\" dir=\"auto\">\n<div class=\"html-div xdj266r x14z9mp xat24cr x1lziwak xexx8yu xyri2b x18d9i69 x1c1uobl\" dir=\"auto\">\n<div class=\"html-div xdj266r x14z9mp xat24cr x1lziwak xexx8yu xyri2b x18d9i69 x1c1uobl\" data-ad-rendering-role=\"story_message\">\n<div class=\"x1l90r2v x1iorvi4 x1g0dm76 xpdmqnj\" data-ad-comet-preview=\"message\" data-ad-preview=\"message\">\n<div class=\"x78zum5 xdt5ytf xz62fqu x16ldp7u\">\n<div class=\"xu06os2 x1ok221b\">\n<div class=\"html-div xdj266r x14z9mp xat24cr x1lziwak xexx8yu xyri2b x18d9i69 x1c1uobl\">\n<div class=\"x14z9mp xat24cr x1lziwak x1vvkbs xtlvy1s x126k92a\">\n<div dir=\"auto\"><em><span style=\"color: #008080\"><strong>L&#8217;oc\u00e9anu:<\/strong><\/span><\/em><\/div>\n<ul>\n<li dir=\"auto\"><em><span style=\"color: #008080\">Cubre&#8217;l 70% de la superficie del nuesu planeta <\/span><\/em><\/li>\n<li dir=\"auto\"><em><span style=\"color: #008080\">Alluga&#8217;l 80% de la biodiversid\u00e1 <\/span><\/em><\/li>\n<li dir=\"auto\"><em><span style=\"color: #008080\">Produz el 50% del os\u00edxenu <\/span><\/em><\/li>\n<li dir=\"auto\"><em><span style=\"color: #008080\">Absuerbe un 30% del CO2 qu&#8217;emitimos<\/span><\/em><\/li>\n<li dir=\"auto\"><em><span style=\"color: #008080\">Xenera empl\u00e9u <\/span><\/em><\/li>\n<li dir=\"auto\"><em><span style=\"color: #008080\">Ye fonte d&#8217;alimentu\u00a0<\/span><\/em><\/li>\n<\/ul>\n<\/div>\n<\/div>\n<\/div>\n<\/div>\n<\/div>\n<\/div>\n<\/div>\n<\/div>\n<\/div>\n<p style=\"text-align: center\">\n<!-- iframe plugin v.6.0 wordpress.org\/plugins\/iframe\/ -->\n<iframe loading=\"lazy\" src=\"https:\/\/www.facebook.com\/plugins\/post.php?href=https%3A%2F%2Fwww.facebook.com%2FDGDCUNAM%2Fposts%2Fpfbid0KZWnujrztfM51jNfTCEVAK5gTZQjCrKzL4pAC8NWbPocB7vE3bGvEW4kwtHXtigHl&#038;show_text=false&#038;width=500\" width=\"500\" height=\"498\" style=\"border:none;overflow:hidden\" scrolling=\"no\" frameborder=\"0\" allowfullscreen=\"true\" allow=\"autoplay; clipboard-write; encrypted-media; picture-in-picture; web-share\" 0=\"\/iframe\" class=\"iframe-class\"><\/iframe>\n<\/p>\n<div class=\"html-div xdj266r x14z9mp xat24cr x1lziwak xexx8yu x1a8lsjc xf7dkkf xv54qhq\">\n<div class=\"html-div xdj266r x14z9mp xat24cr x1lziwak xexx8yu xyri2b x18d9i69 x1c1uobl x1jx94hy x78zum5 x1q0g3np\">\n<div class=\"x78zum5 xdt5ytf xz62fqu x16ldp7u\">\n<div class=\"xu06os2 x1ok221b\">\n<div class=\"html-div xdj266r x14z9mp xat24cr x1lziwak xexx8yu xyri2b x18d9i69 x1c1uobl\" data-ad-rendering-role=\"profile_name\">\n<p>&nbsp;<\/p>\n<p>La so vasta estensi\u00f3n non solo regula la temperatura global, sin\u00f3n que tami\u00e9n desempe\u00f1a un papel clave nel ciclu del carbonu y na xeneraci\u00f3n d&#8217;os\u00edxenu al travi\u00e9s del fitoplancton mar\u00edn.<\/p>\n<p>Cada segundu, los oc\u00e9anos absuerben grandes cantidaes de di\u00f3xidu de carbonu (CO\u2082), actuando como un amortiguador natural contra&#8217;l camb\u00e9u clim\u00e1ticu. Tami\u00e9n infl\u00fain en el patrones meteorol\u00f3xicu y clim\u00e1ticu globales al travi\u00e9s de les corrientes oce\u00e1niques, que distrib\u00fain el calor dende los tr\u00f3picos escontra los polos, permediando les temperatures en tol planeta.<\/p>\n<p>El D\u00eda Mundial de los Oc\u00e9anos, proclam\u00e1u pola ONU, ye una oportunid\u00e1 para cavilgar sobro la so importancia, pero tami\u00e9n p&#8217;actuar frente al so deterioru. La contaminaci\u00f3n por pl\u00e1sticos, la sobrepesca y l&#8217;aumentu de l&#8217;acidez amenacien los ecosistemes marinos. Curiar los oc\u00e9anos nun ye solo protexer la vida marina, sin\u00f3n caltener l&#8217;equilibriu del planeta y de nuesa mesma esistencia.<\/p>\n<h3 class=\"html-h3 x14z9mp xat24cr x1lziwak xexx8yu xyri2b x18d9i69 x1c1uobl x1vvkbs x1heor9g x1qlqyl8 x1pd3egz x1a2a7pz x1gslohp x1yc453h\"><span class=\"x1lliihq x6ikm8r x10wlt62 x1n2onr6\"><span class=\"xt0psk2\"><a class=\"x1i10hfl xjbqb8w x1ejq31n x18oe1m7 x1sy0etr xstzfhl x972fbf x10w94by x1qhh985 x14e42zd x9f619 x1ypdohk xt0psk2 xe8uvvx xdj266r x14z9mp xat24cr x1lziwak xexx8yu xyri2b x18d9i69 x1c1uobl x16tdsg8 x1hl2dhg xggy1nq x1a2a7pz xkrqix3 x1sur9pj xzsf02u x1s688f\" role=\"link\" href=\"https:\/\/www.facebook.com\/contemplandoelcosmos?__cft__[0]=AZVkFbTVgn8VVblG3LyBcSgxvAb1v2KfPQNg6u9v9_ZwZ5bTZXkkHzbzHHPHG8wqO75qYAd1cUkaRfxxhuBgKGdA9BXs-o8RiSAMxEEmaBfeLlwz-KjaaaN3KFohbJLkg2HMm1L0BK7_Pl_cmplFb0KGVacW9gK6Xz62j4kUzuX288Z5s_P1zYISoCAzNqS_C9A4fI6buf3d95fo9GzyRSrOT2USI25mz7lTzzKnE10zTw&amp;__tn__=-UC%2CP-y-R\"><strong class=\"html-strong xdj266r x14z9mp xat24cr x1lziwak xexx8yu xyri2b x18d9i69 x1c1uobl x1hl2dhg x16tdsg8 x1vvkbs x1s688f\"><span class=\"html-span xdj266r x14z9mp xat24cr x1lziwak xexx8yu xyri2b x18d9i69 x1c1uobl x1hl2dhg x16tdsg8 x1vvkbs\">Contemplando El Cosmos<\/span><\/strong><\/a><\/span><span class=\"html-span xdj266r x14z9mp xat24cr x1lziwak xexx8yu xyri2b x18d9i69 x1c1uobl x1hl2dhg x16tdsg8 x1vvkbs x1dor1uw x1n2onr6 xxymvpz\">\u00a0<\/span><\/span><\/h3>\n<p style=\"text-align: center\">\n<!-- iframe plugin v.6.0 wordpress.org\/plugins\/iframe\/ -->\n<iframe loading=\"lazy\" src=\"https:\/\/www.facebook.com\/plugins\/post.php?href=https%3A%2F%2Fwww.facebook.com%2Ffundacionbiodiversidad%2Fposts%2Fpfbid05Sf4e8rqycbHRfgxPrhVcyWH5dXbywDQ1vgQ8eTSKACXpeEB7jWeizzFgcFFNY2gl&#038;show_text=false&#038;width=500\" width=\"500\" height=\"498\" style=\"border:none;overflow:hidden\" scrolling=\"no\" frameborder=\"0\" allowfullscreen=\"true\" allow=\"autoplay; clipboard-write; encrypted-media; picture-in-picture; web-share\" 0=\"\/iframe\" class=\"iframe-class\"><\/iframe>\n<\/p>\n<p><a href=\"https:\/\/scontent-mad1-1.xx.fbcdn.net\/v\/t39.30808-6\/505153087_1133439738821171_1484912196480421237_n.jpg?_nc_cat=101&amp;ccb=1-7&amp;_nc_sid=127cfc&amp;_nc_ohc=DvaAV3c9hbIQ7kNvwGw3s1c&amp;_nc_oc=AdnO7jBuEwOC_Rzr6n0wW-5F__cD09HYG9R8_Be7QoHaWfNuxDZ2DF4GZQdW6tpNJnU&amp;_nc_zt=23&amp;_nc_ht=scontent-mad1-1.xx&amp;_nc_gid=31NhDE2zfaqpfloSxmK97Q&amp;oh=00_AfPeywohlAQSt4RLPGburJJN6FZbaTFaO51YgRaSorrZBw&amp;oe=684D3168\">Imaxe<\/a><\/p>\n<ul>\n<li>Solo con un oc\u00e9anu saludable podemos construyir un futuru m\u00e1s sanu y xustu: \ud83d\udc1f +3.000 millones de persones dependen d&#8217;\u00e9l como la so principal fonte de prote\u00ednes \/ \ud83c\udf0a En 2030, 40 millones de persones van trabayar n&#8217;industries rellacionaes col oc\u00e9anu<\/li>\n<\/ul>\n<p style=\"text-align: center\">\n<!-- iframe plugin v.6.0 wordpress.org\/plugins\/iframe\/ -->\n<iframe loading=\"lazy\" src=\"https:\/\/www.facebook.com\/plugins\/post.php?href=https%3A%2F%2Fwww.facebook.com%2Ffundacionbiodiversidad%2Fposts%2Fpfbid026SY9VZcLRB26Q2DCyfr8Sf75z6o4QcScoqE3gni3oKxy3McAXTdEayABAvJKMutil&#038;show_text=false&#038;width=500\" width=\"500\" height=\"498\" style=\"border:none;overflow:hidden\" scrolling=\"no\" frameborder=\"0\" allowfullscreen=\"true\" allow=\"autoplay; clipboard-write; encrypted-media; picture-in-picture; web-share\" 0=\"\/iframe\" class=\"iframe-class\"><\/iframe>\n<\/p>\n<\/div>\n<\/div>\n<div class=\"html-div xdj266r x14z9mp xat24cr x1lziwak xexx8yu xyri2b x18d9i69 x1c1uobl x1q0g3np\" style=\"text-align: center\">\n<!-- iframe plugin v.6.0 wordpress.org\/plugins\/iframe\/ -->\n<iframe loading=\"lazy\" src=\"https:\/\/www.facebook.com\/plugins\/post.php?href=https%3A%2F%2Fwww.facebook.com%2Ffundacionbiodiversidad%2Fposts%2Fpfbid0M3TvMR38iSjAyp8897Y4f3pvnji4Wd5ivRFUfJF66qZQedNx216kcDDBriH1yXF6l&#038;show_text=false&#038;width=500\" width=\"500\" height=\"498\" style=\"border:none;overflow:hidden\" scrolling=\"no\" frameborder=\"0\" allowfullscreen=\"true\" allow=\"autoplay; clipboard-write; encrypted-media; picture-in-picture; web-share\" 0=\"\/iframe\" class=\"iframe-class\"><\/iframe>\n<\/div>\n<\/div>\n<\/div>\n<\/div>\n<div class=\"html-div xdj266r x14z9mp xat24cr x1lziwak xexx8yu xyri2b x18d9i69 x1c1uobl\" dir=\"auto\">\n<div class=\"html-div xdj266r x14z9mp xat24cr x1lziwak xexx8yu xyri2b x18d9i69 x1c1uobl\" dir=\"auto\">\n<div class=\"html-div xdj266r x14z9mp xat24cr x1lziwak xexx8yu xyri2b x18d9i69 x1c1uobl\" data-ad-rendering-role=\"story_message\">\n<div class=\"x1l90r2v x1iorvi4 x1g0dm76 xpdmqnj\" data-ad-comet-preview=\"message\" data-ad-preview=\"message\">\n<div class=\"x78zum5 xdt5ytf xz62fqu x16ldp7u\">\n<div class=\"xu06os2 x1ok221b\">\n<div class=\"html-div xdj266r x14z9mp xat24cr x1lziwak xexx8yu xyri2b x18d9i69 x1c1uobl\">\n<div class=\"xdj266r x14z9mp xat24cr x1lziwak x1vvkbs x126k92a\"><\/div>\n<div class=\"x14z9mp xat24cr x1lziwak x1vvkbs xtlvy1s x126k92a\">\n<div dir=\"auto\"><\/div>\n<\/div>\n<\/div>\n<\/div>\n<\/div>\n<\/div>\n<\/div>\n<\/div>\n<\/div>\n","protected":false},"excerpt":{"rendered":"<p>Los oc\u00e9anos cubren aprosimao&#8217;l 71 % de la superficie de la Tierra y alluguen m\u00e1s del 90 % de l&#8217;agua del planeta. Son el llar de millones d&#8217;especies, munches d&#8217;elles ent\u00e1 desconoc\u00edes para la ciencia. El D\u00eda Mundial de los Oc\u00e9anos, proclam\u00e1u pola ONU, ye una oportunid\u00e1 para cavilgar sobro la so importancia, pero tami\u00e9n [&hellip;]<\/p>\n","protected":false},"author":117,"featured_media":0,"comment_status":"open","ping_status":"open","sticky":false,"template":"","format":"standard","meta":{"footnotes":""},"categories":[6],"tags":[],"class_list":["post-50389","post","type-post","status-publish","format-standard","hentry","category-dia-de"],"_links":{"self":[{"href":"https:\/\/edublog.educastur.es\/ixuxu\/wp-json\/wp\/v2\/posts\/50389","targetHints":{"allow":["GET"]}}],"collection":[{"href":"https:\/\/edublog.educastur.es\/ixuxu\/wp-json\/wp\/v2\/posts"}],"about":[{"href":"https:\/\/edublog.educastur.es\/ixuxu\/wp-json\/wp\/v2\/types\/post"}],"author":[{"embeddable":true,"href":"https:\/\/edublog.educastur.es\/ixuxu\/wp-json\/wp\/v2\/users\/117"}],"replies":[{"embeddable":true,"href":"https:\/\/edublog.educastur.es\/ixuxu\/wp-json\/wp\/v2\/comments?post=50389"}],"version-history":[{"count":9,"href":"https:\/\/edublog.educastur.es\/ixuxu\/wp-json\/wp\/v2\/posts\/50389\/revisions"}],"predecessor-version":[{"id":50666,"href":"https:\/\/edublog.educastur.es\/ixuxu\/wp-json\/wp\/v2\/posts\/50389\/revisions\/50666"}],"wp:attachment":[{"href":"https:\/\/edublog.educastur.es\/ixuxu\/wp-json\/wp\/v2\/media?parent=50389"}],"wp:term":[{"taxonomy":"category","embeddable":true,"href":"https:\/\/edublog.educastur.es\/ixuxu\/wp-json\/wp\/v2\/categories?post=50389"},{"taxonomy":"post_tag","embeddable":true,"href":"https:\/\/edublog.educastur.es\/ixuxu\/wp-json\/wp\/v2\/tags?post=50389"}],"curies":[{"name":"wp","href":"https:\/\/api.w.org\/{rel}","templated":true}]}}