{"id":50418,"date":"2025-06-08T16:30:54","date_gmt":"2025-06-08T14:30:54","guid":{"rendered":"https:\/\/edublog.educastur.es\/ixuxu\/?p=50418"},"modified":"2025-06-08T22:47:28","modified_gmt":"2025-06-08T20:47:28","slug":"cuantos-urogallos-hai-nel-cordal-cantabricu","status":"publish","type":"post","link":"https:\/\/edublog.educastur.es\/ixuxu\/2025\/06\/cuantos-urogallos-hai-nel-cordal-cantabricu\/","title":{"rendered":"\u00bfCu\u00e1ntos urogallos hai nel Cordal Cant\u00e1bricu?"},"content":{"rendered":"<ul>\n<li>Fonte: <a href=\"https:\/\/www.lne.es\/asturias\/2025\/06\/07\/lenta-recuperacion-urogallo-18-ejemplares-118344019.html?utm_medium=Social&amp;utm_campaign=Echobox&amp;utm_source=Facebook&amp;fbclid=IwY2xjawKy06pleHRuA2FlbQIxMABicmlkETFraHhJTDUxVThxQm9IcU9kAR6agJq1vIE6vzQewIFv43AFdscQIoHlA4yVSW4Qct7bw0x4eUXsATl2x982Lw_aem_44cM5m-rkHOfnpV6A-8WYw#Echobox=1749278076\">LNE<\/a> \/ <a href=\"https:\/\/www.diariodevalderrueda.es\/texto-diario\/mostrar\/5322015\/poblacion-urogallo-cantabrico-crece-hasta-209-ejemplares-2024\">Diario Valderueda<\/a> \/<\/li>\n<\/ul>\n<p style=\"text-align: center\"><a href=\"https:\/\/estaticos-cdn.prensaiberica.es\/clip\/1ecf730d-35c3-40be-9971-99732840cd05_16-9-discover-aspect-ratio_default_0.webp\"><img loading=\"lazy\" decoding=\"async\" class=\"aligncenter size-large\" src=\"https:\/\/estaticos-cdn.prensaiberica.es\/clip\/1ecf730d-35c3-40be-9971-99732840cd05_16-9-discover-aspect-ratio_default_0.webp\" width=\"1200\" height=\"675\" \/><\/a><\/p>\n<p>\u00bfCu\u00e1ntos urogallos hai nel Cordal Cant\u00e1bricu? <strong>La especie recup\u00e9rase, pero bien lentamente<\/strong>. El Cordal suma 209 aves, un 33% nel Suroccidente de la rex\u00f3n y el restu en Lli\u00f3n. \u00abHai bones resultancies, pero queda enforma por faer\u00bb, diz el Princip\u00e1u.<\/p>\n<p><!--more--><\/p>\n<p>El urogallo recup\u00e9rase, pero bien lentamente y de forma contenida. Seg\u00fan los datos del <strong>\u00faltimu censu, de 2024, son 209 exemplares los que se cunten nel Cordal Cant\u00e1bricu, ente Asturies y Lli\u00f3n, un 8% m\u00e1s que cinco a\u00f1os antes<\/strong>, y\u00e1 que nel muestreo de 2019 fueron 191 aves les contabilizaes. Anque hai ameyoramientu, tanto&#8217;l Ministeriu de Transici\u00f3n Ecol\u00f3xica como la Conseyer\u00eda de Mediu Rural del Princip\u00e1u prefieren ser prudentes na so valoraci\u00f3n.<\/p>\n<p><em>\u00abAnque se t\u00e1n llogrando bones resultancies, ent\u00e1 queda enforma por faer y ent\u00e1 rique un gran esfuerzu al llargu plazu\u00bb,<\/em> almite&#8217;l director xeneral de Planificaci\u00f3n Agraria, Marcos da Rocha, de quien depende la xesti\u00f3n de la especie n&#8217;Asturies.<\/p>\n<p>El Princip\u00e1u forma parte, al pie de Castiella y Lli\u00f3n y Cantabria, del grupu de trabayu impuls\u00e1u pol Ministeriu de Transici\u00f3n Ecol\u00f3xica <strong>en 2018 dempu\u00e9s de qu&#8217;el urogallo declar\u00e1rase situaci\u00f3n cr\u00edtica de peligru d&#8217;estinci\u00f3n.<\/strong> El Ministeriu valora la evoluci\u00f3n de l&#8217;ave nos mesmos t\u00e9rminos que&#8217;l Princip\u00e1u: \u00abEnt\u00e1 queda un llargu y complexu cam\u00edn por percorrer. Son apenes dos centenares d&#8217;individuos, ye la segunda estimaci\u00f3n poblacional, polo que resulta prematuru estrayer conclusiones sobro l&#8217;encl\u00edn\u00bb.<\/p>\n<p style=\"text-align: center\"><a href=\"https:\/\/www.diariodevalderrueda.es\/images\/showid2\/429590?w=1200&amp;zc=4\"><img loading=\"lazy\" decoding=\"async\" class=\"aligncenter size-large\" src=\"https:\/\/www.diariodevalderrueda.es\/images\/showid2\/429590?w=1200&amp;zc=4\" width=\"972\" height=\"551\" \/><\/a><\/p>\n<p>De los 209 urogallos, <strong>el 67% concentrar na provincia lleonesa<\/strong> (Alto Sil, L.laciana y Oma\u00f1a; y en menor midida en Ancares y Bierzo) <strong>y el restu n&#8217;Asturies; en Dega\u00f1a, Cangas de Narcea y Ibias.<\/strong> Neng\u00fan en Cantabria. El 56% son machos (117) y el 44%, femes (92), colo que se repara un mayor equilibriu que nel anterior rexistru, cuando&#8217;l 68,5% yeren machos y 31,5%, femes.<\/p>\n<p>Los trabayos de campu fueron desenvueltos ente los meses d&#8217;abril a xunu de 2024 por personal de les comunidaes aut\u00f3nomes y el Ministeriu de Transici\u00f3n Ecol\u00f3xica. En total, muestrearon 320 unidaes o parceles, 177 n&#8217;Asturies y 143 en Lli\u00f3n, d&#8217;una superficie averada de 17,5 hect\u00e1rees ca\u00fana d&#8217;elles.<\/p>\n<p>El llargor total percorrida en zones cr\u00edtiques pa la localizaci\u00f3n d&#8217;escrementos de urogallo foi de 1.185 kil\u00f3metros: recoy\u00e9ronse 959 amueses totales que s&#8217;almacenaron ya identificaron darr\u00e9u pal so anal\u00eds xen\u00e9ticu, 719 en Castiella y Lli\u00f3n y 240 n&#8217;Asturies.<\/p>\n<p><em>\u00abConocer l&#8217;est\u00e1u de caltenimientu de la poblaci\u00f3n de la especie ye una de les ll\u00ednees prioritaries n&#8217;execuci\u00f3n dientro del programa de recuperaci\u00f3n\u00bb<\/em>, apunta Da Rocha. <em>\u00abEl grupu de trabayu ye un claru exemplu m\u00e1s de collaboraci\u00f3n ente alministraciones, cuntando tami\u00e9n con asesores esternos especialistes\u00bb.<\/em><\/p>\n<p>&nbsp;<\/p>\n","protected":false},"excerpt":{"rendered":"<p>Fonte: LNE \/ Diario Valderueda \/ \u00bfCu\u00e1ntos urogallos hai nel Cordal Cant\u00e1bricu? La especie recup\u00e9rase, pero bien lentamente. El Cordal suma 209 aves, un 33% nel Suroccidente de la rex\u00f3n y el restu en Lli\u00f3n. \u00abHai bones resultancies, pero queda enforma por faer\u00bb, diz el Princip\u00e1u.<\/p>\n","protected":false},"author":117,"featured_media":0,"comment_status":"open","ping_status":"open","sticky":false,"template":"","format":"standard","meta":{"footnotes":""},"categories":[1],"tags":[],"class_list":["post-50418","post","type-post","status-publish","format-standard","hentry","category-sin-categoria"],"_links":{"self":[{"href":"https:\/\/edublog.educastur.es\/ixuxu\/wp-json\/wp\/v2\/posts\/50418","targetHints":{"allow":["GET"]}}],"collection":[{"href":"https:\/\/edublog.educastur.es\/ixuxu\/wp-json\/wp\/v2\/posts"}],"about":[{"href":"https:\/\/edublog.educastur.es\/ixuxu\/wp-json\/wp\/v2\/types\/post"}],"author":[{"embeddable":true,"href":"https:\/\/edublog.educastur.es\/ixuxu\/wp-json\/wp\/v2\/users\/117"}],"replies":[{"embeddable":true,"href":"https:\/\/edublog.educastur.es\/ixuxu\/wp-json\/wp\/v2\/comments?post=50418"}],"version-history":[{"count":5,"href":"https:\/\/edublog.educastur.es\/ixuxu\/wp-json\/wp\/v2\/posts\/50418\/revisions"}],"predecessor-version":[{"id":50429,"href":"https:\/\/edublog.educastur.es\/ixuxu\/wp-json\/wp\/v2\/posts\/50418\/revisions\/50429"}],"wp:attachment":[{"href":"https:\/\/edublog.educastur.es\/ixuxu\/wp-json\/wp\/v2\/media?parent=50418"}],"wp:term":[{"taxonomy":"category","embeddable":true,"href":"https:\/\/edublog.educastur.es\/ixuxu\/wp-json\/wp\/v2\/categories?post=50418"},{"taxonomy":"post_tag","embeddable":true,"href":"https:\/\/edublog.educastur.es\/ixuxu\/wp-json\/wp\/v2\/tags?post=50418"}],"curies":[{"name":"wp","href":"https:\/\/api.w.org\/{rel}","templated":true}]}}