{"id":50432,"date":"2025-06-09T08:30:27","date_gmt":"2025-06-09T06:30:27","guid":{"rendered":"https:\/\/edublog.educastur.es\/ixuxu\/?p=50432"},"modified":"2025-06-08T22:53:16","modified_gmt":"2025-06-08T20:53:16","slug":"el-tiempu-el-comercio-61","status":"publish","type":"post","link":"https:\/\/edublog.educastur.es\/ixuxu\/2025\/06\/el-tiempu-el-comercio-61\/","title":{"rendered":"El tiempu (El Comercio)"},"content":{"rendered":"<p style=\"text-align: center\"><a href=\"https:\/\/s1.ppllstatics.com\/elcomercio\/www\/multimedia\/2025\/06\/08\/prevision-tiempo-asturias-kGUF-U2301948938566Ca-1200x860@El%20Comercio.jpg\"><img loading=\"lazy\" decoding=\"async\" class=\"aligncenter size-large\" src=\"https:\/\/s1.ppllstatics.com\/elcomercio\/www\/multimedia\/2025\/06\/08\/prevision-tiempo-asturias-kGUF-U2301948938566Ca-1200x860@El%20Comercio.jpg\" width=\"1200\" height=\"860\" \/><\/a><\/p>\n<ul>\n<li><span style=\"color: #008080\"><strong>Esperamos amanecer<\/strong> <\/span>con cielos bien nublos salvu nel terciu sur onde y\u00e1 va empezar el d\u00eda con sol.<\/li>\n<li><span style=\"color: #008080\"><strong>Conforme meyora la ma\u00f1ana<\/strong><\/span>, sobremanera a partir del mediud\u00eda, van abrise grandes claros en tola rex\u00f3n. Eso s\u00ed, van apaecer intervalos de nubes altes insignificantes que podr\u00eden dexar el cielu atapec\u00edu.<\/li>\n<li><span style=\"color: #008080\"><strong>La probabilid\u00e1 de precipitaciones<\/strong> <\/span>va ser bien baxa y, s\u00eda que non, nun se refuga que pueda escapase dalg\u00fan bastiu nel cordal pela tarde. Los vientos van soplar de nordeste-esti na mari\u00f1a con raches moderaes.<\/li>\n<li>Nel interior,<span style=\"color: #008080\"><strong> los vientos<\/strong> <\/span>van ser fluexos polo xeneral.<\/li>\n<li><span style=\"color: #008080\"><strong>Tocantes a les temperatures,<\/strong><\/span> van xubir les m\u00e1ximes en tol Princip\u00e1u y van facer de forma significativa nel sur y nel suroccidente asturianu. Les m\u00ednimes apenes van variar al respective de les anotaes el domingu.<\/li>\n<\/ul>\n<p><!--more--><\/p>\n<ul>\n<li><span style=\"color: #008080\"><strong>El martes<\/strong><\/span> volveremos amanecer con cielos nublos en gran parte de la rex\u00f3n, pero r\u00e1pido esta nubosidad dir\u00e1 esten\u00e1ndose polo que&#8217;l sol va cobrar protagonismu a la fin de la ma\u00f1ana.<\/li>\n<li><span style=\"color: #008080\"><strong>Pela tarde<\/strong> <\/span>vamos tener nubosidad d&#8217;evoluci\u00f3n con posibilid\u00e1 de nubes y xarazo nel cordal y con posibilid\u00e1 de que s&#8217;estiendan al restu del interior de forma puntual.<\/li>\n<li><span style=\"color: #008080\"><strong>Les temperatures m\u00e1ximes<\/strong><\/span> van xubir hasta 4 o 5 \u00baC m\u00e1s que&#8217;l llunes, de forma que se van superar con facilid\u00e1 los 25 \u00baC en munchos puntos d&#8217;Asturies.<\/li>\n<li><span style=\"color: #008080\"><strong>Les m\u00ednimes<\/strong><\/span> tami\u00e9n van xubir. Estes temperatures branices van siguir tami\u00e9n el mi\u00e9rcoles.<\/li>\n<\/ul>\n<p>&nbsp;<\/p>\n","protected":false},"excerpt":{"rendered":"<p>Esperamos amanecer con cielos bien nublos salvu nel terciu sur onde y\u00e1 va empezar el d\u00eda con sol. Conforme meyora la ma\u00f1ana, sobremanera a partir del mediud\u00eda, van abrise grandes claros en tola rex\u00f3n. Eso s\u00ed, van apaecer intervalos de nubes altes insignificantes que podr\u00eden dexar el cielu atapec\u00edu. La probabilid\u00e1 de precipitaciones va ser [&hellip;]<\/p>\n","protected":false},"author":117,"featured_media":0,"comment_status":"open","ping_status":"open","sticky":false,"template":"","format":"standard","meta":{"footnotes":""},"categories":[5],"tags":[],"class_list":["post-50432","post","type-post","status-publish","format-standard","hentry","category-tiempu"],"_links":{"self":[{"href":"https:\/\/edublog.educastur.es\/ixuxu\/wp-json\/wp\/v2\/posts\/50432","targetHints":{"allow":["GET"]}}],"collection":[{"href":"https:\/\/edublog.educastur.es\/ixuxu\/wp-json\/wp\/v2\/posts"}],"about":[{"href":"https:\/\/edublog.educastur.es\/ixuxu\/wp-json\/wp\/v2\/types\/post"}],"author":[{"embeddable":true,"href":"https:\/\/edublog.educastur.es\/ixuxu\/wp-json\/wp\/v2\/users\/117"}],"replies":[{"embeddable":true,"href":"https:\/\/edublog.educastur.es\/ixuxu\/wp-json\/wp\/v2\/comments?post=50432"}],"version-history":[{"count":1,"href":"https:\/\/edublog.educastur.es\/ixuxu\/wp-json\/wp\/v2\/posts\/50432\/revisions"}],"predecessor-version":[{"id":50433,"href":"https:\/\/edublog.educastur.es\/ixuxu\/wp-json\/wp\/v2\/posts\/50432\/revisions\/50433"}],"wp:attachment":[{"href":"https:\/\/edublog.educastur.es\/ixuxu\/wp-json\/wp\/v2\/media?parent=50432"}],"wp:term":[{"taxonomy":"category","embeddable":true,"href":"https:\/\/edublog.educastur.es\/ixuxu\/wp-json\/wp\/v2\/categories?post=50432"},{"taxonomy":"post_tag","embeddable":true,"href":"https:\/\/edublog.educastur.es\/ixuxu\/wp-json\/wp\/v2\/tags?post=50432"}],"curies":[{"name":"wp","href":"https:\/\/api.w.org\/{rel}","templated":true}]}}