{"id":50487,"date":"2025-06-09T14:00:23","date_gmt":"2025-06-09T12:00:23","guid":{"rendered":"https:\/\/edublog.educastur.es\/ixuxu\/?p=50487"},"modified":"2025-06-09T11:17:40","modified_gmt":"2025-06-09T09:17:40","slug":"50487","status":"publish","type":"post","link":"https:\/\/edublog.educastur.es\/ixuxu\/2025\/06\/50487\/","title":{"rendered":""},"content":{"rendered":"<p><span style=\"color: #800080;font-size: 20px\"><em>\u00abSomos seres entretex\u00edos de relatos, bordaos con filos de voces, d&#8217;hestoria, de filosof\u00eda y de ciencia, de lleis y lleendes. Por eso, la llectura va siguir curi\u00e1ndonos si curiamos d&#8217;ella. Nun puede sumir lo que nos salva. Los llibros recu\u00e9rdennos, serenos y siempres dispuestos a esplegase \u00e9nte los nuesos g\u00fceyos, que la sal\u00fa de les palabres enraiga\u00f1en nes editoriales, nes llibrer\u00edes, nos c\u00edrculos de llectures compart\u00edes, nes biblioteques, nes escueles. Ye ell\u00ed onde imaxinamos el futuru que nos xune\u00bb.<\/em><\/span><\/p>\n<p style=\"text-align: center\"><strong><em>Irene Vallejo<\/em><\/strong>: \u00abManifiestu pola llectura\u00bb (2020)<\/p>\n<p style=\"text-align: center\">\n<!-- iframe plugin v.6.0 wordpress.org\/plugins\/iframe\/ -->\n<iframe loading=\"lazy\" src=\"https:\/\/www.facebook.com\/plugins\/post.php?href=https%3A%2F%2Fwww.facebook.com%2FCMAtlacomulco%2Fposts%2Fpfbid029gVHJMWU9EsBSSJvUn526FZTmc3btyfzjrpM9o7zXGfwZmACjT47it7SCcejwYNal&#038;show_text=false&#038;width=500\" width=\"500\" height=\"498\" style=\"border:none;overflow:hidden\" scrolling=\"no\" frameborder=\"0\" allowfullscreen=\"true\" allow=\"autoplay; clipboard-write; encrypted-media; picture-in-picture; web-share\" 0=\"\/iframe\" class=\"iframe-class\"><\/iframe>\n<\/p>\n<p style=\"text-align: center\">Ilustraci\u00f3n: Valeriana Petrone<\/p>\n","protected":false},"excerpt":{"rendered":"<p>\u00abSomos seres entretex\u00edos de relatos, bordaos con filos de voces, d&#8217;hestoria, de filosof\u00eda y de ciencia, de lleis y lleendes. Por eso, la llectura va siguir curi\u00e1ndonos si curiamos d&#8217;ella. Nun puede sumir lo que nos salva. Los llibros recu\u00e9rdennos, serenos y siempres dispuestos a esplegase \u00e9nte los nuesos g\u00fceyos, que la sal\u00fa de les [&hellip;]<\/p>\n","protected":false},"author":117,"featured_media":0,"comment_status":"open","ping_status":"open","sticky":false,"template":"","format":"quote","meta":{"footnotes":""},"categories":[1],"tags":[],"class_list":["post-50487","post","type-post","status-publish","format-quote","hentry","category-sin-categoria","post_format-post-format-quote"],"_links":{"self":[{"href":"https:\/\/edublog.educastur.es\/ixuxu\/wp-json\/wp\/v2\/posts\/50487","targetHints":{"allow":["GET"]}}],"collection":[{"href":"https:\/\/edublog.educastur.es\/ixuxu\/wp-json\/wp\/v2\/posts"}],"about":[{"href":"https:\/\/edublog.educastur.es\/ixuxu\/wp-json\/wp\/v2\/types\/post"}],"author":[{"embeddable":true,"href":"https:\/\/edublog.educastur.es\/ixuxu\/wp-json\/wp\/v2\/users\/117"}],"replies":[{"embeddable":true,"href":"https:\/\/edublog.educastur.es\/ixuxu\/wp-json\/wp\/v2\/comments?post=50487"}],"version-history":[{"count":3,"href":"https:\/\/edublog.educastur.es\/ixuxu\/wp-json\/wp\/v2\/posts\/50487\/revisions"}],"predecessor-version":[{"id":50491,"href":"https:\/\/edublog.educastur.es\/ixuxu\/wp-json\/wp\/v2\/posts\/50487\/revisions\/50491"}],"wp:attachment":[{"href":"https:\/\/edublog.educastur.es\/ixuxu\/wp-json\/wp\/v2\/media?parent=50487"}],"wp:term":[{"taxonomy":"category","embeddable":true,"href":"https:\/\/edublog.educastur.es\/ixuxu\/wp-json\/wp\/v2\/categories?post=50487"},{"taxonomy":"post_tag","embeddable":true,"href":"https:\/\/edublog.educastur.es\/ixuxu\/wp-json\/wp\/v2\/tags?post=50487"}],"curies":[{"name":"wp","href":"https:\/\/api.w.org\/{rel}","templated":true}]}}