{"id":505,"date":"2020-05-17T08:34:46","date_gmt":"2020-05-17T08:34:46","guid":{"rendered":"https:\/\/edublog.educastur.es\/ixuxu\/?p=505"},"modified":"2020-08-24T19:35:12","modified_gmt":"2020-08-24T19:35:12","slug":"dia-mundial-dinternet","status":"publish","type":"post","link":"https:\/\/edublog.educastur.es\/ixuxu\/2020\/05\/dia-mundial-dinternet\/","title":{"rendered":"D\u00eda Mundial d\u00b4Internet"},"content":{"rendered":"<div class=\"entry\">\n<p><img loading=\"lazy\" decoding=\"async\" class=\"\" src=\"https:\/\/www.diadeinternet.org\/2020\/IMG\/arton25345.png?1589042836%20alt=%27%27\" width=\"518\" height=\"89\" \/><\/p>\n<p>Celebrose por primer vegada n\u2019Espa\u00f1a en 2005 a iniciativa de la<u><em>Asociaci\u00f3n d\u2019Usuarios d\u2019Internet <\/em><\/u>(<a href=\"http:\/\/www.aui.es\" target=\"_blank\" rel=\"noopener noreferrer\"><em>aui.es<\/em><\/a>). Ese mesmu a\u00f1u y tres l\u2019\u00e9situ de la campa\u00f1a n\u2019Espa\u00f1a, el Cume Mundial sobre la Socied\u00e1 de la Informaci\u00f3n solicita la ONU la declaraci\u00f3n del <strong><em>D\u00eda Mundial d\u2019Internet<\/em><\/strong>. En 2006 la ONU declara el 17 de mayu <em>D\u00eda Mundial de les Telecomunicaciones <\/em><em>y de la Socied\u00e1 de la Informaci\u00f3n.\u00a0 <\/em><\/p>\n<ul>\n<li><a href=\"https:\/\/www.diadeinternet.org\/2020\/?page=sommaire\" target=\"_blank\" rel=\"noopener noreferrer\"><u><em>P\u00e1xina oficial<br \/>\n<\/em><\/u><\/a><\/li>\n<li><u><em><a href=\"https:\/\/www.diadeinternet.org\/2020\/?page=new_post_blog&amp;id_article=25345\" target=\"_blank\" rel=\"noopener noreferrer\">Gu\u00eda<\/a><\/em><\/u><\/li>\n<li><a href=\"https:\/\/youtu.be\/c04nIBBUI-0\" target=\"_blank\" rel=\"noopener noreferrer\"><u><em>Conciertu d\u00b4Internet <\/em><\/u><\/a><\/li>\n<li><u><em><a href=\"https:\/\/www.diadeinternet.org\/2020\/?page=new_ficha&amp;act=398&amp;id_rubrique=401&amp;id_article=25551\" target=\"_blank\" rel=\"noopener noreferrer\"><img loading=\"lazy\" decoding=\"async\" class=\"\" src=\"https:\/\/www.diadeinternet.org\/2020\/IMG\/arton25551.jpg?1588756763%20alt=%27%27\" width=\"431\" height=\"182\" \/><\/a><\/em><\/u><\/li>\n<\/ul>\n<\/div>\n<p>&nbsp;<\/p>\n\n<!-- iframe plugin v.6.0 wordpress.org\/plugins\/iframe\/ -->\n<iframe loading=\"lazy\" width=\"644\" height=\"362\" src=\"https:\/\/www.youtube.com\/embed\/c04nIBBUI-0\" scrolling=\"yes\" class=\"iframe-class\" frameborder=\"0\"><\/iframe>\n\n<p>&nbsp;<\/p>\n<div class=\"entry\">\n<ul>\n<li><a href=\"https:\/\/www.educastur.es\/efemerides-mayo17-internet\" target=\"_blank\" rel=\"noopener noreferrer\"><u><em>Info n\u00b4Educastur <\/em><\/u><\/a><\/li>\n<li><a href=\"http:\/\/www.diadeinternet.org\/2017\/?cortesia=582\">En Espa\u00f1a: <strong>D\u00eda de internet<\/strong> #diadeinternet<\/a><\/li>\n<li><a href=\"http:\/\/www.diadeinternet.org\/2017\/index.php?page=new_col_home&amp;cortesia=582\">Actividades para centros escolares<\/a><\/li>\n<\/ul>\n<p><a href=\"https:\/\/www.un.org\/sustainabledevelopment\/es\/objetivos-de-desarrollo-sostenible\/\" target=\"_blank\" rel=\"noopener noreferrer\"><img loading=\"lazy\" decoding=\"async\" class=\"\" src=\"https:\/\/www.diadeinternet.org\/2020\/IMG\/arton20733.png?1552644796\" width=\"502\" height=\"249\" border=\"1\" \/><\/a><\/p>\n<\/div>\n","protected":false},"excerpt":{"rendered":"<p>Celebrose por primer vegada n\u2019Espa\u00f1a en 2005 a iniciativa de laAsociaci\u00f3n d\u2019Usuarios d\u2019Internet (aui.es). Ese mesmu a\u00f1u y tres l\u2019\u00e9situ de la campa\u00f1a n\u2019Espa\u00f1a, el Cume Mundial sobre la Socied\u00e1 de la Informaci\u00f3n solicita la ONU la declaraci\u00f3n del D\u00eda Mundial d\u2019Internet. En 2006 la ONU declara el 17 de mayu D\u00eda Mundial de les [&hellip;]<\/p>\n","protected":false},"author":117,"featured_media":0,"comment_status":"closed","ping_status":"open","sticky":false,"template":"","format":"standard","meta":{"footnotes":""},"categories":[6],"tags":[],"class_list":["post-505","post","type-post","status-publish","format-standard","hentry","category-dia-de"],"_links":{"self":[{"href":"https:\/\/edublog.educastur.es\/ixuxu\/wp-json\/wp\/v2\/posts\/505","targetHints":{"allow":["GET"]}}],"collection":[{"href":"https:\/\/edublog.educastur.es\/ixuxu\/wp-json\/wp\/v2\/posts"}],"about":[{"href":"https:\/\/edublog.educastur.es\/ixuxu\/wp-json\/wp\/v2\/types\/post"}],"author":[{"embeddable":true,"href":"https:\/\/edublog.educastur.es\/ixuxu\/wp-json\/wp\/v2\/users\/117"}],"replies":[{"embeddable":true,"href":"https:\/\/edublog.educastur.es\/ixuxu\/wp-json\/wp\/v2\/comments?post=505"}],"version-history":[{"count":1,"href":"https:\/\/edublog.educastur.es\/ixuxu\/wp-json\/wp\/v2\/posts\/505\/revisions"}],"predecessor-version":[{"id":506,"href":"https:\/\/edublog.educastur.es\/ixuxu\/wp-json\/wp\/v2\/posts\/505\/revisions\/506"}],"wp:attachment":[{"href":"https:\/\/edublog.educastur.es\/ixuxu\/wp-json\/wp\/v2\/media?parent=505"}],"wp:term":[{"taxonomy":"category","embeddable":true,"href":"https:\/\/edublog.educastur.es\/ixuxu\/wp-json\/wp\/v2\/categories?post=505"},{"taxonomy":"post_tag","embeddable":true,"href":"https:\/\/edublog.educastur.es\/ixuxu\/wp-json\/wp\/v2\/tags?post=505"}],"curies":[{"name":"wp","href":"https:\/\/api.w.org\/{rel}","templated":true}]}}