{"id":50502,"date":"2025-06-09T12:13:43","date_gmt":"2025-06-09T10:13:43","guid":{"rendered":"https:\/\/edublog.educastur.es\/ixuxu\/?p=50502"},"modified":"2025-06-09T12:17:46","modified_gmt":"2025-06-09T10:17:46","slug":"el-pequenu-gran-canon-dasturies-meandro-del-riu-nora-atopase-a-un-pasu-duvieu","status":"publish","type":"post","link":"https:\/\/edublog.educastur.es\/ixuxu\/2025\/06\/el-pequenu-gran-canon-dasturies-meandro-del-riu-nora-atopase-a-un-pasu-duvieu\/","title":{"rendered":"El peque\u00f1u Gran Ca\u00f1\u00f3n d&#8217;Asturies, Meandro del r\u00edu Nora, at\u00f3pase a un pasu d&#8217;Uvi\u00e9u"},"content":{"rendered":"<p style=\"text-align: center\"><a href=\"https:\/\/content-viajes.nationalgeographic.com.es\/medio\/2025\/05\/22\/meandro-del-rio-nora_9fa43904_250522113622_1280x960.webp\"><img loading=\"lazy\" decoding=\"async\" class=\"aligncenter size-large\" src=\"https:\/\/content-viajes.nationalgeographic.com.es\/medio\/2025\/05\/22\/meandro-del-rio-nora_9fa43904_250522113622_1280x960.webp\" width=\"1280\" height=\"960\" \/><\/a><\/p>\n<p>Arrodi\u00e1u d&#8217;hasta diez xacimientos, esti monumentu natural puede vese al travi\u00e9s de dos rutes circulares que pueden xunise nuna sola. Una de les curves que dibuxa&#8217;l r\u00edu Nora antes de desaguar nel Nal\u00f3n. Tr\u00e9s miradores dexen llograr una guapa panor\u00e1mica d&#8217;ellos.<\/p>\n<ul>\n<li>Semeya de Mari Carmen Duarte \/ Fonte: <a href=\"https:\/\/viajes.nationalgeographic.com.es\/a\/meandro-mas-espectacular-asturias-combina-historia-y-naturaleza-a-paso-oviedo_22651\">Viaxes National Geographic<\/a><\/li>\n<\/ul>\n<p><!--more--><\/p>\n<p>El princip\u00e1u ta chisc\u00e1u de rincones de los que ye dif\u00edcil esprendese tres vivilos de cerca. Sicas\u00ed, quien nun tuvieron ent\u00e1 la suerte de conocelos graben na so retina les imaxes de belles paraxes que nun duldaren en visitar al poner un pie nesti para\u00edsu natural. Unu d&#8217;ellos dib\u00faxase nun r\u00edu que serpentea pol territoriu, creando n&#8217;unu d&#8217;esos quiebros una estampa tan irresistible que y\u00e1 se -y dedic\u00f3 m\u00e1s d&#8217;un mirador.<\/p>\n<p>Entre pequenes poblaciones rurales, construcciones hist\u00f3riques y\u00a0 los colores de la vexetaci\u00f3n que camuden a lo llargo del a\u00f1u, esta sorpresa que regala Asturies s\u00famase a otres, como&#8217;l pueblu asturianu al que solo s&#8217;apuerta por una ponte colgante dende Galicia.<\/p>\n<p style=\"text-align: center\"><a href=\"https:\/\/content-viajes.nationalgeographic.com.es\/medio\/2025\/05\/22\/meandros-del-rio-nora_0a7b4cb2_250522012428_1200x800.webp\"><img loading=\"lazy\" decoding=\"async\" class=\"aligncenter size-large\" src=\"https:\/\/content-viajes.nationalgeographic.com.es\/medio\/2025\/05\/22\/meandros-del-rio-nora_0a7b4cb2_250522012428_1200x800.webp\" width=\"1200\" height=\"800\" \/><\/a><\/p>\n<p><strong>Meandros del r\u00edu Nora. El so percorr\u00edu casi se<\/strong><strong> crucia col del r\u00edu Nal\u00f3n nos meandros de dambos.<\/strong><\/p>\n<p>Nel centru mesmu d&#8217;Asturies, a pocos kil\u00f3metros d&#8217;Uvi\u00e9u, un sistema fluvial singular declar\u00e1u Monumentu Nacional reu\u00e9rcese ente les pequenes llombes de la zona. Al so pasu per San Pedru Nora, el r\u00edu Nora, en busca del banz\u00e1u de Pria\u00f1es para xunise al Nal\u00f3n, dibuxa angostes curves qu&#8217;a la vista s&#8217;antoxen nidies y prestoses. Marcando les llendes entre los conceyos d&#8217;Uvi\u00e9u y Les Regueres, el so altu valor xeomorfol\u00f3xicu y paisax\u00edsticu rem\u00e1tase con un bellu monte de ribera.<\/p>\n<p>Ca\u00f1averales anfibios, encinares, sauces blancos y montes nuevos de pl\u00e1danu y fresnu formen la flora y la vexetaci\u00f3n d&#8217;esta paraxa tan especial que s&#8217;espurre a lo llargo de m\u00e1s de 70 hect\u00e1rees nes que tami\u00e9n se pasien la xaronca com\u00fan, el ferre pelegr\u00edn ya inclusive la grajilla, poco habitual n&#8217;Asturies, am\u00e1s de les anguiles qu&#8217;habiten el r\u00edu, ent\u00e1 en v\u00edes de saneamientu tres una d\u00f3mina de gran contaminaci\u00f3n.<\/p>\n<p style=\"text-align: center\"><a href=\"https:\/\/content-viajes.nationalgeographic.com.es\/medio\/2025\/05\/22\/meandros-del-rio-nora_710047ef_250522113715_1200x944.webp\"><img loading=\"lazy\" decoding=\"async\" class=\"aligncenter size-large\" src=\"https:\/\/content-viajes.nationalgeographic.com.es\/medio\/2025\/05\/22\/meandros-del-rio-nora_710047ef_250522113715_1200x944.webp\" width=\"1200\" height=\"944\" \/><\/a><\/p>\n<p>Tr\u00e9s miradores faen posible esfrutar de la guapura de los postreros y curvillinios estertores del r\u00edu Nora, toos ellos disfrutables al travi\u00e9s de dos rutes circulares que lleven a conocer los meandros y la so contorna: l&#8217;AS-172, que transita pola orella suroeste, y l&#8217;AS-183, pola orella noroeste.<\/p>\n<p>Lo m\u00e1s aconseyable ye realizar una ruta circular que xune dambes y que s&#8217;allargar 10 kms un percorr\u00edu f\u00e1cil que combina les meyores vistes de los dos llaos. Para realizala hai que salir de la ilesia de San Pedro de Nora y cruciar el r\u00edu para llegar hasta&#8217;l banz\u00e1u d&#8217;El Furac\u00f3n en direcci\u00f3n a Pria\u00f1es.<\/p>\n<p>Dende ell\u00ed parte un senderu que lleva al primer mirador y que se va percorrer de vuelta para siguir hasta&#8217;l banz\u00e1u que dexa ver el r\u00edu Nal\u00f3n y que xunta les dos rutes. Dempu\u00e9s de travesalo y siguir hasta una ponte que crucia&#8217;l Nora apaez una peque\u00f1a y empinada fastera que desagua nel pueblu de Tahoces, tres el que va apaecer el <strong>Mirador de la Fastera<\/strong> y m\u00e1s palantre el <strong>Mirador de la Pe\u00f1ona<\/strong>, consider\u00e1u&#8217;l m\u00e1s bellu de los tr\u00e9s. Tres esto, solo queda travesar la localid\u00e1 d&#8217;El Campanal y llegar a la Ilesia de San Pedro de Nora para cerrar el percorr\u00edu.<\/p>\n<p style=\"text-align: center\"><a href=\"https:\/\/content-viajes.nationalgeographic.com.es\/medio\/2025\/05\/22\/iglesia-san-pedro-de-nora_03d38303_250522012356_1200x800.webp\"><img loading=\"lazy\" decoding=\"async\" class=\"aligncenter size-large\" src=\"https:\/\/content-viajes.nationalgeographic.com.es\/medio\/2025\/05\/22\/iglesia-san-pedro-de-nora_03d38303_250522012356_1200x800.webp\" width=\"1200\" height=\"800\" \/><\/a><\/p>\n","protected":false},"excerpt":{"rendered":"<p>Arrodi\u00e1u d&#8217;hasta diez xacimientos, esti monumentu natural puede vese al travi\u00e9s de dos rutes circulares que pueden xunise nuna sola. Una de les curves que dibuxa&#8217;l r\u00edu Nora antes de desaguar nel Nal\u00f3n. Tr\u00e9s miradores dexen llograr una guapa panor\u00e1mica d&#8217;ellos. Semeya de Mari Carmen Duarte \/ Fonte: Viaxes National Geographic<\/p>\n","protected":false},"author":117,"featured_media":0,"comment_status":"open","ping_status":"open","sticky":false,"template":"","format":"standard","meta":{"footnotes":""},"categories":[443,454],"tags":[],"class_list":["post-50502","post","type-post","status-publish","format-standard","hentry","category-monumento-natural","category-rios"],"_links":{"self":[{"href":"https:\/\/edublog.educastur.es\/ixuxu\/wp-json\/wp\/v2\/posts\/50502","targetHints":{"allow":["GET"]}}],"collection":[{"href":"https:\/\/edublog.educastur.es\/ixuxu\/wp-json\/wp\/v2\/posts"}],"about":[{"href":"https:\/\/edublog.educastur.es\/ixuxu\/wp-json\/wp\/v2\/types\/post"}],"author":[{"embeddable":true,"href":"https:\/\/edublog.educastur.es\/ixuxu\/wp-json\/wp\/v2\/users\/117"}],"replies":[{"embeddable":true,"href":"https:\/\/edublog.educastur.es\/ixuxu\/wp-json\/wp\/v2\/comments?post=50502"}],"version-history":[{"count":6,"href":"https:\/\/edublog.educastur.es\/ixuxu\/wp-json\/wp\/v2\/posts\/50502\/revisions"}],"predecessor-version":[{"id":50508,"href":"https:\/\/edublog.educastur.es\/ixuxu\/wp-json\/wp\/v2\/posts\/50502\/revisions\/50508"}],"wp:attachment":[{"href":"https:\/\/edublog.educastur.es\/ixuxu\/wp-json\/wp\/v2\/media?parent=50502"}],"wp:term":[{"taxonomy":"category","embeddable":true,"href":"https:\/\/edublog.educastur.es\/ixuxu\/wp-json\/wp\/v2\/categories?post=50502"},{"taxonomy":"post_tag","embeddable":true,"href":"https:\/\/edublog.educastur.es\/ixuxu\/wp-json\/wp\/v2\/tags?post=50502"}],"curies":[{"name":"wp","href":"https:\/\/api.w.org\/{rel}","templated":true}]}}