{"id":50521,"date":"2025-06-09T20:00:00","date_gmt":"2025-06-09T18:00:00","guid":{"rendered":"https:\/\/edublog.educastur.es\/ixuxu\/?p=50521"},"modified":"2025-06-11T09:27:20","modified_gmt":"2025-06-11T07:27:20","slug":"el-gobiernu-dasturies-alza-un-pelin-la-so-ufierta-para-la-meyora-de-la-educacion-publica","status":"publish","type":"post","link":"https:\/\/edublog.educastur.es\/ixuxu\/2025\/06\/el-gobiernu-dasturies-alza-un-pelin-la-so-ufierta-para-la-meyora-de-la-educacion-publica\/","title":{"rendered":"El Gobiernu d&#8217;Asturies da una \u00faltima ufierta pa la meyora de la educaci\u00f3n p\u00fablica&#8230;"},"content":{"rendered":"<div class=\"html-div xdj266r x14z9mp xat24cr x1lziwak xexx8yu x1a8lsjc xf7dkkf xv54qhq\">\n<div class=\"html-div xdj266r x14z9mp xat24cr x1lziwak xexx8yu xyri2b x18d9i69 x1c1uobl x1jx94hy x78zum5 x1q0g3np\">\n<div class=\"x78zum5 xdt5ytf xz62fqu x16ldp7u\">\n<div class=\"xu06os2 x1ok221b\">\n<div class=\"html-div xdj266r x14z9mp xat24cr x1lziwak xexx8yu xyri2b x18d9i69 x1c1uobl\" data-ad-rendering-role=\"profile_name\">\n<ul>\n<li class=\"html-h3 x14z9mp xat24cr x1lziwak xexx8yu xyri2b x18d9i69 x1c1uobl x1vvkbs x1heor9g x1qlqyl8 x1pd3egz x1a2a7pz x1gslohp x1yc453h\"><span class=\"x1lliihq x6ikm8r x10wlt62 x1n2onr6\"><span class=\"xt0psk2\"><a class=\"x1i10hfl xjbqb8w x1ejq31n x18oe1m7 x1sy0etr xstzfhl x972fbf x10w94by x1qhh985 x14e42zd x9f619 x1ypdohk xt0psk2 xe8uvvx xdj266r x14z9mp xat24cr x1lziwak xexx8yu xyri2b x18d9i69 x1c1uobl x16tdsg8 x1hl2dhg xggy1nq x1a2a7pz xkrqix3 x1sur9pj xzsf02u x1s688f\" role=\"link\" href=\"https:\/\/www.facebook.com\/gobiernodeasturias?__cft__[0]=AZXZ318Kcr2YLwu_IX5idTemNkWJV2n_pokgX36UudmEccv_lqGGxgzr1Vq6ysrY0joVtknQ087y4qo8M0niSuv21JMaaTABNWIomYrQXJysC-TkqPNes_TK5-BgIi0z4lfC7S1VGhpiDrAKbfcDZ2YkdbymsDScxSeMR6HPW7yeckV0xfuolQ_m3YEP5JAf_LSwksYKlDX0MjLOgqHlqHkv0-BOkkOdhdFE-tF1j27gbw&amp;__tn__=-UC%2CP-y-R\"><strong class=\"html-strong xdj266r x14z9mp xat24cr x1lziwak xexx8yu xyri2b x18d9i69 x1c1uobl x1hl2dhg x16tdsg8 x1vvkbs x1s688f\"><span class=\"html-span xdj266r x14z9mp xat24cr x1lziwak xexx8yu xyri2b x18d9i69 x1c1uobl x1hl2dhg x16tdsg8 x1vvkbs\">Principado de Asturias<\/span><\/strong><\/a><\/span> \/ <a href=\"https:\/\/www.elcomercio.es\/asturias\/principado-asturias-destinara-millones-medidas-preacuerdo-educacion-20250609203415-nt.html\">El Comercio<\/a> \/ <\/span><span class=\"html-span xexx8yu xyri2b x18d9i69 x1c1uobl x1hl2dhg x16tdsg8 x1vvkbs x3nfvp2 x1j61x8r x1fcty0u xdj266r xat24cr xm2jcoa x1mpyi22 xxymvpz xlup9mm x1kky2od\"><img loading=\"lazy\" decoding=\"async\" class=\"xz74otr x168nmei x13lgxp2 x5pf9jr xo71vjh\" src=\"https:\/\/static.xx.fbcdn.net\/images\/emoji.php\/v9\/t8e\/1\/16\/2139.png\" alt=\"\u2139\ufe0f\" width=\"16\" height=\"16\" \/><\/span><span class=\"html-span xexx8yu xyri2b x18d9i69 x1c1uobl x1hl2dhg x16tdsg8 x1vvkbs x3nfvp2 x1j61x8r x1fcty0u xdj266r xat24cr xm2jcoa x1mpyi22 xxymvpz xlup9mm x1kky2od\"><img loading=\"lazy\" decoding=\"async\" class=\"xz74otr x168nmei x13lgxp2 x5pf9jr xo71vjh\" src=\"https:\/\/static.xx.fbcdn.net\/images\/emoji.php\/v9\/t51\/1\/16\/1f449.png\" alt=\"\ud83d\udc49\" width=\"16\" height=\"16\" \/><\/span> <span class=\"html-span xdj266r x14z9mp xat24cr x1lziwak xexx8yu xyri2b x18d9i69 x1c1uobl x1hl2dhg x16tdsg8 x1vvkbs\"><a class=\"x1i10hfl xjbqb8w x1ejq31n x18oe1m7 x1sy0etr xstzfhl x972fbf x10w94by x1qhh985 x14e42zd x9f619 x1ypdohk xt0psk2 xe8uvvx xdj266r x14z9mp xat24cr x1lziwak xexx8yu xyri2b x18d9i69 x1c1uobl x16tdsg8 x1hl2dhg xggy1nq x1a2a7pz xkrqix3 x1sur9pj x1fey0fg x1s688f\" role=\"link\" href=\"https:\/\/l.facebook.com\/l.php?u=https%3A%2F%2Fgoo.su%2FlrxRs%3Ffbclid%3DIwZXh0bgNhZW0CMTAAYnJpZBExa2h4SUw1MVU4cUJvSHFPZAEemy43w1gENqvs_FSj4z9C8hiXO6Gz-SA8ZIdWSi3oG3LfdZ8FnLhuUruQA6E_aem_ZrIfc4ijwoJlGI-MCXQ9ew&amp;h=AT2lZgaZ8sTj0AY8Wyd6w71OP7eS9kP2MqTxQ1bKR7iFI020mzHjS-wPfEMDhoMIGWa9QEyxhXWLvoz4h1pNDctmPK9YdbA-YkpOtDruXh-PImvj7BB-i-Wg2NU8yPWGYprC_DRgH_B9Iw&amp;__tn__=-UK-y-R&amp;c[0]=AT1keA3L787wdKJgz_GfW_Rj-a_KHs-e5n8eUudjmAmoejmWfMbHs_-VzVBiad6KbtazzK34wa9yC5J6HKBvRNeZULWOWurWG3jSoCnD60GdMW-PfVWDitdNTXClGh_1eDTzEUSsw8a7O2X7R5XlBECnQzzTs5VO9ScaSe0kAepvzrbLF_iacRuqAsEf_Rs0yxKmW3aKK8IeYTyi636zf7rCgAWANQCKpZFM_CeW3A1TAV4_Uks\" target=\"_blank\" rel=\"nofollow noopener noreferrer\">https:\/\/goo.su\/lrxRs<\/a><\/span><\/li>\n<\/ul>\n<\/div>\n<\/div>\n<\/div>\n<\/div>\n<\/div>\n<div class=\"html-div xdj266r x14z9mp xat24cr x1lziwak xexx8yu xyri2b x18d9i69 x1c1uobl\" dir=\"auto\">\n<div class=\"html-div xdj266r x14z9mp xat24cr x1lziwak xexx8yu xyri2b x18d9i69 x1c1uobl\" dir=\"auto\">\n<div class=\"html-div xdj266r x14z9mp xat24cr x1lziwak xexx8yu xyri2b x18d9i69 x1c1uobl\" data-ad-rendering-role=\"story_message\">\n<div class=\"x1l90r2v x1iorvi4 x1g0dm76 xpdmqnj\" data-ad-comet-preview=\"message\" data-ad-preview=\"message\">\n<div class=\"x78zum5 xdt5ytf xz62fqu x16ldp7u\">\n<div class=\"xu06os2 x1ok221b\">\n<div class=\"html-div xdj266r x14z9mp xat24cr x1lziwak xexx8yu xyri2b x18d9i69 x1c1uobl\">\n<div class=\"x14z9mp xat24cr x1lziwak x1vvkbs xtlvy1s x126k92a\">\n<div dir=\"auto\">El Gobiernu d&#8217;Asturies alza la so ufierta de pactu para la meyora de la educaci\u00f3n p\u00fablica: comprom\u00e9tese a entainar sustituciones nos centros, esaniciar burocracia y xubir el salariu al personal docente hasta 210 euros al mes.<\/div>\n<div dir=\"auto\"><\/div>\n<\/div>\n<div dir=\"auto\" style=\"text-align: center\"><a href=\"https:\/\/s1.ppllstatics.com\/elcomercio\/www\/multimedia\/2025\/06\/09\/reunion-principado-sindicatos-kWHG-U2302029745399AFF-1200x840@El%20Comercio.jpg\"><img loading=\"lazy\" decoding=\"async\" class=\"aligncenter size-large\" src=\"https:\/\/s1.ppllstatics.com\/elcomercio\/www\/multimedia\/2025\/06\/09\/reunion-principado-sindicatos-kWHG-U2302029745399AFF-1200x840@El%20Comercio.jpg\" width=\"1200\" height=\"840\" \/><\/a><\/div>\n<div dir=\"auto\"><!--more--><\/div>\n<div dir=\"auto\">Preacuerdo n&#8217;Educaci\u00f3n n&#8217;Asturies: Princip\u00e1u y sindicatos apauten 140 euros de xubida, m\u00e1s profesores y baxar les ratios. Les mid\u00edes para poner fin a la fuelga na ense\u00f1anza p\u00fablica van costar 45 millones d&#8217;euros a les arques rexonales.<\/div>\n<div class=\"x14z9mp xat24cr x1lziwak x1vvkbs xtlvy1s x126k92a\">\n<div dir=\"auto\"><\/div>\n<div dir=\"auto\" style=\"text-align: center\"><a href=\"https:\/\/actualidad.asturias.es\/documents\/537115\/2620542\/2025_06_09+Reunion+negociadora+con+sindicatos+educativos+1.jpeg\/8603ccf1-6ed8-bae2-1c6c-ded2deb57b0c?t=1749489587048\"><img loading=\"lazy\" decoding=\"async\" class=\"aligncenter size-large\" src=\"https:\/\/actualidad.asturias.es\/documents\/537115\/2620542\/2025_06_09+Reunion+negociadora+con+sindicatos+educativos+1.jpeg\/8603ccf1-6ed8-bae2-1c6c-ded2deb57b0c?t=1749489587048\" width=\"4032\" height=\"3024\" \/><\/a><\/div>\n<div dir=\"auto\"><\/div>\n<\/div>\n<\/div>\n<\/div>\n<\/div>\n<\/div>\n<\/div>\n<\/div>\n<\/div>\n<p>&nbsp;<\/p>\n<p>El Princip\u00e1u algama un preacuerdo colos sindicatos que preve encurtiar los tiempos d&#8217;incorporaci\u00f3n del profesor\u00e1u encarg\u00e1u de cubrir baxes.<\/p>\n<p style=\"text-align: center\"><a href=\"https:\/\/actualidad.asturias.es\/documents\/537115\/2620542\/2025_06_09-Tercera-propuesta.jpg\/b0a82a56-6720-fa42-deb4-6a26a4d7bfe4?t=1749491313281\"><img loading=\"lazy\" decoding=\"async\" class=\"aligncenter size-large\" src=\"https:\/\/actualidad.asturias.es\/documents\/537115\/2620542\/2025_06_09-Tercera-propuesta.jpg\/b0a82a56-6720-fa42-deb4-6a26a4d7bfe4?t=1749491313281\" width=\"1528\" height=\"1080\" \/><\/a><\/p>\n","protected":false},"excerpt":{"rendered":"<p>Principado de Asturias \/ El Comercio \/ https:\/\/goo.su\/lrxRs El Gobiernu d&#8217;Asturies alza la so ufierta de pactu para la meyora de la educaci\u00f3n p\u00fablica: comprom\u00e9tese a entainar sustituciones nos centros, esaniciar burocracia y xubir el salariu al personal docente hasta 210 euros al mes.<\/p>\n","protected":false},"author":117,"featured_media":0,"comment_status":"open","ping_status":"open","sticky":false,"template":"","format":"standard","meta":{"footnotes":""},"categories":[451,1],"tags":[],"class_list":["post-50521","post","type-post","status-publish","format-standard","hentry","category-fuelga","category-sin-categoria"],"_links":{"self":[{"href":"https:\/\/edublog.educastur.es\/ixuxu\/wp-json\/wp\/v2\/posts\/50521","targetHints":{"allow":["GET"]}}],"collection":[{"href":"https:\/\/edublog.educastur.es\/ixuxu\/wp-json\/wp\/v2\/posts"}],"about":[{"href":"https:\/\/edublog.educastur.es\/ixuxu\/wp-json\/wp\/v2\/types\/post"}],"author":[{"embeddable":true,"href":"https:\/\/edublog.educastur.es\/ixuxu\/wp-json\/wp\/v2\/users\/117"}],"replies":[{"embeddable":true,"href":"https:\/\/edublog.educastur.es\/ixuxu\/wp-json\/wp\/v2\/comments?post=50521"}],"version-history":[{"count":6,"href":"https:\/\/edublog.educastur.es\/ixuxu\/wp-json\/wp\/v2\/posts\/50521\/revisions"}],"predecessor-version":[{"id":50580,"href":"https:\/\/edublog.educastur.es\/ixuxu\/wp-json\/wp\/v2\/posts\/50521\/revisions\/50580"}],"wp:attachment":[{"href":"https:\/\/edublog.educastur.es\/ixuxu\/wp-json\/wp\/v2\/media?parent=50521"}],"wp:term":[{"taxonomy":"category","embeddable":true,"href":"https:\/\/edublog.educastur.es\/ixuxu\/wp-json\/wp\/v2\/categories?post=50521"},{"taxonomy":"post_tag","embeddable":true,"href":"https:\/\/edublog.educastur.es\/ixuxu\/wp-json\/wp\/v2\/tags?post=50521"}],"curies":[{"name":"wp","href":"https:\/\/api.w.org\/{rel}","templated":true}]}}