{"id":50525,"date":"2025-06-09T17:00:38","date_gmt":"2025-06-09T15:00:38","guid":{"rendered":"https:\/\/edublog.educastur.es\/ixuxu\/?p=50525"},"modified":"2025-06-09T23:22:01","modified_gmt":"2025-06-09T21:22:01","slug":"la-biblioteca-dasturies-acueye-una-gran-esposicion-sobrol-dia-damerica-nasturies","status":"publish","type":"post","link":"https:\/\/edublog.educastur.es\/ixuxu\/2025\/06\/la-biblioteca-dasturies-acueye-una-gran-esposicion-sobrol-dia-damerica-nasturies\/","title":{"rendered":"La Biblioteca d&#8217;Asturies acueye una gran esposici\u00f3n sobro&#8217;l D\u00eda d&#8217;Am\u00e9rica n&#8217;Asturies"},"content":{"rendered":"<div id=\"main-content\" class=\"columns-1\" role=\"main\">\n<div class=\"portlet-layout row\">\n<div id=\"column-1\" class=\"col-md-12 portlet-column portlet-column-only\">\n<div id=\"layout-column_column-1\" class=\"portlet-dropzone portlet-column-content portlet-column-content-only\">\n<div id=\"p_p_id_com_liferay_asset_publisher_web_portlet_AssetPublisherPortlet_INSTANCE_DSnKSBdGDt7q_\" class=\"portlet-boundary portlet-boundary_com_liferay_asset_publisher_web_portlet_AssetPublisherPortlet_ portlet-static portlet-static-end portlet-barebone portlet-asset-publisher nota-detalle\">\n<section id=\"portlet_com_liferay_asset_publisher_web_portlet_AssetPublisherPortlet_INSTANCE_DSnKSBdGDt7q\" class=\"portlet\">\n<div class=\"portlet-content\">\n<div class=\" portlet-content-container\">\n<div class=\"portlet-body\">\n<div class=\"asset-full-content clearfix default-asset-publisher show-asset-title\">\n<div id=\"_com_liferay_asset_publisher_web_portlet_AssetPublisherPortlet_INSTANCE_DSnKSBdGDt7q_2620269\" class=\"asset-content\">\n<div class=\"clearfix journal-content-article\" data-analytics-asset-id=\"2620256\" data-analytics-asset-title=\"La Biblioteca de Asturias acoge una gran exposici\u00f3n sobre el D\u00eda de Am\u00e9rica en Asturias\" data-analytics-asset-type=\"web-content\">\n<div class=\"nota\">\n<div class=\"entradilla\">\n<ul>\n<li class=\"Tabulaciones1\">L&#8217;amuesa va poder visitase dende g\u00fcei hasta&#8217;l 22 de setiembre n&#8217;Uvi\u00e9u, como homenaxe a los 75 a\u00f1os del primer desfile<\/li>\n<\/ul>\n<\/div>\n<div class=\"date\"><\/div>\n<div class=\"imagen-principal\"><img decoding=\"async\" src=\"https:\/\/actualidad.asturias.es\/documents\/537115\/2620259\/2025_06_09+Expo+Dia+de+Asturias.jpg\/cf1bde4b-1cdc-f507-a14b-ba0541398dbc?t=1749475955744\" alt=\"\" data-fileentryid=\"2620260\" \/><\/div>\n<div style=\"text-align: center\"><em><span style=\"color: #008080\"><strong>\u00a0D\u00eda d&#8217;Am\u00e9rica n&#8217;Asturies: sua\u00f1os y realidaes d&#8217;ultramar<\/strong><\/span><\/em><\/div>\n<div><!--more--><\/div>\n<div class=\"description\">\n<p>La <strong>Conseyer\u00eda de Cultura, Pol\u00edtica Lling\u00fc\u00edstica y Deporte<\/strong>, al travi\u00e9s de la Biblioteca d&#8217;Asturies\u00a0Ram\u00f3n P\u00e9rez de Ayala\u00a0y en collaboraci\u00f3n cola <strong>Socied\u00e1 Uvieina de Festexos (SOF)<\/strong>, inaugura g\u00fcei una esposici\u00f3n dedicada al D\u00eda d&#8217;Am\u00e9rica n&#8217;Asturies, <strong>una de les fiestes m\u00e1s emblem\u00e1tiques del calendariu uvie\u00edn declarada d&#8217;Inter\u00e9s Tur\u00edsticu Nacional<\/strong>, y por estensi\u00f3n, a la emigraci\u00f3n asturiana a ese continente.<\/p>\n<p>L&#8217;amuesa, titulada<span style=\"color: #008080\"><strong> D\u00eda d&#8217;Am\u00e9rica n&#8217;Asturies: sua\u00f1os y realidaes d&#8217;ultramar<\/strong><\/span>, prop\u00f3n un percorr\u00edu emocional y documental pola hestoria de los miles d&#8217;asturianos y asturianes qu&#8217;emigraron al nuevu continente ente finales del sieglu XIX y empiezos del XX. Al travi\u00e9s de vitrines con oxetos personales, llibros, cartes, fotograf\u00edes, cuadros y cartelos, les persones visitantes van poder alicar una parte esencial de la memoria colectiva asturiana hasta&#8217;l 22 de setiembre.<\/p>\n<p>Los materiales espuestos vienen de instituciones como&#8217;l Mus\u00e9u del Pueblu d\u2019Asturies, el Mus\u00e9u de Belles Artes d&#8217;Asturies, la Fundaci\u00f3n Evaristo Valle, la SOF y la mesma Biblioteca d&#8217;Asturies, lo mesmo que de donaciones particulares de families d&#8217;emigrantes.<\/p>\n<p>La esposici\u00f3n foi comisariada por Jes\u00fas \u00c1lvarez-Llinera Prau y cuenta con un cat\u00e1logu nel que m\u00e1s de trenta autores cavilguen sobro la emigraci\u00f3n y la celebraci\u00f3n del D\u00eda d&#8217;Am\u00e9rica. Esta activid\u00e1 enmarcar na conmemoraci\u00f3n del 75 aniversariu del primer desfile, celebr\u00e1u en 1950.<\/p>\n<\/div>\n<div class=\"contenido-article documentacion\">\n<ul>\n<li><a class=\"pdf\" title=\"Nota de prensa Muestra 'D\u00eda de Am\u00e9rica en Asturias, sue\u00f1os y realidades de ultramar'. Abre una nueva ventana\" href=\"https:\/\/actualidad.asturias.es\/documents\/533407\/0\/2025_06_09+NP+Muestra+Di%CC%81a+de+Ame%CC%81rica+en+Asturias+suen%CC%83os+y+realidades+de+ultramar.pdf\/88b8e6d0-6cda-c102-08ff-f5d4ef4adf95?t=1749475872150\" target=\"_blank\" rel=\"noopener\">\u00a0Nota de prensa Muestra &#8216;D\u00eda de Am\u00e9rica en Asturias, sue\u00f1os y realidades de ultramar&#8217;<\/a><\/li>\n<li><a class=\"pdf\" title=\"Cartel de la muestra 'D\u00eda de Am\u00e9rica en Asturias, sue\u00f1os y realidades de ultramar'. Abre una nueva ventana\" href=\"https:\/\/actualidad.asturias.es\/documents\/533407\/0\/Cartel+muestra+Di%CC%81a+de+Ame%CC%81rica+en+Asturias+suen%CC%83os+y+realidades+de+ultramar.pdf\/42eda7fa-0163-63cd-2c5f-6b61a7405b70?t=1749476049031\" target=\"_blank\" rel=\"noopener\">\u00a0Cartel de la muestra &#8216;D\u00eda de Am\u00e9rica en Asturias, sue\u00f1os y realidades de ultramar&#8217;<\/a><\/li>\n<\/ul>\n<\/div>\n<\/div>\n<\/div>\n<\/div>\n<\/div>\n<\/div>\n<\/div>\n<\/div>\n<\/section>\n<\/div>\n<\/div>\n<\/div>\n<\/div>\n<\/div>\n<p>&nbsp;<\/p>\n","protected":false},"excerpt":{"rendered":"<p>L&#8217;amuesa va poder visitase dende g\u00fcei hasta&#8217;l 22 de setiembre n&#8217;Uvi\u00e9u, como homenaxe a los 75 a\u00f1os del primer desfile \u00a0D\u00eda d&#8217;Am\u00e9rica n&#8217;Asturies: sua\u00f1os y realidaes d&#8217;ultramar<\/p>\n","protected":false},"author":117,"featured_media":0,"comment_status":"open","ping_status":"open","sticky":false,"template":"","format":"standard","meta":{"footnotes":""},"categories":[14],"tags":[],"class_list":["post-50525","post","type-post","status-publish","format-standard","hentry","category-esposiciones"],"_links":{"self":[{"href":"https:\/\/edublog.educastur.es\/ixuxu\/wp-json\/wp\/v2\/posts\/50525","targetHints":{"allow":["GET"]}}],"collection":[{"href":"https:\/\/edublog.educastur.es\/ixuxu\/wp-json\/wp\/v2\/posts"}],"about":[{"href":"https:\/\/edublog.educastur.es\/ixuxu\/wp-json\/wp\/v2\/types\/post"}],"author":[{"embeddable":true,"href":"https:\/\/edublog.educastur.es\/ixuxu\/wp-json\/wp\/v2\/users\/117"}],"replies":[{"embeddable":true,"href":"https:\/\/edublog.educastur.es\/ixuxu\/wp-json\/wp\/v2\/comments?post=50525"}],"version-history":[{"count":1,"href":"https:\/\/edublog.educastur.es\/ixuxu\/wp-json\/wp\/v2\/posts\/50525\/revisions"}],"predecessor-version":[{"id":50526,"href":"https:\/\/edublog.educastur.es\/ixuxu\/wp-json\/wp\/v2\/posts\/50525\/revisions\/50526"}],"wp:attachment":[{"href":"https:\/\/edublog.educastur.es\/ixuxu\/wp-json\/wp\/v2\/media?parent=50525"}],"wp:term":[{"taxonomy":"category","embeddable":true,"href":"https:\/\/edublog.educastur.es\/ixuxu\/wp-json\/wp\/v2\/categories?post=50525"},{"taxonomy":"post_tag","embeddable":true,"href":"https:\/\/edublog.educastur.es\/ixuxu\/wp-json\/wp\/v2\/tags?post=50525"}],"curies":[{"name":"wp","href":"https:\/\/api.w.org\/{rel}","templated":true}]}}