{"id":50527,"date":"2025-06-10T08:30:45","date_gmt":"2025-06-10T06:30:45","guid":{"rendered":"https:\/\/edublog.educastur.es\/ixuxu\/?p=50527"},"modified":"2025-06-09T23:24:28","modified_gmt":"2025-06-09T21:24:28","slug":"el-tiempu-el-comercio-62","status":"publish","type":"post","link":"https:\/\/edublog.educastur.es\/ixuxu\/2025\/06\/el-tiempu-el-comercio-62\/","title":{"rendered":"El tiempu (El Comercio)"},"content":{"rendered":"<p style=\"text-align: center\"><a href=\"https:\/\/s2.ppllstatics.com\/elcomercio\/www\/multimedia\/2025\/06\/09\/tiempo-asturias-martes-10-junio-kBbB-U2301948938566Ca-1200x860@El%20Comercio.jpg\"><img loading=\"lazy\" decoding=\"async\" class=\"aligncenter size-large\" src=\"https:\/\/s2.ppllstatics.com\/elcomercio\/www\/multimedia\/2025\/06\/09\/tiempo-asturias-martes-10-junio-kBbB-U2301948938566Ca-1200x860@El%20Comercio.jpg\" width=\"1200\" height=\"860\" \/><\/a><\/p>\n<p><span style=\"color: #008080\"><strong>Esperamos un d\u00eda veraniegu<\/strong><\/span> con temperatures que van superar los 25 \u00baC na mayor parte d&#8217;Asturies y, nes zones m\u00e1s templaes de la rex\u00f3n, podr\u00eden llegar a los 30 \u00baC. Asina tou, <span style=\"color: #008080\"><strong>vamos amanecer<\/strong><\/span> con cielos nublos en gran parte del Princip\u00e1u salvu nel sur. Conforme vaiga avanzando la ma\u00f1ana, y especialmente <span style=\"color: #008080\"><strong>a partir del mediud\u00eda<\/strong><\/span>, van abrise grandes claros hasta que los cielos queden pr\u00e1cticamente estenos. <span style=\"color: #008080\"><strong>A lo llargo de la tarde<\/strong><\/span> van apaecer nubes d&#8217;evoluci\u00f3n diurna que van poder dexar dellos bastios tormentosos que van ser m\u00e1s frecuentes nel cordal y onde cabi la posibilid\u00e1 de que vengan acompa\u00f1aos de xarazo.<\/p>\n<p>De toes formes, l&#8217;Axencia Estatal de Meteorolox\u00eda va activar l&#8217;<span style=\"color: #008080\"><strong>avisu mariellu en tol Princip\u00e1u a partir de les 15 hores<\/strong> <\/span>por bastios tormentosos con probabilid\u00e1 de rexistrar hasta 15 llitros per metro cuadr\u00e1u nuna hora.<span style=\"color: #008080\"><strong> Los vientos<\/strong><\/span> van ser fluexos polo xeneral, predominando de nordeste-esti na mari\u00f1a, y de sur nel cordal.<\/p>\n","protected":false},"excerpt":{"rendered":"<p>Esperamos un d\u00eda veraniegu con temperatures que van superar los 25 \u00baC na mayor parte d&#8217;Asturies y, nes zones m\u00e1s templaes de la rex\u00f3n, podr\u00eden llegar a los 30 \u00baC. Asina tou, vamos amanecer con cielos nublos en gran parte del Princip\u00e1u salvu nel sur. Conforme vaiga avanzando la ma\u00f1ana, y especialmente a partir del [&hellip;]<\/p>\n","protected":false},"author":117,"featured_media":0,"comment_status":"open","ping_status":"open","sticky":false,"template":"","format":"standard","meta":{"footnotes":""},"categories":[5],"tags":[],"class_list":["post-50527","post","type-post","status-publish","format-standard","hentry","category-tiempu"],"_links":{"self":[{"href":"https:\/\/edublog.educastur.es\/ixuxu\/wp-json\/wp\/v2\/posts\/50527","targetHints":{"allow":["GET"]}}],"collection":[{"href":"https:\/\/edublog.educastur.es\/ixuxu\/wp-json\/wp\/v2\/posts"}],"about":[{"href":"https:\/\/edublog.educastur.es\/ixuxu\/wp-json\/wp\/v2\/types\/post"}],"author":[{"embeddable":true,"href":"https:\/\/edublog.educastur.es\/ixuxu\/wp-json\/wp\/v2\/users\/117"}],"replies":[{"embeddable":true,"href":"https:\/\/edublog.educastur.es\/ixuxu\/wp-json\/wp\/v2\/comments?post=50527"}],"version-history":[{"count":1,"href":"https:\/\/edublog.educastur.es\/ixuxu\/wp-json\/wp\/v2\/posts\/50527\/revisions"}],"predecessor-version":[{"id":50528,"href":"https:\/\/edublog.educastur.es\/ixuxu\/wp-json\/wp\/v2\/posts\/50527\/revisions\/50528"}],"wp:attachment":[{"href":"https:\/\/edublog.educastur.es\/ixuxu\/wp-json\/wp\/v2\/media?parent=50527"}],"wp:term":[{"taxonomy":"category","embeddable":true,"href":"https:\/\/edublog.educastur.es\/ixuxu\/wp-json\/wp\/v2\/categories?post=50527"},{"taxonomy":"post_tag","embeddable":true,"href":"https:\/\/edublog.educastur.es\/ixuxu\/wp-json\/wp\/v2\/tags?post=50527"}],"curies":[{"name":"wp","href":"https:\/\/api.w.org\/{rel}","templated":true}]}}