{"id":50564,"date":"2025-06-10T19:00:09","date_gmt":"2025-06-10T17:00:09","guid":{"rendered":"https:\/\/edublog.educastur.es\/ixuxu\/?p=50564"},"modified":"2025-06-10T22:32:17","modified_gmt":"2025-06-10T20:32:17","slug":"el-primer-cambiador-inclusivu-para-facilitar-la-hixene-de-persones-con-especiales-necesidaes","status":"publish","type":"post","link":"https:\/\/edublog.educastur.es\/ixuxu\/2025\/06\/el-primer-cambiador-inclusivu-para-facilitar-la-hixene-de-persones-con-especiales-necesidaes\/","title":{"rendered":"El primer cambiador inclusivu para facilitar la hixene de persones con especiales necesidaes"},"content":{"rendered":"<p style=\"text-align: center\"><a href=\"https:\/\/actualidad.asturias.es\/documents\/537115\/2621161\/2025_06_10-Cambiador-inclusivo.jpg\/857a7d80-48fd-4ad4-d5b0-b034e902a1bc?t=1749541839841\"><img loading=\"lazy\" decoding=\"async\" class=\"aligncenter size-large\" src=\"https:\/\/actualidad.asturias.es\/documents\/537115\/2621161\/2025_06_10-Cambiador-inclusivo.jpg\/857a7d80-48fd-4ad4-d5b0-b034e902a1bc?t=1749541839841\" width=\"1500\" height=\"1153\" \/><\/a><\/p>\n<p>El Princip\u00e1u va instalar nun llugar de gran afluencia&#8217;l primer cambiador inclusivu para facilitar la hixene de persones con especiales necesidaes de sofitu. Fonte: <a href=\"https:\/\/actualidad.asturias.es\/-\/el-principado-instalar\u00e1-en-un-lugar-de-gran-afluencia-el-primer-cambiador-inclusivo-para-facilitar-la-higiene-de-personas-con-especiales-necesidades-de-apoyo?redirect=%2Fnoticias\">Actualid\u00e1 Asturies<\/a><\/p>\n<p><!--more--><\/p>\n<p>Derechos Sociales sac\u00f3 a llicitaci\u00f3n el suministru d&#8217;esta cabina, que va tener capacid\u00e1 para dos persones, con un presupuestu de casi 88.000 euros.<\/p>\n<p>La Conseyer\u00eda de Derechos Sociales y Bienestar sac\u00f3 a llicitaci\u00f3n el suministru del primer cambiador inclusivu destin\u00e1u a persones con especiales necesidaes de sofitu, que se va instalar nun espaciu de gran arribaci\u00f3n p\u00fablica para garantizar la so utilid\u00e1 y visibilid\u00e1. Tratar d&#8217;una cabina prefabricada y dise\u00f1ada para facilitar la hixene de quien nun pueden usar un ba\u00f1u convencional.<\/p>\n<p>Esti innovador equipamientu, financi\u00e1u con fondos europeos Next Generation y un presupuestu de 87.919 euros, supon una importante meyora en materia d&#8217;accesibilid\u00e1 y reafita el compromisu del Gobiernu d&#8217;Asturies con una socied\u00e1 m\u00e1s accesible, equitativa y respetuosa cola diversid\u00e1 funcional, que garantice los derechos y la dignid\u00e1 de toles persones.<\/p>\n<p>El cambiador va tar forn\u00edu con tecnolox\u00eda y elementos afechos: <strong>gr\u00faa de techu, camiya de ducha abatible, barres de sofitu, inodoro y llav\u00e1u regulables n&#8217;altor, seg\u00fan un dispositivu sanitariu para persones con ostom\u00eda.<\/strong> Para asegurar la comodid\u00e1 y la privacid\u00e1, va tener tami\u00e9n un percheru, un espeyu y un biombu separador. La cabina va cuntar con capacid\u00e1 para dos persones, lo que va facilitar qu&#8217;un acompa\u00f1ante pueda emprestar sofitu nes condiciones fayadices.<\/p>\n<p>&nbsp;<\/p>\n<p>Esti proyectu piloto forma parte del Programa Sueve, llanz\u00e1u en 2021 pola conseyer\u00eda para ameyorar l&#8217;accesibilid\u00e1 en servicios sociales comu\u00f1ales. Nel marcu d&#8217;esta estratexa hanse promovido iniciatives como la Oficina Virtual d&#8217;Accesibilid\u00e1 Universal del Princip\u00e1u (OVAU), la implantaci\u00f3n de sistemes de subtitul\u00e1u en directu para facilitar la comunicaci\u00f3n oral y la concesi\u00f3n d&#8217;ayudes a conceyos para l&#8217;alquisici\u00f3n de productos de sofitu. Sueve tami\u00e9n financi\u00f3 la instalaci\u00f3n de gu\u00edes podot\u00e1ctiles, bucles magn\u00e9ticos y libretas de comunicaci\u00f3n en centros d&#8217;atenci\u00f3n a persones mayores y con discapacid\u00e1.<\/p>\n","protected":false},"excerpt":{"rendered":"<p>El Princip\u00e1u va instalar nun llugar de gran afluencia&#8217;l primer cambiador inclusivu para facilitar la hixene de persones con especiales necesidaes de sofitu. Fonte: Actualid\u00e1 Asturies<\/p>\n","protected":false},"author":117,"featured_media":0,"comment_status":"open","ping_status":"open","sticky":false,"template":"","format":"standard","meta":{"footnotes":""},"categories":[1],"tags":[],"class_list":["post-50564","post","type-post","status-publish","format-standard","hentry","category-sin-categoria"],"_links":{"self":[{"href":"https:\/\/edublog.educastur.es\/ixuxu\/wp-json\/wp\/v2\/posts\/50564","targetHints":{"allow":["GET"]}}],"collection":[{"href":"https:\/\/edublog.educastur.es\/ixuxu\/wp-json\/wp\/v2\/posts"}],"about":[{"href":"https:\/\/edublog.educastur.es\/ixuxu\/wp-json\/wp\/v2\/types\/post"}],"author":[{"embeddable":true,"href":"https:\/\/edublog.educastur.es\/ixuxu\/wp-json\/wp\/v2\/users\/117"}],"replies":[{"embeddable":true,"href":"https:\/\/edublog.educastur.es\/ixuxu\/wp-json\/wp\/v2\/comments?post=50564"}],"version-history":[{"count":1,"href":"https:\/\/edublog.educastur.es\/ixuxu\/wp-json\/wp\/v2\/posts\/50564\/revisions"}],"predecessor-version":[{"id":50565,"href":"https:\/\/edublog.educastur.es\/ixuxu\/wp-json\/wp\/v2\/posts\/50564\/revisions\/50565"}],"wp:attachment":[{"href":"https:\/\/edublog.educastur.es\/ixuxu\/wp-json\/wp\/v2\/media?parent=50564"}],"wp:term":[{"taxonomy":"category","embeddable":true,"href":"https:\/\/edublog.educastur.es\/ixuxu\/wp-json\/wp\/v2\/categories?post=50564"},{"taxonomy":"post_tag","embeddable":true,"href":"https:\/\/edublog.educastur.es\/ixuxu\/wp-json\/wp\/v2\/tags?post=50564"}],"curies":[{"name":"wp","href":"https:\/\/api.w.org\/{rel}","templated":true}]}}