{"id":50568,"date":"2025-06-11T08:30:17","date_gmt":"2025-06-11T06:30:17","guid":{"rendered":"https:\/\/edublog.educastur.es\/ixuxu\/?p=50568"},"modified":"2025-06-10T22:38:16","modified_gmt":"2025-06-10T20:38:16","slug":"el-tiempu-el-comercio-63","status":"publish","type":"post","link":"https:\/\/edublog.educastur.es\/ixuxu\/2025\/06\/el-tiempu-el-comercio-63\/","title":{"rendered":"El tiempu (El Comercio)"},"content":{"rendered":"<p style=\"text-align: center\"><a href=\"https:\/\/s1.ppllstatics.com\/elcomercio\/www\/multimedia\/2025\/06\/10\/tiempo-asturias-miercoles-11-junio-kQfD-U2301948938566Ca-1200x860@El%20Comercio.jpg\"><img loading=\"lazy\" decoding=\"async\" class=\"aligncenter size-large\" src=\"https:\/\/s1.ppllstatics.com\/elcomercio\/www\/multimedia\/2025\/06\/10\/tiempo-asturias-miercoles-11-junio-kQfD-U2301948938566Ca-1200x860@El%20Comercio.jpg\" width=\"1200\" height=\"860\" \/><\/a><\/p>\n<ul>\n<li><strong>Esperamos una ma\u00f1ana<\/strong> estable anque vamos amanecer con nubes baxes na met\u00e1 norte asturiana. R\u00e1pido, estes nubes van sumir anque van faer actu de presencia nubes de tipu mediu y alto.<\/li>\n<li><strong>Mientres la segunda met\u00e1 del d\u00eda<\/strong> va aumentar la probabilid\u00e1 de bastios que podr\u00eden ser d&#8217;orixe tormentosu y van afectar sobremanera al cordal y al suroccidente onde va tar activ\u00e1u l&#8217;avisu mariellu por ello. Comoquier, estos bastios podr\u00eden estendese a otros puntos del Princip\u00e1u.<\/li>\n<li><strong>Los vientos<\/strong> van soplar de componente sur nel cordal y otres zones del interior, con posibilid\u00e1 de raches fuertes acomu\u00f1aes a les nubes.<\/li>\n<li><strong>Pela tarde<\/strong> esp\u00e9rase la entrada de vientos fluexos de noroeste dende la mari\u00f1a.<\/li>\n<li><strong>Les temperatures<\/strong> van baxar en tol interior hasta 3 o 4 \u00baC menos qu&#8217;esti martes. Na mari\u00f1a van caltenese o, inclusive, podr\u00eden producise dellos ascensos locales.<\/li>\n<\/ul>\n<p><!--more--><\/p>\n<p><strong>El xueves<\/strong> vamos tener bon tiempu pela ma\u00f1ana con posibilid\u00e1 nuevamente de dellos bastios pela tarde, siquier nel cordal. <strong>Les temperatures<\/strong> van siguir siendo prestoses, al igual que lo volver\u00e1n a ser el vienres. Sicas\u00ed, pal fin de selmana espera un descensu t\u00e9rmicu xeneraliz\u00e1u.<\/p>\n<p>&nbsp;<\/p>\n","protected":false},"excerpt":{"rendered":"<p>Esperamos una ma\u00f1ana estable anque vamos amanecer con nubes baxes na met\u00e1 norte asturiana. R\u00e1pido, estes nubes van sumir anque van faer actu de presencia nubes de tipu mediu y alto. Mientres la segunda met\u00e1 del d\u00eda va aumentar la probabilid\u00e1 de bastios que podr\u00eden ser d&#8217;orixe tormentosu y van afectar sobremanera al cordal y [&hellip;]<\/p>\n","protected":false},"author":117,"featured_media":0,"comment_status":"open","ping_status":"open","sticky":false,"template":"","format":"standard","meta":{"footnotes":""},"categories":[5],"tags":[],"class_list":["post-50568","post","type-post","status-publish","format-standard","hentry","category-tiempu"],"_links":{"self":[{"href":"https:\/\/edublog.educastur.es\/ixuxu\/wp-json\/wp\/v2\/posts\/50568","targetHints":{"allow":["GET"]}}],"collection":[{"href":"https:\/\/edublog.educastur.es\/ixuxu\/wp-json\/wp\/v2\/posts"}],"about":[{"href":"https:\/\/edublog.educastur.es\/ixuxu\/wp-json\/wp\/v2\/types\/post"}],"author":[{"embeddable":true,"href":"https:\/\/edublog.educastur.es\/ixuxu\/wp-json\/wp\/v2\/users\/117"}],"replies":[{"embeddable":true,"href":"https:\/\/edublog.educastur.es\/ixuxu\/wp-json\/wp\/v2\/comments?post=50568"}],"version-history":[{"count":1,"href":"https:\/\/edublog.educastur.es\/ixuxu\/wp-json\/wp\/v2\/posts\/50568\/revisions"}],"predecessor-version":[{"id":50569,"href":"https:\/\/edublog.educastur.es\/ixuxu\/wp-json\/wp\/v2\/posts\/50568\/revisions\/50569"}],"wp:attachment":[{"href":"https:\/\/edublog.educastur.es\/ixuxu\/wp-json\/wp\/v2\/media?parent=50568"}],"wp:term":[{"taxonomy":"category","embeddable":true,"href":"https:\/\/edublog.educastur.es\/ixuxu\/wp-json\/wp\/v2\/categories?post=50568"},{"taxonomy":"post_tag","embeddable":true,"href":"https:\/\/edublog.educastur.es\/ixuxu\/wp-json\/wp\/v2\/tags?post=50568"}],"curies":[{"name":"wp","href":"https:\/\/api.w.org\/{rel}","templated":true}]}}