{"id":50587,"date":"2025-06-16T11:00:39","date_gmt":"2025-06-16T09:00:39","guid":{"rendered":"https:\/\/edublog.educastur.es\/ixuxu\/?p=50587"},"modified":"2025-06-16T22:44:26","modified_gmt":"2025-06-16T20:44:26","slug":"barbon-noma-la-nueva-conseyera-deducacion","status":"publish","type":"post","link":"https:\/\/edublog.educastur.es\/ixuxu\/2025\/06\/barbon-noma-la-nueva-conseyera-deducacion\/","title":{"rendered":"Barb\u00f3n noma la nueva Conseyera d&#8217;Educaci\u00f3n"},"content":{"rendered":"<div class=\"x9f619 x1n2onr6 x1ja2u2z xeuugli xs83m0k xjl7jj x1xmf6yo x1xegmmw x1e56ztr x13fj5qh xnp8db0 x1d1medc x7ep2pv x1xzczws\">\n<div class=\"x7wzq59\">\n<div>\n<div>\n<div>\n<div class=\"x1yztbdb\">\n<div class=\"html-div xdj266r x14z9mp xat24cr x1lziwak xexx8yu xyri2b x18d9i69 x1c1uobl x78zum5 x1n2onr6 xh8yej3\">\n<div class=\"x1n2onr6 x1ja2u2z x1jx94hy xw5cjc7 x1dmpuos x1vsv7so xau1kf4 x9f619 xh8yej3 x6ikm8r x10wlt62 xquyuld\">\n<div class=\"x1n2onr6 x1ja2u2z x9f619 x78zum5 xdt5ytf x2lah0s x193iq5w xjkvuk6 x1cnzs8\">\n<div class=\"x9f619 x1n2onr6 x1ja2u2z x78zum5 xdt5ytf x1iyjqo2 x2lwn1j\">\n<div class=\"x9f619 x1n2onr6 x1ja2u2z x78zum5 xdt5ytf x2lah0s x193iq5w xf7dkkf xv54qhq\">\n<div class=\"x78zum5 xdt5ytf x4cne27 xifccgj\">\n<div class=\"xzueoph x1k70j0n\">\n<div class=\"x9f619 x1ja2u2z x78zum5 x2lah0s x1n2onr6 x1qughib x6s0dn4 xozqiw3 x1q0g3np xzt5al7\">\n<div class=\"x9f619 x1n2onr6 x1ja2u2z x78zum5 xdt5ytf x193iq5w xeuugli x1r8uery x1iyjqo2 xs83m0k\"><\/div>\n<\/div>\n<\/div>\n<\/div>\n<\/div>\n<\/div>\n<\/div>\n<\/div>\n<\/div>\n<\/div>\n<\/div>\n<\/div>\n<\/div>\n<\/div>\n<\/div>\n<div class=\"x9f619 x1n2onr6 x1ja2u2z xeuugli xs83m0k xjl7jj x1xmf6yo x1xegmmw x1e56ztr x13fj5qh x19h7ccj xu9j1y6 x7ep2pv\">\n<div role=\"feed\">\n<div class=\"x1yztbdb x1n2onr6 xh8yej3 x1ja2u2z\">\n<div class=\"x1n2onr6 x1ja2u2z\">\n<div class=\"x1a2a7pz\" aria-describedby=\"_r_7r_ _r_7s_ _r_7t_ _r_7v_ _r_7u_\" aria-labelledby=\"_r_7q_\">\n<div class=\"x78zum5 xdt5ytf\" data-virtualized=\"false\">\n<div class=\"x9f619 x1n2onr6 x1ja2u2z\">\n<div class=\"html-div xdj266r x14z9mp xat24cr x1lziwak xexx8yu xyri2b x18d9i69 x1c1uobl x78zum5 x1n2onr6 xh8yej3\">\n<div class=\"x1n2onr6 x1ja2u2z x1jx94hy xw5cjc7 x1dmpuos x1vsv7so xau1kf4 x9f619 xh8yej3 x6ikm8r x10wlt62 xquyuld\">\n<div class=\"html-div xdj266r x14z9mp xat24cr x1lziwak xexx8yu xyri2b x18d9i69 x1c1uobl\">\n<div class=\"html-div xdj266r x14z9mp xat24cr x1lziwak xexx8yu xyri2b x18d9i69 x1c1uobl\">\n<div class=\"html-div xdj266r x14z9mp xat24cr x1lziwak xexx8yu xyri2b x18d9i69 x1c1uobl\">\n<div class=\"html-div xdj266r x14z9mp xat24cr x1lziwak xexx8yu xyri2b x18d9i69 x1c1uobl\">\n<div class=\"html-div xdj266r x14z9mp x1lziwak x18d9i69 x1cy8zhl x78zum5 x1q0g3np xod5an3 xz9dl7a x1g0dm76 xpdmqnj\">\n<div class=\"html-div xdj266r x14z9mp xat24cr x1lziwak xexx8yu xyri2b x18d9i69 x1c1uobl x1iyjqo2 xeuugli\">\n<div class=\"x78zum5 xdt5ytf xz62fqu x16ldp7u\">\n<div class=\"xu06os2 x1ok221b\">\n<div id=\"_r_7r_\" class=\"html-div xdj266r x14z9mp xat24cr x1lziwak xexx8yu xyri2b x18d9i69 x1c1uobl x1q0g3np\">\n<div class=\"x6s0dn4 x3nfvp2 xl56j7k\">\n<div class=\"x1i10hfl xjbqb8w x1ejq31n x18oe1m7 x1sy0etr xstzfhl x972fbf x10w94by x1qhh985 x14e42zd x9f619 x1ypdohk xt0psk2 xe8uvvx xdj266r x14z9mp xat24cr x1lziwak xexx8yu xyri2b x18d9i69 x1c1uobl x16tdsg8 x1hl2dhg xggy1nq x1fmog5m xu25z0z x140muxe xo1y3bh x87ps6o x1lku1pv x1a2a7pz x1uhb9sk\" role=\"button\" aria-label=\"Editar destinatarios\">\n<div class=\"x6s0dn4 x78zum5 xl56j7k\">\n<div class=\"x165d6jo\"><a href=\"https:\/\/actualidad.asturias.es\/documents\/537115\/2624058\/2025_06_11+Eva+Ledo%2C+consejera+Educacion.jpeg\/a8811490-dae4-8c5a-12dc-831e95709587?t=1749658045070\"><img loading=\"lazy\" decoding=\"async\" class=\"aligncenter \" src=\"https:\/\/actualidad.asturias.es\/documents\/537115\/2624058\/2025_06_11+Eva+Ledo%2C+consejera+Educacion.jpeg\/a8811490-dae4-8c5a-12dc-831e95709587?t=1749658045070\" width=\"646\" height=\"526\" \/><\/a><\/div>\n<\/div>\n<\/div>\n<\/div>\n<\/div>\n<\/div>\n<\/div>\n<\/div>\n<\/div>\n<\/div>\n<div class=\"html-div xdj266r x14z9mp xat24cr x1lziwak xexx8yu xyri2b x18d9i69 x1c1uobl\">\n<div class=\"html-div xdj266r xat24cr xexx8yu xyri2b x18d9i69 x1c1uobl x1jx94hy x8cjs6t x3sou0m x80vd3b x12u81az x13fuv20 x18b5jzi x1q0q8m5 x1t7ytsu x178xt8z x1lun4ml xso031l xpilrb4 xrx5xu5 x1vn23mh xrws0fy x16azbe4 x6ikm8r x10wlt62 x1diwwjn xbmvrgn\">\n<div class=\"html-div x14z9mp xat24cr x1lziwak xexx8yu xyri2b x18d9i69 x1c1uobl x1y332i5\">\n<div class=\"html-div xdj266r xexx8yu xyri2b x18d9i69 x1c1uobl x1n2onr6 x1lziwak x14z9mp xod5an3\">\n<div class=\"html-div xdj266r x14z9mp xat24cr x1lziwak xexx8yu xyri2b x18d9i69 x1c1uobl x1n2onr6\">\n<div class=\"x6s0dn4 x1jx94hy x78zum5 xdt5ytf x6ikm8r x10wlt62 x1n2onr6 xh8yej3\">\n<div>\n<div class=\"xqtp20y x6ikm8r x10wlt62 x1n2onr6\">\n<div class=\"x10l6tqk x13vifvy\"><\/div>\n<\/div>\n<\/div>\n<\/div>\n<ul>\n<li class=\"x1ey2m1c xtijo5x x1o0tod xg01cxk x47corl x10l6tqk x13vifvy x1ebt8du x19991ni x1dhq9h x1fmog5m xu25z0z x140muxe xo1y3bh\" role=\"none\" data-visualcompletion=\"ignore\"><span class=\"xt0psk2\"><span class=\"xjp7ctv\"><a class=\"x1i10hfl xjbqb8w x1ejq31n x18oe1m7 x1sy0etr xstzfhl x972fbf x10w94by x1qhh985 x14e42zd x9f619 x1ypdohk xt0psk2 xe8uvvx xdj266r x14z9mp xat24cr x1lziwak xexx8yu xyri2b x18d9i69 x1c1uobl x16tdsg8 x1hl2dhg xggy1nq x1a2a7pz xkrqix3 x1sur9pj xzsf02u x1s688f\" role=\"link\" href=\"https:\/\/www.facebook.com\/gobiernodeasturias?__cft__[0]=AZWEr4GXShkc5Bff4tj9hWuxkq-jEeOt57o23a47EKH1lRqnOO3-tmZW3l-xuvB2uL94uHM83mGxSBhKOQh9o5hdXn0EQoqeR7w5A1tG40xrXUfUNBDW_kH2H8m1I0aD3yn-VfCrI4C2oKFvHxN2AaJcc76xFQGvM-mjyMrvgUqicCAG1sZIakhHe-m2RGXga2r-9BgV5hKyEQdinlkSgXW1T6en35pQ6zdLnQDunNqaBQ&amp;__tn__=-UC%2CP-y-R\"><strong class=\"html-strong xdj266r x14z9mp xat24cr x1lziwak xexx8yu xyri2b x18d9i69 x1c1uobl x1hl2dhg x16tdsg8 x1vvkbs x1s688f\"><span class=\"html-span xdj266r x14z9mp xat24cr x1lziwak xexx8yu xyri2b x18d9i69 x1c1uobl x1hl2dhg x16tdsg8 x1vvkbs\">Princip\u00e1u d&#8217;Asturies<\/span><\/strong><\/a><\/span><\/span><span class=\"html-span xdj266r x14z9mp xat24cr x1lziwak xexx8yu xyri2b x18d9i69 x1c1uobl x1hl2dhg x16tdsg8 x1vvkbs x1dor1uw x1n2onr6 xxymvpz\">\u00a0<\/span>\/<span class=\"html-span xexx8yu xyri2b x18d9i69 x1c1uobl x1hl2dhg x16tdsg8 x1vvkbs x3nfvp2 x1j61x8r x1fcty0u xdj266r xat24cr xm2jcoa x1mpyi22 xxymvpz xlup9mm x1kky2od\"><img loading=\"lazy\" decoding=\"async\" class=\"xz74otr x15mokao x1ga7v0g x16uus16 xbiv7yw\" src=\"https:\/\/static.xx.fbcdn.net\/images\/emoji.php\/v9\/t51\/1\/16\/1f449.png\" alt=\"\ud83d\udc49\" width=\"16\" height=\"16\" \/><\/span> <span class=\"html-span xdj266r x14z9mp xat24cr x1lziwak xexx8yu xyri2b x18d9i69 x1c1uobl x1hl2dhg x16tdsg8 x1vvkbs\"><a class=\"x1i10hfl xjbqb8w x1ejq31n x18oe1m7 x1sy0etr xstzfhl x972fbf x10w94by x1qhh985 x14e42zd x9f619 x1ypdohk xt0psk2 xe8uvvx xdj266r x14z9mp xat24cr x1lziwak xexx8yu xyri2b x18d9i69 x1c1uobl x16tdsg8 x1hl2dhg xggy1nq x1a2a7pz xkrqix3 x1sur9pj x1fey0fg x1s688f\" role=\"link\" href=\"https:\/\/l.facebook.com\/l.php?u=https%3A%2F%2Fgoo.su%2FKUugOWS%3Ffbclid%3DIwZXh0bgNhZW0CMTAAYnJpZBExa2h4SUw1MVU4cUJvSHFPZAEeNYhN3NHFPyqT1mndyv0PiAUFRMScWWHWkmRwLMagq1-ajjheBe_Dhb2WJtE_aem_YYdLgCkcdM4AZzVqVvcT2A&amp;h=AT2wm0YCU-vizDyuuwI62sy8z_ypZdV6NLZncYddKVVN_8qRgNDTA4ERXCQnTstTgnEbt1Rk3xavhAqbyo8yCnjJFU-SGmA6i4PxMWzeQAaFXqnYW8-dsROXmqQhAsft8i5Kn8smmJkoMA&amp;__tn__=-UK-y-R&amp;c[0]=AT3zA_sPbCBJhUPjoZ237_s1kH4LRqlxDxPOiEN92E7tdkRDy9B37tVBFjPd1AHiqaAe15V52r1Itw01A2tgSLV0iKk5xLjSC7gLHZfjZ5xYE7Kt4K4OukMNtI84UsZxlfRhCoDtZHVHDXng4Pq-iimSoa7ETU1MgGfs9SHOCBYh1lw4YFzoApZOszkIJ7rn-H45TLZnVro_iSZGlfnKF7MzU6fSJjI0fjeP3tEgz9KlupmWKbM\" target=\"_blank\" rel=\"nofollow noopener noreferrer\">https:\/\/goo.su\/KUugOWS<\/a><\/span><\/li>\n<\/ul>\n<\/div>\n<\/div>\n<div class=\"html-div xdj266r x14z9mp xat24cr x1lziwak xexx8yu xyri2b x18d9i69 x1c1uobl\" dir=\"auto\">\n<div class=\"html-div xdj266r x14z9mp xat24cr x1lziwak xexx8yu xyri2b x18d9i69 x1c1uobl\" dir=\"auto\">\n<div class=\"html-div xdj266r x14z9mp xat24cr x1lziwak xexx8yu xyri2b x18d9i69 x1c1uobl\" data-ad-rendering-role=\"story_message\">\n<div class=\"x1l90r2v x1iorvi4 x1g0dm76 xpdmqnj\" data-ad-comet-preview=\"message\" data-ad-preview=\"message\">\n<div class=\"x78zum5 xdt5ytf xz62fqu x16ldp7u\">\n<div class=\"xu06os2 x1ok221b\">\n<div class=\"html-div xdj266r x14z9mp xat24cr x1lziwak xexx8yu xyri2b x18d9i69 x1c1uobl\">\n<div class=\"xdj266r x14z9mp xat24cr x1lziwak x1vvkbs x126k92a\">\n<div dir=\"auto\"><span class=\"html-span xexx8yu xyri2b x18d9i69 x1c1uobl x1hl2dhg x16tdsg8 x1vvkbs x3nfvp2 x1j61x8r x1fcty0u xdj266r xat24cr xm2jcoa x1mpyi22 xxymvpz xlup9mm x1kky2od\"><img loading=\"lazy\" decoding=\"async\" class=\"xz74otr x15mokao x1ga7v0g x16uus16 xbiv7yw\" src=\"https:\/\/static.xx.fbcdn.net\/images\/emoji.php\/v9\/t51\/1\/16\/2714.png\" alt=\"\u2714\ufe0f\" width=\"16\" height=\"16\" \/><\/span>El presidente <span class=\"html-span xdj266r x14z9mp xat24cr x1lziwak xexx8yu xyri2b x18d9i69 x1c1uobl x1hl2dhg x16tdsg8 x1vvkbs\"><a class=\"x1i10hfl xjbqb8w x1ejq31n x18oe1m7 x1sy0etr xstzfhl x972fbf x10w94by x1qhh985 x14e42zd x9f619 x1ypdohk xt0psk2 xe8uvvx xdj266r x14z9mp xat24cr x1lziwak xexx8yu xyri2b x18d9i69 x1c1uobl x16tdsg8 x1hl2dhg xggy1nq x1a2a7pz xkrqix3 x1sur9pj x1fey0fg x1s688f\" role=\"link\" href=\"https:\/\/www.facebook.com\/AdrianBarbonPSOE?__cft__[0]=AZWEr4GXShkc5Bff4tj9hWuxkq-jEeOt57o23a47EKH1lRqnOO3-tmZW3l-xuvB2uL94uHM83mGxSBhKOQh9o5hdXn0EQoqeR7w5A1tG40xrXUfUNBDW_kH2H8m1I0aD3yn-VfCrI4C2oKFvHxN2AaJcc76xFQGvM-mjyMrvgUqicCAG1sZIakhHe-m2RGXga2r-9BgV5hKyEQdinlkSgXW1T6en35pQ6zdLnQDunNqaBQ&amp;__tn__=-]K-y-R\"><span class=\"xt0psk2\"><span class=\"xjp7ctv\">Adri\u00e1n Barb\u00f3n<\/span><\/span><\/a><\/span> escoy\u00f3 a <span class=\"html-span xdj266r x14z9mp xat24cr x1lziwak xexx8yu xyri2b x18d9i69 x1c1uobl x1hl2dhg x16tdsg8 x1vvkbs\"><a class=\"x1i10hfl xjbqb8w x1ejq31n x18oe1m7 x1sy0etr xstzfhl x972fbf x10w94by x1qhh985 x14e42zd x9f619 x1ypdohk xt0psk2 xe8uvvx xdj266r x14z9mp xat24cr x1lziwak xexx8yu xyri2b x18d9i69 x1c1uobl x16tdsg8 x1hl2dhg xggy1nq x1a2a7pz xkrqix3 x1sur9pj x1fey0fg x1s688f\" role=\"link\" href=\"https:\/\/www.facebook.com\/hashtag\/evaledo?__eep__=6&amp;__cft__[0]=AZWEr4GXShkc5Bff4tj9hWuxkq-jEeOt57o23a47EKH1lRqnOO3-tmZW3l-xuvB2uL94uHM83mGxSBhKOQh9o5hdXn0EQoqeR7w5A1tG40xrXUfUNBDW_kH2H8m1I0aD3yn-VfCrI4C2oKFvHxN2AaJcc76xFQGvM-mjyMrvgUqicCAG1sZIakhHe-m2RGXga2r-9BgV5hKyEQdinlkSgXW1T6en35pQ6zdLnQDunNqaBQ&amp;__tn__=*NK-y-R\">#EvaLedo<\/a><\/span> pa guiar una nueva etapa al frente de la <span class=\"html-span xdj266r x14z9mp xat24cr x1lziwak xexx8yu xyri2b x18d9i69 x1c1uobl x1hl2dhg x16tdsg8 x1vvkbs\"><a class=\"x1i10hfl xjbqb8w x1ejq31n x18oe1m7 x1sy0etr xstzfhl x972fbf x10w94by x1qhh985 x14e42zd x9f619 x1ypdohk xt0psk2 xe8uvvx xdj266r x14z9mp xat24cr x1lziwak xexx8yu xyri2b x18d9i69 x1c1uobl x16tdsg8 x1hl2dhg xggy1nq x1a2a7pz xkrqix3 x1sur9pj x1fey0fg x1s688f\" role=\"link\" href=\"https:\/\/www.facebook.com\/educastur?__cft__[0]=AZWEr4GXShkc5Bff4tj9hWuxkq-jEeOt57o23a47EKH1lRqnOO3-tmZW3l-xuvB2uL94uHM83mGxSBhKOQh9o5hdXn0EQoqeR7w5A1tG40xrXUfUNBDW_kH2H8m1I0aD3yn-VfCrI4C2oKFvHxN2AaJcc76xFQGvM-mjyMrvgUqicCAG1sZIakhHe-m2RGXga2r-9BgV5hKyEQdinlkSgXW1T6en35pQ6zdLnQDunNqaBQ&amp;__tn__=-]K-y-R\"><span class=\"xt0psk2\"><span class=\"xjp7ctv\">Conseyer\u00eda d&#8217;Educaci\u00f3n<\/span><\/span><\/a><\/span> y poner en marcha los compromisos alcanzaos para fortalecer la ense\u00f1anza p\u00fablica.<\/div>\n<div dir=\"auto\"><\/div>\n<\/div>\n<\/div>\n<\/div>\n<\/div>\n<\/div>\n<\/div>\n<\/div>\n<\/div>\n<\/div>\n<\/div>\n<\/div>\n<\/div>\n<\/div>\n<\/div>\n<\/div>\n<\/div>\n<\/div>\n<\/div>\n<\/div>\n<\/div>\n<\/div>\n<\/div>\n<\/div>\n<p><!--more--><\/p>\n<p>La nueva conseyera, que tien amplia esperiencia en llabores de gobiernu, va tomar posesi\u00f3n el pr\u00f3ximu llunes col mandatu de caltener abiertos los calces de di\u00e1logu coles organizaciones sindicales y tola comunid\u00e1 educativa.<\/p>\n<p style=\"text-align: center\"><a href=\"https:\/\/actualidad.asturias.es\/documents\/537115\/2624058\/2025_06_11+presidente+rueda+de+prensa+4.jpg\/c40cd63a-0897-10d4-7fcd-6a550cee213b?t=1749658044920\"><img loading=\"lazy\" decoding=\"async\" class=\"aligncenter size-large\" src=\"https:\/\/actualidad.asturias.es\/documents\/537115\/2624058\/2025_06_11+presidente+rueda+de+prensa+4.jpg\/c40cd63a-0897-10d4-7fcd-6a550cee213b?t=1749658044920\" width=\"4917\" height=\"3327\" \/><\/a><\/p>\n<p>El presidente del Princip\u00e1u d&#8217;Asturies, Adri\u00e1n Barb\u00f3n, escoy\u00f3 a Eva Ledo para emponer la nueva etapa de la Conseyer\u00eda d&#8217;Educaci\u00f3n y poner en marcha todo los compromisos recoy\u00edos nel preacuerdo alcanz\u00e1u colos sindicatos para fortalecer el sistema educativu p\u00fablicu. <strong>La nueva conseyera d&#8217;Educaci\u00f3n va tomar posesi\u00f3n el pr\u00f3ximu llunes, 16 de xunu, antes de la xunta del Conseyu de Gobiernu.<\/strong><\/p>\n<p>Nuna rueda de prensa celebrada esta tarde, Barb\u00f3n valor\u00f3 la esperiencia de gobiernu de Ledo, a quien estim\u00f3&#8217;l pasu alantre y encament\u00f3-y caltener los calces de di\u00e1logu reabiertos col personal docente y les organizaciones sindicales tres el preacuerdo algam\u00e1u&#8217;l llunes, \u201cque supon un pasu fundamental\u201d.<\/p>\n<p>\u201cLa nueva conseyera cree na educaci\u00f3n p\u00fablica asturiana, ye bien respetada y valorada y est\u00edmolu descomanadamente qu&#8217;aceptara, porque ella foi la \u00fanica opci\u00f3n sobro la mesa\u201d, esplic\u00f3&#8217;l xefe del Executivu.<\/p>\n<p>Eva Ledo (Avil\u00e9s, 1966) ye inxeniera industrial especializada n&#8217;Eletricid\u00e1. Dende 1995 ye funcionaria de carrera del Cuerpu de Profesores d&#8217;Ense\u00f1anza Secundaria nes especialidaes de Tecnolox\u00eda y Sistemes Electr\u00f3nicos y Automatismos y forma parte del cuerpu d&#8217;Inspectores d&#8217;Educaci\u00f3n dende 2014. Foi directora xeneral de Personal Docente y de Centros y Rede 0-3 a\u00f1os, seg\u00fan presidenta del Conseyu d&#8217;Asturies de la Formaci\u00f3n Profesional.<\/p>\n<p>Hasta agora exerc\u00eda como subdireutora xeneral de Programes y Xesti\u00f3n del Ministeriu d&#8217;Educaci\u00f3n y tami\u00e9n tien esperiencia nos \u00e1mbitos de la siderurxa, la inform\u00e1tica y l&#8217;inxenier\u00eda de proyectos.<\/p>\n<p style=\"text-align: center\"><a href=\"https:\/\/actualidad.asturias.es\/documents\/537115\/2632292\/2025_06_16+Presidente+Principado+toma+posesi%C3%B3n+Eva+Ledo+%282%29.jpg\/b507cd31-1409-d359-78b0-78d7ddad0921?t=1750065678404\"><img loading=\"lazy\" decoding=\"async\" class=\"aligncenter size-large\" src=\"https:\/\/actualidad.asturias.es\/documents\/537115\/2632292\/2025_06_16+Presidente+Principado+toma+posesi%C3%B3n+Eva+Ledo+%282%29.jpg\/b507cd31-1409-d359-78b0-78d7ddad0921?t=1750065678404\" width=\"3203\" height=\"5127\" \/><\/a><\/p>\n<p style=\"text-align: center\"><a href=\"https:\/\/actualidad.asturias.es\/documents\/537115\/2632403\/2025_06_16+Presidente+Principado+toma+posesi%C3%B3n+Eva+Ledo+%281%29.jpg\/417fd959-dd8b-4bdc-7c6a-e56f2019ba21?t=1750066962477\"><img loading=\"lazy\" decoding=\"async\" class=\"aligncenter size-large\" src=\"https:\/\/actualidad.asturias.es\/documents\/537115\/2632403\/2025_06_16+Presidente+Principado+toma+posesi%C3%B3n+Eva+Ledo+%281%29.jpg\/417fd959-dd8b-4bdc-7c6a-e56f2019ba21?t=1750066962477\" width=\"4920\" height=\"3282\" \/><\/a><\/p>\n<p style=\"text-align: center\">\n<!-- iframe plugin v.6.0 wordpress.org\/plugins\/iframe\/ -->\n<iframe loading=\"lazy\" src=\"https:\/\/www.facebook.com\/plugins\/video.php?height=314&#038;href=https%3A%2F%2Fwww.facebook.com%2Fgobiernodeasturias%2Fvideos%2F1944570726374612%2F&#038;show_text=false&#038;width=560&#038;t=0\" width=\"560\" height=\"314\" style=\"border:none;overflow:hidden\" scrolling=\"no\" frameborder=\"0\" allowfullscreen=\"true\" allow=\"autoplay; clipboard-write; encrypted-media; picture-in-picture; web-share\" 0=\"\/iframe\" class=\"iframe-class\"><\/iframe>\n<\/p>\n<p style=\"text-align: center\"><a href=\"https:\/\/actualidad.asturias.es\/documents\/537115\/2632292\/2025_06_16+Equipo+de+Gobierno+de+Asturias.jpg\/46b8bb0e-b60f-2604-804c-78893fba30c6?t=1750067221480\"><img loading=\"lazy\" decoding=\"async\" class=\"aligncenter size-large\" src=\"https:\/\/actualidad.asturias.es\/documents\/537115\/2632292\/2025_06_16+Equipo+de+Gobierno+de+Asturias.jpg\/46b8bb0e-b60f-2604-804c-78893fba30c6?t=1750067221480\" width=\"1920\" height=\"1446\" \/><\/a><\/p>\n<p style=\"text-align: center\"><span class=\"html-span xexx8yu x4uap5 x18d9i69 xkhd6sd x1hl2dhg x16tdsg8 x1vvkbs x3nfvp2 x1j61x8r x1fcty0u xdj266r xat24cr xgzva0m xhhsvwb xxymvpz xlup9mm x1kky2od\">\n<!-- iframe plugin v.6.0 wordpress.org\/plugins\/iframe\/ -->\n<iframe loading=\"lazy\" src=\"https:\/\/www.instagram.com\/reel\/DK9diVjorSE\/embed\" width=\"460\" height=\"620\" 0=\"\/iframe\" scrolling=\"yes\" class=\"iframe-class\" frameborder=\"0\"><\/iframe>\n<\/span><\/p>\n","protected":false},"excerpt":{"rendered":"<p>Princip\u00e1u d&#8217;Asturies\u00a0\/ https:\/\/goo.su\/KUugOWS El presidente Adri\u00e1n Barb\u00f3n escoy\u00f3 a #EvaLedo pa guiar una nueva etapa al frente de la Conseyer\u00eda d&#8217;Educaci\u00f3n y poner en marcha los compromisos alcanzaos para fortalecer la ense\u00f1anza p\u00fablica.<\/p>\n","protected":false},"author":117,"featured_media":0,"comment_status":"open","ping_status":"open","sticky":false,"template":"","format":"standard","meta":{"footnotes":""},"categories":[132],"tags":[],"class_list":["post-50587","post","type-post","status-publish","format-standard","hentry","category-educastur"],"_links":{"self":[{"href":"https:\/\/edublog.educastur.es\/ixuxu\/wp-json\/wp\/v2\/posts\/50587","targetHints":{"allow":["GET"]}}],"collection":[{"href":"https:\/\/edublog.educastur.es\/ixuxu\/wp-json\/wp\/v2\/posts"}],"about":[{"href":"https:\/\/edublog.educastur.es\/ixuxu\/wp-json\/wp\/v2\/types\/post"}],"author":[{"embeddable":true,"href":"https:\/\/edublog.educastur.es\/ixuxu\/wp-json\/wp\/v2\/users\/117"}],"replies":[{"embeddable":true,"href":"https:\/\/edublog.educastur.es\/ixuxu\/wp-json\/wp\/v2\/comments?post=50587"}],"version-history":[{"count":6,"href":"https:\/\/edublog.educastur.es\/ixuxu\/wp-json\/wp\/v2\/posts\/50587\/revisions"}],"predecessor-version":[{"id":50903,"href":"https:\/\/edublog.educastur.es\/ixuxu\/wp-json\/wp\/v2\/posts\/50587\/revisions\/50903"}],"wp:attachment":[{"href":"https:\/\/edublog.educastur.es\/ixuxu\/wp-json\/wp\/v2\/media?parent=50587"}],"wp:term":[{"taxonomy":"category","embeddable":true,"href":"https:\/\/edublog.educastur.es\/ixuxu\/wp-json\/wp\/v2\/categories?post=50587"},{"taxonomy":"post_tag","embeddable":true,"href":"https:\/\/edublog.educastur.es\/ixuxu\/wp-json\/wp\/v2\/tags?post=50587"}],"curies":[{"name":"wp","href":"https:\/\/api.w.org\/{rel}","templated":true}]}}