{"id":50634,"date":"2025-06-12T08:20:44","date_gmt":"2025-06-12T06:20:44","guid":{"rendered":"https:\/\/edublog.educastur.es\/ixuxu\/?p=50634"},"modified":"2025-06-12T09:13:07","modified_gmt":"2025-06-12T07:13:07","slug":"estau-del-tiempu-xueves-12-xunu","status":"publish","type":"post","link":"https:\/\/edublog.educastur.es\/ixuxu\/2025\/06\/estau-del-tiempu-xueves-12-xunu\/","title":{"rendered":"Est\u00e1u del tiempu: xueves 12 xunu"},"content":{"rendered":"<ul>\n<li>\n<div class=\"html-div xdj266r xat24cr x1lziwak xexx8yu xyri2b x18d9i69 x1c1uobl x78zum5 x2lah0s xqtp20y x1xegmmw\"><\/div>\n<div class=\"html-div xdj266r x14z9mp xat24cr x1lziwak xexx8yu xyri2b x18d9i69 x1c1uobl x1iyjqo2 xeuugli\">\n<div class=\"x78zum5 xdt5ytf xz62fqu x16ldp7u\">\n<div class=\"xu06os2 x1ok221b\">\n<div class=\"html-div xdj266r x14z9mp xat24cr x1lziwak xexx8yu xyri2b x18d9i69 x1c1uobl\" data-ad-rendering-role=\"profile_name\">\n<h2 id=\"_r_9h_\" class=\"html-h2 x14z9mp xat24cr x1lziwak xexx8yu xyri2b x18d9i69 x1c1uobl x1vvkbs x1heor9g x1qlqyl8 x1pd3egz x1a2a7pz x1gslohp x1yc453h\"><span class=\"xt0psk2\" style=\"font-size: 16px\"><span class=\"xjp7ctv\"><a class=\"x1i10hfl xjbqb8w x1ejq31n x18oe1m7 x1sy0etr xstzfhl x972fbf x10w94by x1qhh985 x14e42zd x9f619 x1ypdohk xt0psk2 xe8uvvx xdj266r x14z9mp xat24cr x1lziwak xexx8yu xyri2b x18d9i69 x1c1uobl x16tdsg8 x1hl2dhg xggy1nq x1a2a7pz xkrqix3 x1sur9pj xzsf02u x1s688f\" role=\"link\" href=\"https:\/\/www.facebook.com\/eltiempuenasturies?__cft__[0]=AZX4u1Aw9y1cBH7GEqOEUV_PRD-yEl3oUKjVl4YhtoFExYk9yBffI0Useyih5D5Ae1Wdj7mCVNEgaPGfe6lT4OeTYvrZ1J6Ri0Q_Xq59FNZSTiliTHsqiDwhffAIgXLUOI7GmEPolMFPV4zbKjcF9WBUozyjxC4IwaIXmWOpl1N7_eYr_MH0GLQFzNCPbFzZAiMdcFUtT7vspFkKEZijbAVf&amp;__tn__=-UC%2CP-R\"><strong class=\"html-strong xdj266r x14z9mp xat24cr x1lziwak xexx8yu xyri2b x18d9i69 x1c1uobl x1hl2dhg x16tdsg8 x1vvkbs x1s688f\"><span class=\"html-span xdj266r x14z9mp xat24cr x1lziwak xexx8yu xyri2b x18d9i69 x1c1uobl x1hl2dhg x16tdsg8 x1vvkbs\">El Tiempu n&#8217;Asturies.<\/span><\/strong><\/a><\/span><\/span><\/h2>\n<\/div>\n<\/div>\n<\/div>\n<\/div>\n<\/li>\n<li><strong><span style=\"color: #008080\">Alborecemos<\/span><\/strong> con intervalos nubosos y delles nublines no fonderu los valles con unes temperatures que tan alrodiu de los 15\u00baC, rexistr\u00e1ndose nel puirtu Payares 9,3\u00baC.<\/li>\n<li><strong><span style=\"color: #008080\">G\u00fcei<\/span> <\/strong>vamos tener nubes ya claros o abancios y mui poques posibilidaes de lluvia con unes temperatures que van camudar poco ya col aire que sedr\u00e1 sele ya variable con predominiu de la componente norte.<\/li>\n<\/ul>\n<p><!--more--><\/p>\n<ul>\n<li><strong><span style=\"color: #008080\">Ma\u00f1ana vienres<\/span><\/strong> sedr\u00e1 un d\u00eda mui asemey\u00e1u ya tendremos intervalos nubosos entemecios ente dellos claros o abancios con unes temperatures que van caltenese suaves, am\u00e1s l&#8217;aire sedr\u00e1 de componente norte sele en xeneral.<\/li>\n<li><strong><span style=\"color: #008080\">El s\u00e1badu<\/span><\/strong> vamos tener nubosid\u00e1 baxa que pue dexar dalgo d&#8217;orp\u00edn al alborecer pero nun sedr\u00e1 xeneraliz\u00e1u lo que si tendremos ye un descensu moder\u00e1u de les temperatures que se caltendr\u00e1&#8217;l domingu onde les nubes baxes sedr\u00e1n abondoses na mayor parte d&#8217;Asturies pero sin malpenes orp\u00edn.<\/li>\n<\/ul>\n","protected":false},"excerpt":{"rendered":"<p>El Tiempu n&#8217;Asturies. Alborecemos con intervalos nubosos y delles nublines no fonderu los valles con unes temperatures que tan alrodiu de los 15\u00baC, rexistr\u00e1ndose nel puirtu Payares 9,3\u00baC. G\u00fcei vamos tener nubes ya claros o abancios y mui poques posibilidaes de lluvia con unes temperatures que van camudar poco ya col aire que sedr\u00e1 sele [&hellip;]<\/p>\n","protected":false},"author":117,"featured_media":0,"comment_status":"open","ping_status":"open","sticky":false,"template":"","format":"standard","meta":{"footnotes":""},"categories":[1,5],"tags":[],"class_list":["post-50634","post","type-post","status-publish","format-standard","hentry","category-sin-categoria","category-tiempu"],"_links":{"self":[{"href":"https:\/\/edublog.educastur.es\/ixuxu\/wp-json\/wp\/v2\/posts\/50634","targetHints":{"allow":["GET"]}}],"collection":[{"href":"https:\/\/edublog.educastur.es\/ixuxu\/wp-json\/wp\/v2\/posts"}],"about":[{"href":"https:\/\/edublog.educastur.es\/ixuxu\/wp-json\/wp\/v2\/types\/post"}],"author":[{"embeddable":true,"href":"https:\/\/edublog.educastur.es\/ixuxu\/wp-json\/wp\/v2\/users\/117"}],"replies":[{"embeddable":true,"href":"https:\/\/edublog.educastur.es\/ixuxu\/wp-json\/wp\/v2\/comments?post=50634"}],"version-history":[{"count":2,"href":"https:\/\/edublog.educastur.es\/ixuxu\/wp-json\/wp\/v2\/posts\/50634\/revisions"}],"predecessor-version":[{"id":50636,"href":"https:\/\/edublog.educastur.es\/ixuxu\/wp-json\/wp\/v2\/posts\/50634\/revisions\/50636"}],"wp:attachment":[{"href":"https:\/\/edublog.educastur.es\/ixuxu\/wp-json\/wp\/v2\/media?parent=50634"}],"wp:term":[{"taxonomy":"category","embeddable":true,"href":"https:\/\/edublog.educastur.es\/ixuxu\/wp-json\/wp\/v2\/categories?post=50634"},{"taxonomy":"post_tag","embeddable":true,"href":"https:\/\/edublog.educastur.es\/ixuxu\/wp-json\/wp\/v2\/tags?post=50634"}],"curies":[{"name":"wp","href":"https:\/\/api.w.org\/{rel}","templated":true}]}}