{"id":50637,"date":"2025-06-12T08:30:57","date_gmt":"2025-06-12T06:30:57","guid":{"rendered":"https:\/\/edublog.educastur.es\/ixuxu\/?p=50637"},"modified":"2025-06-12T09:27:27","modified_gmt":"2025-06-12T07:27:27","slug":"el-tiempu-el-comercio-64","status":"publish","type":"post","link":"https:\/\/edublog.educastur.es\/ixuxu\/2025\/06\/el-tiempu-el-comercio-64\/","title":{"rendered":"El tiempu (El Comercio)"},"content":{"rendered":"<p style=\"text-align: center\"><a href=\"https:\/\/s3.ppllstatics.com\/elcomercio\/www\/multimedia\/2025\/06\/11\/tiempo-asturias-jueves-12-junio-kzBD-U2301948938566Ca-1200x860@El%20Comercio.jpg\"><img loading=\"lazy\" decoding=\"async\" class=\"aligncenter size-large\" src=\"https:\/\/s3.ppllstatics.com\/elcomercio\/www\/multimedia\/2025\/06\/11\/tiempo-asturias-jueves-12-junio-kzBD-U2301948938566Ca-1200x860@El%20Comercio.jpg\" width=\"1200\" height=\"860\" \/><\/a><\/p>\n<p>Vamos tener un d\u00eda estable en ll\u00ednees xenerales.<span style=\"color: #008080\"><strong> La ma\u00f1ana<\/strong> <\/span>va presentase asoleyada en gran parte del Princip\u00e1u cola presencia, a lo sumo, de dellos intervalos de nubes altes que van dir de menos a m\u00e1s. <span style=\"color: #008080\"><strong>Pela tarde<\/strong> <\/span>ye posible que tami\u00e9n apaezan nubes de tipu mediu y nun se refuga dalg\u00fan bastios nel cordal y zones pr\u00f3ximes. <span style=\"color: #008080\"><strong>Les temperatures m\u00e1ximes<\/strong><\/span> van baxar nel interior y van caltenese ensin cambeos na mari\u00f1a. <span style=\"color: #008080\"><strong>Les m\u00ednimes<\/strong><\/span> van baxar llixeramente en tola rex\u00f3n.<span style=\"color: #008080\"><strong> Los vientos<\/strong> <\/span>van soplar de sur nel cordal y nel terciu oeste mientres la ma\u00f1ana, y pela tarde van predominar les raches moderaes de nordeste na mari\u00f1a, ente que nel restu d&#8217;Asturies van acabar siendo fluexos y variables.<\/p>\n<p><!--more--><\/p>\n<ul>\n<li><strong>El vienres<\/strong> vamos tener intervalos nublos pela ma\u00f1ana con encl\u00edn a aumentar la nubosid\u00e1 col intre de les hores. Les temperatures m\u00e1ximes apenes van variar y les m\u00ednimes van poder xubir un pocu nam\u00e1 nel interior central. Nun ye descartable delles precipitaciones d\u00e9biles pela tarde.<\/li>\n<li><strong> El s\u00e1badu<\/strong> preve un descensu xeneraliz\u00e1u de les temperatures diurnes de forma que en munches localidaes nun consigan superar los 20 \u00baC (en munches poblaciones nin siquiamente van #algamar).<\/li>\n<li><strong>Pocos cambeos pal domingu.<\/strong><\/li>\n<\/ul>\n<p>&nbsp;<\/p>\n","protected":false},"excerpt":{"rendered":"<p>Vamos tener un d\u00eda estable en ll\u00ednees xenerales. La ma\u00f1ana va presentase asoleyada en gran parte del Princip\u00e1u cola presencia, a lo sumo, de dellos intervalos de nubes altes que van dir de menos a m\u00e1s. Pela tarde ye posible que tami\u00e9n apaezan nubes de tipu mediu y nun se refuga dalg\u00fan bastios nel cordal [&hellip;]<\/p>\n","protected":false},"author":117,"featured_media":0,"comment_status":"open","ping_status":"open","sticky":false,"template":"","format":"standard","meta":{"footnotes":""},"categories":[5],"tags":[],"class_list":["post-50637","post","type-post","status-publish","format-standard","hentry","category-tiempu"],"_links":{"self":[{"href":"https:\/\/edublog.educastur.es\/ixuxu\/wp-json\/wp\/v2\/posts\/50637","targetHints":{"allow":["GET"]}}],"collection":[{"href":"https:\/\/edublog.educastur.es\/ixuxu\/wp-json\/wp\/v2\/posts"}],"about":[{"href":"https:\/\/edublog.educastur.es\/ixuxu\/wp-json\/wp\/v2\/types\/post"}],"author":[{"embeddable":true,"href":"https:\/\/edublog.educastur.es\/ixuxu\/wp-json\/wp\/v2\/users\/117"}],"replies":[{"embeddable":true,"href":"https:\/\/edublog.educastur.es\/ixuxu\/wp-json\/wp\/v2\/comments?post=50637"}],"version-history":[{"count":1,"href":"https:\/\/edublog.educastur.es\/ixuxu\/wp-json\/wp\/v2\/posts\/50637\/revisions"}],"predecessor-version":[{"id":50638,"href":"https:\/\/edublog.educastur.es\/ixuxu\/wp-json\/wp\/v2\/posts\/50637\/revisions\/50638"}],"wp:attachment":[{"href":"https:\/\/edublog.educastur.es\/ixuxu\/wp-json\/wp\/v2\/media?parent=50637"}],"wp:term":[{"taxonomy":"category","embeddable":true,"href":"https:\/\/edublog.educastur.es\/ixuxu\/wp-json\/wp\/v2\/categories?post=50637"},{"taxonomy":"post_tag","embeddable":true,"href":"https:\/\/edublog.educastur.es\/ixuxu\/wp-json\/wp\/v2\/tags?post=50637"}],"curies":[{"name":"wp","href":"https:\/\/api.w.org\/{rel}","templated":true}]}}