{"id":50642,"date":"2025-06-11T09:47:04","date_gmt":"2025-06-11T07:47:04","guid":{"rendered":"https:\/\/edublog.educastur.es\/ixuxu\/?p=50642"},"modified":"2025-06-12T11:09:43","modified_gmt":"2025-06-12T09:09:43","slug":"votacion-de-la-reforma-del-estatutu-pa-da-y-oficialida-a-las-llingua","status":"publish","type":"post","link":"https:\/\/edublog.educastur.es\/ixuxu\/2025\/06\/votacion-de-la-reforma-del-estatutu-pa-da-y-oficialida-a-las-llingua\/","title":{"rendered":"Votaci\u00f3n de la reforma del Estatutu d&#8217;Autonom\u00eda pa da-y oficialid\u00e1 a les Lling\u00fces d&#8217;Asturies"},"content":{"rendered":"<p style=\"text-align: center\">\n<!-- iframe plugin v.6.0 wordpress.org\/plugins\/iframe\/ -->\n<iframe loading=\"lazy\" src=\"https:\/\/www.facebook.com\/plugins\/video.php?height=315&#038;href=https%3A%2F%2Fwww.facebook.com%2Freel%2F1689109618645183%2F&#038;show_text=false&#038;width=560&#038;t=0\" width=\"560\" height=\"315\" style=\"border:none;overflow:hidden\" scrolling=\"no\" frameborder=\"0\" allowfullscreen=\"true\" allow=\"autoplay; clipboard-write; encrypted-media; picture-in-picture; web-share\" 0=\"\/iframe\" class=\"iframe-class\"><\/iframe>\n<\/p>\n<ul>\n<li>Fonte: <a href=\"https:\/\/www.eldiario.es\/asturias\/parlamento-asturiano-inicia-tramite-reforma-estatuto-exito-esperable-si-pp-no-cambia-opinion_1_12065750.html\">El Diario<\/a> \/<\/li>\n<\/ul>\n<p><!--more--><\/p>\n<p>Asturies empecipia&#8217;l tr\u00e1mite de la improbable reforma del Estatutu, que precisa&#8217;l votu del PP para oficializar les lling\u00fces propies.\u00a0De los diputaos del PP depende que la reforma del Estatutu d&#8217;Autonom\u00eda, necesaria para declarar la oficialid\u00e1 de les lling\u00fcas asturianes.<\/p>\n<p style=\"text-align: center\"><a href=\"https:\/\/static.eldiario.es\/clip\/4494bdfb-bfe7-45cb-8c49-f8a950dd3b6e_16-9-discover-aspect-ratio_default_0.webp\"><img loading=\"lazy\" decoding=\"async\" class=\"aligncenter size-large\" src=\"https:\/\/static.eldiario.es\/clip\/4494bdfb-bfe7-45cb-8c49-f8a950dd3b6e_16-9-discover-aspect-ratio_default_0.webp\" width=\"1200\" height=\"675\" \/><\/a><\/p>\n<p>La Xunta Xeneral del Princip\u00e1u alderic\u00f3 sobro&#8217;l entamu de los tr\u00e1mites para reformar l&#8217;Estatutu d&#8217;Autonom\u00eda, concretamente, el cap\u00edtulu 4, de cara a la declaraci\u00f3n de la oficialid\u00e1 de les lling\u00fces\u00a0 asturianes, l&#8217;asturianu y l&#8217;eonaviego.<\/p>\n<div class=\"html-div xdj266r xat24cr x1lziwak xexx8yu xyri2b x18d9i69 x1c1uobl x78zum5 x2lah0s xqtp20y x1xegmmw\">\n<div class=\"xc9qbxq x14qfxbe x6s0dn4 x78zum5 xl56j7k\">\n<div class=\"\" style=\"text-align: center\"><a href=\"https:\/\/s1.ppllstatics.com\/elcomercio\/www\/multimedia\/2025\/06\/12\/oficialidad-R0oQ56WZAhSqPHbvB1qBJsL-1200x840@El%20Comercio.jpg\"><img loading=\"lazy\" decoding=\"async\" class=\"aligncenter size-large\" src=\"https:\/\/s1.ppllstatics.com\/elcomercio\/www\/multimedia\/2025\/06\/12\/oficialidad-R0oQ56WZAhSqPHbvB1qBJsL-1200x840@El%20Comercio.jpg\" width=\"1200\" height=\"840\" \/><\/a><\/div>\n<\/div>\n<\/div>\n<div class=\"x78zum5 xdt5ytf xz62fqu x16ldp7u\">\n<div class=\"xu06os2 x1ok221b\">\n<div class=\"html-div xdj266r x14z9mp xat24cr x1lziwak xexx8yu xyri2b x18d9i69 x1c1uobl\" data-ad-rendering-role=\"profile_name\">\n<h3 class=\"html-h3 x14z9mp xat24cr x1lziwak xexx8yu xyri2b x18d9i69 x1c1uobl x1vvkbs x1heor9g x1qlqyl8 x1pd3egz x1a2a7pz x1gslohp x1yc453h\"><span class=\"x1lliihq x6ikm8r x10wlt62 x1n2onr6\"><span class=\"xt0psk2\"><span class=\"xjp7ctv\"><a class=\"x1i10hfl xjbqb8w x1ejq31n x18oe1m7 x1sy0etr xstzfhl x972fbf x10w94by x1qhh985 x14e42zd x9f619 x1ypdohk xt0psk2 xe8uvvx xdj266r x14z9mp xat24cr x1lziwak xexx8yu xyri2b x18d9i69 x1c1uobl x16tdsg8 x1hl2dhg xggy1nq x1a2a7pz xkrqix3 x1sur9pj xzsf02u x1s688f\" role=\"link\" href=\"https:\/\/www.facebook.com\/inaciu?__cft__[0]=AZWMZP5-Wz7S9vnauJPYaZdT7OkBqmqQYcfHHL2-WNUoWVt6AnjikJ0TJeSqStYS0ne9tr1VGZWZzVQweOlRyJ4UnDEBXSQFiAfsFd1N5LRQFwGBZwUwBvwm49KCZwaqQZf1owQ7K88pYxn1L5SkU9ZCT7q0HpNWI3W94F-k0UquW7js0rZtwEyajmAhN9r1l3QOsNZrmQ_zg81IRMkm2n_w&amp;__tn__=-UC%2CP-y-R\"><strong class=\"html-strong xdj266r x14z9mp xat24cr x1lziwak xexx8yu xyri2b x18d9i69 x1c1uobl x1hl2dhg x16tdsg8 x1vvkbs x1s688f\"><span class=\"html-span xdj266r x14z9mp xat24cr x1lziwak xexx8yu xyri2b x18d9i69 x1c1uobl x1hl2dhg x16tdsg8 x1vvkbs\">Inaciu Gal\u00e1n<\/span><\/strong><\/a><\/span><\/span><\/span><\/h3>\n<\/div>\n<\/div>\n<p>Esti xueves pue ser un d\u00eda hest\u00f3ricu pa les lling\u00fces d\u2019Asturies. V\u00f3tase la reforma del Estatutu pa la <span class=\"html-span xdj266r x14z9mp xat24cr x1lziwak xexx8yu xyri2b x18d9i69 x1c1uobl x1hl2dhg x16tdsg8 x1vvkbs\"><a class=\"x1i10hfl xjbqb8w x1ejq31n x18oe1m7 x1sy0etr xstzfhl x972fbf x10w94by x1qhh985 x14e42zd x9f619 x1ypdohk xt0psk2 xe8uvvx xdj266r x14z9mp xat24cr x1lziwak xexx8yu xyri2b x18d9i69 x1c1uobl x16tdsg8 x1hl2dhg xggy1nq x1a2a7pz xkrqix3 x1sur9pj x1fey0fg x1s688f\" role=\"link\" href=\"https:\/\/www.facebook.com\/hashtag\/oficialid%C3%A1?__eep__=6&amp;__cft__[0]=AZWMZP5-Wz7S9vnauJPYaZdT7OkBqmqQYcfHHL2-WNUoWVt6AnjikJ0TJeSqStYS0ne9tr1VGZWZzVQweOlRyJ4UnDEBXSQFiAfsFd1N5LRQFwGBZwUwBvwm49KCZwaqQZf1owQ7K88pYxn1L5SkU9ZCT7q0HpNWI3W94F-k0UquW7js0rZtwEyajmAhN9r1l3QOsNZrmQ_zg81IRMkm2n_w&amp;__tn__=*NK-y-R\">#oficialid\u00e1<\/a><\/span>. Pero faen falta los votos del @PP_Asturias, y\u00e1 que ye precisa una mayoria reforciada de 27\/45. En tou casu va demostrase que la mayor\u00eda absoluta 23\/45 de los representantes de la socied\u00e1 asturiana. @AlvaroQueipo ta a tiempu d\u2019evitar que perdamos esti tren pal futuru d\u2019Asturies.<\/p>\n<p>La oficialid\u00e1 del asturianu decae al nun consiguir el sofitu de la mayor\u00eda reforzada de la C\u00e1mara El<br \/>\ndictame sale adelantre col sofitu de la mayor\u00eda simple, pero <strong>la reforma del Estatutu d&#8217;Autonom\u00eda riqu\u00eda del respaldu de 27 de los 45 diputaos asturianos.<\/strong><\/p>\n<\/div>\n<div class=\"html-div xdj266r x14z9mp xat24cr x1lziwak xexx8yu xyri2b x18d9i69 x1c1uobl\" dir=\"auto\">\n<div class=\"html-div xdj266r x14z9mp xat24cr x1lziwak xexx8yu xyri2b x18d9i69 x1c1uobl\" dir=\"auto\">\n<div class=\"html-div xdj266r x14z9mp xat24cr x1lziwak xexx8yu xyri2b x18d9i69 x1c1uobl\" data-ad-rendering-role=\"story_message\">\n<div class=\"x1l90r2v x1iorvi4 x1g0dm76 xpdmqnj\" data-ad-comet-preview=\"message\" data-ad-preview=\"message\">\n<div class=\"x78zum5 xdt5ytf xz62fqu x16ldp7u\">\n<div class=\"xu06os2 x1ok221b\">\n<div class=\"html-div xdj266r x14z9mp xat24cr x1lziwak xexx8yu xyri2b x18d9i69 x1c1uobl\">\n<div class=\"xdj266r x14z9mp xat24cr x1lziwak x1vvkbs x126k92a\"><\/div>\n<\/div>\n<\/div>\n<\/div>\n<\/div>\n<\/div>\n<\/div>\n<\/div>\n","protected":false},"excerpt":{"rendered":"<p>Fonte: El Diario \/<\/p>\n","protected":false},"author":117,"featured_media":0,"comment_status":"open","ping_status":"open","sticky":false,"template":"","format":"standard","meta":{"footnotes":""},"categories":[51],"tags":[],"class_list":["post-50642","post","type-post","status-publish","format-standard","hentry","category-oficialida"],"_links":{"self":[{"href":"https:\/\/edublog.educastur.es\/ixuxu\/wp-json\/wp\/v2\/posts\/50642","targetHints":{"allow":["GET"]}}],"collection":[{"href":"https:\/\/edublog.educastur.es\/ixuxu\/wp-json\/wp\/v2\/posts"}],"about":[{"href":"https:\/\/edublog.educastur.es\/ixuxu\/wp-json\/wp\/v2\/types\/post"}],"author":[{"embeddable":true,"href":"https:\/\/edublog.educastur.es\/ixuxu\/wp-json\/wp\/v2\/users\/117"}],"replies":[{"embeddable":true,"href":"https:\/\/edublog.educastur.es\/ixuxu\/wp-json\/wp\/v2\/comments?post=50642"}],"version-history":[{"count":10,"href":"https:\/\/edublog.educastur.es\/ixuxu\/wp-json\/wp\/v2\/posts\/50642\/revisions"}],"predecessor-version":[{"id":50665,"href":"https:\/\/edublog.educastur.es\/ixuxu\/wp-json\/wp\/v2\/posts\/50642\/revisions\/50665"}],"wp:attachment":[{"href":"https:\/\/edublog.educastur.es\/ixuxu\/wp-json\/wp\/v2\/media?parent=50642"}],"wp:term":[{"taxonomy":"category","embeddable":true,"href":"https:\/\/edublog.educastur.es\/ixuxu\/wp-json\/wp\/v2\/categories?post=50642"},{"taxonomy":"post_tag","embeddable":true,"href":"https:\/\/edublog.educastur.es\/ixuxu\/wp-json\/wp\/v2\/tags?post=50642"}],"curies":[{"name":"wp","href":"https:\/\/api.w.org\/{rel}","templated":true}]}}