{"id":50649,"date":"2025-06-12T10:05:08","date_gmt":"2025-06-12T08:05:08","guid":{"rendered":"https:\/\/edublog.educastur.es\/ixuxu\/?p=50649"},"modified":"2025-06-12T10:08:49","modified_gmt":"2025-06-12T08:08:49","slug":"premiu-grana-semilla-dinnovacion-quotorga-copae","status":"publish","type":"post","link":"https:\/\/edublog.educastur.es\/ixuxu\/2025\/06\/premiu-grana-semilla-dinnovacion-quotorga-copae\/","title":{"rendered":"Premiu Grana\/semilla d&#8217;Innovaci\u00f3n qu&#8217;otorga COPAE"},"content":{"rendered":"<div class=\"html-div xdj266r xat24cr x1lziwak xexx8yu xyri2b x18d9i69 x1c1uobl x78zum5 x2lah0s xqtp20y x1xegmmw\">\n<div class=\"xc9qbxq x14qfxbe x6s0dn4 x78zum5 xl56j7k\">\n<div class=\"\" style=\"text-align: center\">\n<!-- iframe plugin v.6.0 wordpress.org\/plugins\/iframe\/ -->\n<iframe loading=\"lazy\" src=\"https:\/\/www.facebook.com\/plugins\/video.php?height=476&#038;href=https%3A%2F%2Fwww.facebook.com%2FRTPAoficial%2Fvideos%2F763508439336745%2F&#038;show_text=false&#038;width=476&#038;t=0\" width=\"476\" height=\"476\" style=\"border:none;overflow:hidden\" scrolling=\"no\" frameborder=\"0\" allowfullscreen=\"true\" allow=\"autoplay; clipboard-write; encrypted-media; picture-in-picture; web-share\" 0=\"\/iframe\" class=\"iframe-class\"><\/iframe>\n<\/div>\n<\/div>\n<\/div>\n<div class=\"x78zum5 xdt5ytf xz62fqu x16ldp7u\">\n<div class=\"xu06os2 x1ok221b\">\n<div class=\"html-div xdj266r x14z9mp xat24cr x1lziwak xexx8yu xyri2b x18d9i69 x1c1uobl\" data-ad-rendering-role=\"profile_name\">\n<ul>\n<li class=\"html-h3 x14z9mp xat24cr x1lziwak xexx8yu xyri2b x18d9i69 x1c1uobl x1vvkbs x1heor9g x1qlqyl8 x1pd3egz x1a2a7pz x1gslohp x1yc453h\"><span class=\"x1lliihq x6ikm8r x10wlt62 x1n2onr6\"><span class=\"xt0psk2\"><span class=\"xjp7ctv\"><a class=\"x1i10hfl xjbqb8w x1ejq31n x18oe1m7 x1sy0etr xstzfhl x972fbf x10w94by x1qhh985 x14e42zd x9f619 x1ypdohk xt0psk2 xe8uvvx xdj266r x14z9mp xat24cr x1lziwak xexx8yu xyri2b x18d9i69 x1c1uobl x16tdsg8 x1hl2dhg xggy1nq x1a2a7pz xkrqix3 x1sur9pj xzsf02u x1s688f\" role=\"link\" href=\"https:\/\/www.facebook.com\/RTPAoficial?__cft__[0]=AZWziNiXHGfyOED4IJfQ-qoKYAtgvp0h65S0qs_or7DZWZlnZfgpiLBMoFL1SBdF6Ii8l6Iq8kFsrkViCaBj3cxozrehbw1UsxFuPPkB2Q-HqMalZZQM4Mfj66ecgP1MSJ5Nm7zk0DbJp_Y2YTSPMja55UtZOkWxvnnD2MGp1S7s61T__kOIiz_voxE64twFC3UYZIAI56sUZP6fagXrQOMmTnxEk9RWWGkFbN39Ee-ANQ&amp;__tn__=-UC%2CP-y-R\"><strong class=\"html-strong xdj266r x14z9mp xat24cr x1lziwak xexx8yu xyri2b x18d9i69 x1c1uobl x1hl2dhg x16tdsg8 x1vvkbs x1s688f\"><span class=\"html-span xdj266r x14z9mp xat24cr x1lziwak xexx8yu xyri2b x18d9i69 x1c1uobl x1hl2dhg x16tdsg8 x1vvkbs\">Radiotelevisi\u00f3n del Principado de Asturias<\/span><\/strong><\/a><\/span><\/span><\/span><\/li>\n<\/ul>\n<\/div>\n<\/div>\n<div class=\"xu06os2 x1ok221b\">\n<div class=\"html-div xdj266r x14z9mp xat24cr x1lziwak xexx8yu xyri2b x18d9i69 x1c1uobl x1q0g3np\">\ud83e\udd6c\ud83e\uddc4\ud83e\uddc5\ud83d\udd2cEl colexu p\u00fablicu L&#8217;Ablanu de L&#8217;Infiestu llogra&#8217;l premiu <strong>Grana d&#8217;Innovaci\u00f3n qu&#8217;otorga COPAE<\/strong>. L&#8217;alumn\u00e1u del centru combina agricultura y reciclaxe.<a href=\"https:\/\/www.bioecoactual.com\/2025\/06\/12\/colegio-ablanu-infiesto-premio-copae-huerto-escolar\/\">\u00a0 Noticia<\/a> \/<\/div>\n<div><!--more--><\/div>\n<ul>\n<li class=\"html-div xdj266r x14z9mp xat24cr x1lziwak xexx8yu xyri2b x18d9i69 x1c1uobl x1q0g3np\">@CopaeAsturias <span class=\"html-span xdj266r x14z9mp xat24cr x1lziwak xexx8yu xyri2b x18d9i69 x1c1uobl x1hl2dhg x16tdsg8 x1vvkbs\"><a class=\"x1i10hfl xjbqb8w x1ejq31n x18oe1m7 x1sy0etr xstzfhl x972fbf x10w94by x1qhh985 x14e42zd x9f619 x1ypdohk xt0psk2 xe8uvvx xdj266r x14z9mp xat24cr x1lziwak xexx8yu xyri2b x18d9i69 x1c1uobl x16tdsg8 x1hl2dhg xggy1nq x1a2a7pz xkrqix3 x1sur9pj x1fey0fg x1s688f\" role=\"link\" href=\"https:\/\/www.facebook.com\/hashtag\/agriculturaecol%C3%B3gica?__eep__=6&amp;__cft__[0]=AZWziNiXHGfyOED4IJfQ-qoKYAtgvp0h65S0qs_or7DZWZlnZfgpiLBMoFL1SBdF6Ii8l6Iq8kFsrkViCaBj3cxozrehbw1UsxFuPPkB2Q-HqMalZZQM4Mfj66ecgP1MSJ5Nm7zk0DbJp_Y2YTSPMja55UtZOkWxvnnD2MGp1S7s61T__kOIiz_voxE64twFC3UYZIAI56sUZP6fagXrQOMmTnxEk9RWWGkFbN39Ee-ANQ&amp;__tn__=*NK-y-R\">#agriculturaecol\u00f3gica<\/a><\/span> <span class=\"html-span xdj266r x14z9mp xat24cr x1lziwak xexx8yu xyri2b x18d9i69 x1c1uobl x1hl2dhg x16tdsg8 x1vvkbs\"><a class=\"x1i10hfl xjbqb8w x1ejq31n x18oe1m7 x1sy0etr xstzfhl x972fbf x10w94by x1qhh985 x14e42zd x9f619 x1ypdohk xt0psk2 xe8uvvx xdj266r x14z9mp xat24cr x1lziwak xexx8yu xyri2b x18d9i69 x1c1uobl x16tdsg8 x1hl2dhg xggy1nq x1a2a7pz xkrqix3 x1sur9pj x1fey0fg x1s688f\" role=\"link\" href=\"https:\/\/www.facebook.com\/hashtag\/medioambiente?__eep__=6&amp;__cft__[0]=AZWziNiXHGfyOED4IJfQ-qoKYAtgvp0h65S0qs_or7DZWZlnZfgpiLBMoFL1SBdF6Ii8l6Iq8kFsrkViCaBj3cxozrehbw1UsxFuPPkB2Q-HqMalZZQM4Mfj66ecgP1MSJ5Nm7zk0DbJp_Y2YTSPMja55UtZOkWxvnnD2MGp1S7s61T__kOIiz_voxE64twFC3UYZIAI56sUZP6fagXrQOMmTnxEk9RWWGkFbN39Ee-ANQ&amp;__tn__=*NK-y-R\">#medioambiente<\/a><\/span> <span class=\"html-span xdj266r x14z9mp xat24cr x1lziwak xexx8yu xyri2b x18d9i69 x1c1uobl x1hl2dhg x16tdsg8 x1vvkbs\"><a class=\"x1i10hfl xjbqb8w x1ejq31n x18oe1m7 x1sy0etr xstzfhl x972fbf x10w94by x1qhh985 x14e42zd x9f619 x1ypdohk xt0psk2 xe8uvvx xdj266r x14z9mp xat24cr x1lziwak xexx8yu xyri2b x18d9i69 x1c1uobl x16tdsg8 x1hl2dhg xggy1nq x1a2a7pz xkrqix3 x1sur9pj x1fey0fg x1s688f\" role=\"link\" href=\"https:\/\/www.facebook.com\/hashtag\/educaci%C3%B3n?__eep__=6&amp;__cft__[0]=AZWziNiXHGfyOED4IJfQ-qoKYAtgvp0h65S0qs_or7DZWZlnZfgpiLBMoFL1SBdF6Ii8l6Iq8kFsrkViCaBj3cxozrehbw1UsxFuPPkB2Q-HqMalZZQM4Mfj66ecgP1MSJ5Nm7zk0DbJp_Y2YTSPMja55UtZOkWxvnnD2MGp1S7s61T__kOIiz_voxE64twFC3UYZIAI56sUZP6fagXrQOMmTnxEk9RWWGkFbN39Ee-ANQ&amp;__tn__=*NK-y-R\">#educaci\u00f3n<\/a><\/span><\/li>\n<\/ul>\n<p>El<span style=\"color: #008080\"><strong> Conseyu de la Producci\u00f3n Agraria Ecol\u00f3xica del Princip\u00e1u d&#8217;Asturies (COPAE)<\/strong><\/span> y Caxa Rural d&#8217;Asturies apurrieron el Premiu \u00abGrana d&#8217;Innovaci\u00f3n nel G\u00fcertu Escolar\u00bb al Colexu P\u00fablicu L\u2019Ablanu d&#8217;Infiesto, en reconocencia al so proyectu <span style=\"color: #008080\"><strong>\u00abL\u2019Ablanu ll\u00e9vate al g\u00fcertu\u00bb<\/strong><\/span>, una iniciativa educativa qu&#8217;integra sostenibilid\u00e1, inclusi\u00f3n, circularid\u00e1 y participaci\u00f3n comu\u00f1al al travi\u00e9s del g\u00fcertu escolar ecol\u00f3xicu.<\/p>\n<p style=\"text-align: center\"><a href=\"https:\/\/www.bioecoactual.com\/wp-content\/uploads\/2025\/06\/premio-copae-huerto-escolar.jpg\">https:\/\/www.bioecoactual.com\/wp-content\/uploads\/2025\/06\/premio-copae-huerto-escolar.jpg<\/a><\/p>\n<p>El premiu, dot\u00e1u con un cheque de 400 euros, microscopios escolares, dos mididores de pH para&#8217;l suelu y una placa conmemorativa, foi apurr\u00edu esta ma\u00f1ana n&#8217;el mesmu centru educativu, nun actu nel que participaron representantes del COPAE, de Caxa Rural, profesor\u00e1u y direcci\u00f3n del centru y alumn\u00e1u.<\/p>\n<p>El proyectu galardon\u00e1u destaca pol so enfoque tresversal ya integrador, onde&#8217;l g\u00fcertu escolar convertiose nuna redolada viva d&#8217;aprendizaxe. La comunid\u00e1 educativa participa viviegamente n&#8217;actividaes como compostaxe de borrafes org\u00e1niques, creaci\u00f3n de xardinos de polinizadores, llamargues d&#8217;anfibios, hoteles d&#8217;insectos, patrulles de reciclaxe y xornaes de voluntari\u00e1u ambiental en collaboraci\u00f3n col Conceyu de Pilo\u00f1a y l&#8217;AMPA del centru.<\/p>\n<p><span style=\"color: #008080\"><strong>\u00abL\u2019Ablanu ll\u00e9vate al g\u00fcertu\u00bb<\/strong><\/span> consolid\u00f3se como&#8217;l filo conductor de la vida escolar nel centru, integrando conten\u00edos curriculares, fomentando vocaciones cient\u00edfiques (STEAM) y <strong>promoviendo valores como la equid\u00e1, la sostenibilid\u00e1, l&#8217;alimentaci\u00f3n saludable y el respetu pola diversid\u00e1.<\/strong> Am\u00e1s, el compost xener\u00e1u nel colexu \u2014ente 3 y 4 tonelaes el cursu pas\u00e1u\u2014 vuelve al g\u00fcertu como fertilizante, y los productos cultivaos peracabaren n&#8217;el mesmu comedor escolar.<\/p>\n<p>El galard\u00f3n forma parte de les actividaes de la Rede de G\u00fcertos Escolares Ecol\u00f3xicos Caxa Rural d&#8217;Asturies, impulsada pol COPAE col sofitu de Caxa Rural d&#8217;Asturies, y qu&#8217;arrexunta a barganal de 150 centros educativos. La rede trabaya por que los g\u00fcertos escolares ecol\u00f3xicos s\u00edan espacios d&#8217;aprendizaxe y tresformamientu con impactu real na redolada.<\/p>\n<\/div>\n<\/div>\n<p style=\"text-align: center\"><a href=\"https:\/\/www.bioecoactual.com\/wp-content\/uploads\/2025\/06\/huerto-escolar-copae.jpg\">https:\/\/www.bioecoactual.com\/wp-content\/uploads\/2025\/06\/huerto-escolar-copae.jpg<\/a><\/p>\n","protected":false},"excerpt":{"rendered":"<p>Radiotelevisi\u00f3n del Principado de Asturias \ud83e\udd6c\ud83e\uddc4\ud83e\uddc5\ud83d\udd2cEl colexu p\u00fablicu L&#8217;Ablanu de L&#8217;Infiestu llogra&#8217;l premiu Grana d&#8217;Innovaci\u00f3n qu&#8217;otorga COPAE. L&#8217;alumn\u00e1u del centru combina agricultura y reciclaxe.\u00a0 Noticia \/<\/p>\n","protected":false},"author":117,"featured_media":0,"comment_status":"open","ping_status":"open","sticky":false,"template":"","format":"standard","meta":{"footnotes":""},"categories":[1],"tags":[],"class_list":["post-50649","post","type-post","status-publish","format-standard","hentry","category-sin-categoria"],"_links":{"self":[{"href":"https:\/\/edublog.educastur.es\/ixuxu\/wp-json\/wp\/v2\/posts\/50649","targetHints":{"allow":["GET"]}}],"collection":[{"href":"https:\/\/edublog.educastur.es\/ixuxu\/wp-json\/wp\/v2\/posts"}],"about":[{"href":"https:\/\/edublog.educastur.es\/ixuxu\/wp-json\/wp\/v2\/types\/post"}],"author":[{"embeddable":true,"href":"https:\/\/edublog.educastur.es\/ixuxu\/wp-json\/wp\/v2\/users\/117"}],"replies":[{"embeddable":true,"href":"https:\/\/edublog.educastur.es\/ixuxu\/wp-json\/wp\/v2\/comments?post=50649"}],"version-history":[{"count":5,"href":"https:\/\/edublog.educastur.es\/ixuxu\/wp-json\/wp\/v2\/posts\/50649\/revisions"}],"predecessor-version":[{"id":50656,"href":"https:\/\/edublog.educastur.es\/ixuxu\/wp-json\/wp\/v2\/posts\/50649\/revisions\/50656"}],"wp:attachment":[{"href":"https:\/\/edublog.educastur.es\/ixuxu\/wp-json\/wp\/v2\/media?parent=50649"}],"wp:term":[{"taxonomy":"category","embeddable":true,"href":"https:\/\/edublog.educastur.es\/ixuxu\/wp-json\/wp\/v2\/categories?post=50649"},{"taxonomy":"post_tag","embeddable":true,"href":"https:\/\/edublog.educastur.es\/ixuxu\/wp-json\/wp\/v2\/tags?post=50649"}],"curies":[{"name":"wp","href":"https:\/\/api.w.org\/{rel}","templated":true}]}}