{"id":50658,"date":"2025-06-12T10:16:27","date_gmt":"2025-06-12T08:16:27","guid":{"rendered":"https:\/\/edublog.educastur.es\/ixuxu\/?p=50658"},"modified":"2025-06-12T10:40:27","modified_gmt":"2025-06-12T08:40:27","slug":"maraton-beethoven-de-la-ospa-nel-auditoriu-principe-felipe-duvieu","status":"publish","type":"post","link":"https:\/\/edublog.educastur.es\/ixuxu\/2025\/06\/maraton-beethoven-de-la-ospa-nel-auditoriu-principe-felipe-duvieu\/","title":{"rendered":"\u00abMarat\u00f3n Beethoven\u00bb de la OSPA nel Auditoriu Pr\u00edncipe Felipe d&#8217;Uvi\u00e9u"},"content":{"rendered":"<div class=\"html-div xdj266r xat24cr x1lziwak xexx8yu xyri2b x18d9i69 x1c1uobl x78zum5 x2lah0s xqtp20y x1xegmmw\">\n<div class=\"x1vqgdyp x100vrsf\">\n<div class=\"\" style=\"text-align: center\"><a href=\"https:\/\/ospa.es\/wp-content\/uploads\/2024\/09\/J-Perianes_13%C2%A9IGOR-STUDIO-scaled.jpg\"><img loading=\"lazy\" decoding=\"async\" class=\"aligncenter \" src=\"https:\/\/ospa.es\/wp-content\/uploads\/2024\/09\/J-Perianes_13%C2%A9IGOR-STUDIO-scaled.jpg\" width=\"353\" height=\"353\" \/><\/a><\/div>\n<\/div>\n<\/div>\n<div class=\"html-div xdj266r x14z9mp xat24cr x1lziwak xexx8yu xyri2b x18d9i69 x1c1uobl x1iyjqo2 xeuugli\">\n<div class=\"x78zum5 xdt5ytf xz62fqu x16ldp7u\">\n<div class=\"xu06os2 x1ok221b\">\n<div class=\"html-div xdj266r x14z9mp xat24cr x1lziwak xexx8yu xyri2b x18d9i69 x1c1uobl\" data-ad-rendering-role=\"profile_name\">\n<ul>\n<li id=\"_r_8q_\" class=\"html-h2 x14z9mp xat24cr x1lziwak xexx8yu xyri2b x18d9i69 x1c1uobl x1vvkbs x1heor9g x1qlqyl8 x1pd3egz x1a2a7pz x1gslohp x1yc453h\"><span class=\"xt0psk2\"><span class=\"xjp7ctv\"><a class=\"x1i10hfl xjbqb8w x1ejq31n x18oe1m7 x1sy0etr xstzfhl x972fbf x10w94by x1qhh985 x14e42zd x9f619 x1ypdohk xt0psk2 xe8uvvx xdj266r x14z9mp xat24cr x1lziwak xexx8yu xyri2b x18d9i69 x1c1uobl x16tdsg8 x1hl2dhg xggy1nq x1a2a7pz xkrqix3 x1sur9pj xzsf02u x1s688f\" role=\"link\" href=\"https:\/\/www.facebook.com\/culturaAST?__cft__[0]=AZXQ5hvYpWrJW4MFunf5OowfAcPowT60kuO2MvvKmKk9zjUWVYQqlfjxTIj4v1MUnn0qJf0a80t0r3pWTdny9dMBno28HCLufEe_C1wOSlSZ2m0BBIVRdf_YpFJoDxiwhtH6MlCPZtU_4M3PBmfOzX8kl7Oz0q-UFdPxGW2cmFf-DftSqOaR6pB-HZer2taw6O2X_knItSEVdWi3Lb1ijDwA&amp;__tn__=-UC%2CP-R\"><strong class=\"html-strong xdj266r x14z9mp xat24cr x1lziwak xexx8yu xyri2b x18d9i69 x1c1uobl x1hl2dhg x16tdsg8 x1vvkbs x1s688f\"><span class=\"html-span xdj266r x14z9mp xat24cr x1lziwak xexx8yu xyri2b x18d9i69 x1c1uobl x1hl2dhg x16tdsg8 x1vvkbs\">Conseyer\u00eda de Cultura, Pol\u00edtica Lling\u00fc\u00edstica y Deporte<\/span><\/strong><\/a><\/span><\/span><\/li>\n<\/ul>\n<\/div>\n<\/div>\n<div class=\"xu06os2 x1ok221b\"><\/div>\n<\/div>\n<\/div>\n<div class=\"html-div xdj266r x14z9mp xat24cr x1lziwak xexx8yu xyri2b x18d9i69 x1c1uobl\" dir=\"auto\">\n<div class=\"html-div xdj266r x14z9mp xat24cr x1lziwak xexx8yu xyri2b x18d9i69 x1c1uobl\" data-ad-rendering-role=\"story_message\">\n<div id=\"_r_8s_\" class=\"x1l90r2v x1iorvi4 x1g0dm76 xpdmqnj\" data-ad-comet-preview=\"message\" data-ad-preview=\"message\">\n<div class=\"x78zum5 xdt5ytf xz62fqu x16ldp7u\">\n<div class=\"xu06os2 x1ok221b\">\n<div class=\"html-div xdj266r x14z9mp xat24cr x1lziwak xexx8yu xyri2b x18d9i69 x1c1uobl\">\n<div class=\"xdj266r x14z9mp xat24cr x1lziwak x1vvkbs x126k92a\">\n<div dir=\"auto\"><span class=\"html-span xexx8yu xyri2b x18d9i69 x1c1uobl x1hl2dhg x16tdsg8 x1vvkbs x3nfvp2 x1j61x8r x1fcty0u xdj266r xat24cr xm2jcoa x1mpyi22 xxymvpz xlup9mm x1kky2od\"><img loading=\"lazy\" decoding=\"async\" class=\"xz74otr x15mokao x1ga7v0g x16uus16 xbiv7yw\" src=\"https:\/\/static.xx.fbcdn.net\/images\/emoji.php\/v9\/ta2\/1\/16\/1f3b9.png\" alt=\"\ud83c\udfb9\" width=\"16\" height=\"16\" \/><\/span> Esta selmana la <span class=\"html-span xdj266r x14z9mp xat24cr x1lziwak xexx8yu xyri2b x18d9i69 x1c1uobl x1hl2dhg x16tdsg8 x1vvkbs\"><a class=\"x1i10hfl xjbqb8w x1ejq31n x18oe1m7 x1sy0etr xstzfhl x972fbf x10w94by x1qhh985 x14e42zd x9f619 x1ypdohk xt0psk2 xe8uvvx xdj266r x14z9mp xat24cr x1lziwak xexx8yu xyri2b x18d9i69 x1c1uobl x16tdsg8 x1hl2dhg xggy1nq x1a2a7pz xkrqix3 x1sur9pj x1fey0fg x1s688f\" role=\"link\" href=\"https:\/\/www.facebook.com\/OSPAorquesta?__cft__[0]=AZXQ5hvYpWrJW4MFunf5OowfAcPowT60kuO2MvvKmKk9zjUWVYQqlfjxTIj4v1MUnn0qJf0a80t0r3pWTdny9dMBno28HCLufEe_C1wOSlSZ2m0BBIVRdf_YpFJoDxiwhtH6MlCPZtU_4M3PBmfOzX8kl7Oz0q-UFdPxGW2cmFf-DftSqOaR6pB-HZer2taw6O2X_knItSEVdWi3Lb1ijDwA&amp;__tn__=-]K-R\"><span class=\"xt0psk2\"><span class=\"xjp7ctv\">\ud835\udc0e\ud835\udc12\ud835\udc0f\ud835\udc00 Orquesta Sinf\u00f3nica del Principado de Asturias<\/span><\/span><\/a><\/span> celebra dos conciertos bien especiales: \u00a1un marat\u00f3n Beethoven! El pianista internacional Javier Perianes va interpretar los cinco conciertos pa pianu del compositor alem\u00e1n, acompa\u00f1\u00e1u pola orquesta.<\/div>\n<div dir=\"auto\"><strong><!--more--><\/strong><\/div>\n<\/div>\n<div class=\"x14z9mp xat24cr x1lziwak x1vvkbs xtlvy1s x126k92a\">\n<ul>\n<li dir=\"auto\"><span class=\"html-span xexx8yu xyri2b x18d9i69 x1c1uobl x1hl2dhg x16tdsg8 x1vvkbs x3nfvp2 x1j61x8r x1fcty0u xdj266r xat24cr xm2jcoa x1mpyi22 xxymvpz xlup9mm x1kky2od\"><img loading=\"lazy\" decoding=\"async\" class=\"xz74otr x15mokao x1ga7v0g x16uus16 xbiv7yw\" src=\"https:\/\/static.xx.fbcdn.net\/images\/emoji.php\/v9\/t1f\/1\/16\/1f3b6.png\" alt=\"\ud83c\udfb6\" width=\"16\" height=\"16\" \/><\/span><span class=\"html-span xexx8yu xyri2b x18d9i69 x1c1uobl x1hl2dhg x16tdsg8 x1vvkbs x3nfvp2 x1j61x8r x1fcty0u xdj266r xat24cr xm2jcoa x1mpyi22 xxymvpz xlup9mm x1kky2od\"><img loading=\"lazy\" decoding=\"async\" class=\"xz74otr x15mokao x1ga7v0g x16uus16 xbiv7yw\" src=\"https:\/\/static.xx.fbcdn.net\/images\/emoji.php\/v9\/t2d\/1\/16\/1f4cd.png\" alt=\"\ud83d\udccd\" width=\"16\" height=\"16\" \/><\/span>Auditoriu Pr\u00edncipe Felipe (Uvi\u00e9u) \/\u00a0<span class=\"html-span xexx8yu xyri2b x18d9i69 x1c1uobl x1hl2dhg x16tdsg8 x1vvkbs x3nfvp2 x1j61x8r x1fcty0u xdj266r xat24cr xm2jcoa x1mpyi22 xxymvpz xlup9mm x1kky2od\"><img loading=\"lazy\" decoding=\"async\" class=\"xz74otr x15mokao x1ga7v0g x16uus16 xbiv7yw\" src=\"https:\/\/static.xx.fbcdn.net\/images\/emoji.php\/v9\/tff\/1\/16\/1f4c6.png\" alt=\"\ud83d\udcc6\" width=\"16\" height=\"16\" \/><\/span> 12 y 14 de xunu<\/li>\n<\/ul>\n<\/div>\n<div class=\"x14z9mp xat24cr x1lziwak x1vvkbs xtlvy1s x126k92a\">\n<ul>\n<li dir=\"auto\"><span class=\"html-span xexx8yu xyri2b x18d9i69 x1c1uobl x1hl2dhg x16tdsg8 x1vvkbs x3nfvp2 x1j61x8r x1fcty0u xdj266r xat24cr xm2jcoa x1mpyi22 xxymvpz xlup9mm x1kky2od\"><img loading=\"lazy\" decoding=\"async\" class=\"xz74otr x15mokao x1ga7v0g x16uus16 xbiv7yw\" src=\"https:\/\/static.xx.fbcdn.net\/images\/emoji.php\/v9\/t5c\/1\/16\/1f5d3.png\" alt=\"\ud83d\uddd3\" width=\"16\" height=\"16\" \/><\/span> El xueves 12 vas poder esfrutar del n\u00fam. 2, 3 y 4. El s\u00e1badu 14, del n\u00fam. 1 y del famosu \u00abEmperador\u00bb. Una oportunid\u00e1 \u00fanica de ver estos conciertos nun mesmu ciclu.\n<div dir=\"auto\"><\/div>\n<\/li>\n<li dir=\"auto\">\n<div dir=\"auto\"><span class=\"html-span xexx8yu xyri2b x18d9i69 x1c1uobl x1hl2dhg x16tdsg8 x1vvkbs x3nfvp2 x1j61x8r x1fcty0u xdj266r xat24cr xm2jcoa x1mpyi22 xxymvpz xlup9mm x1kky2od\"><img loading=\"lazy\" decoding=\"async\" class=\"xz74otr x15mokao x1ga7v0g x16uus16 xbiv7yw\" src=\"https:\/\/static.xx.fbcdn.net\/images\/emoji.php\/v9\/td8\/1\/16\/1f39f.png\" alt=\"\ud83c\udf9f\" width=\"16\" height=\"16\" \/><\/span> Entraes individuales dende 13 \u20ac y abonu pa los dos d\u00edes dende 22 \u20ac (abon\u00e1u OSPA: 13 \u20ac)<\/div>\n<\/li>\n<li dir=\"auto\">\n<div dir=\"auto\"><span class=\"html-span xexx8yu xyri2b x18d9i69 x1c1uobl x1hl2dhg x16tdsg8 x1vvkbs x3nfvp2 x1j61x8r x1fcty0u xdj266r xat24cr xm2jcoa x1mpyi22 xxymvpz xlup9mm x1kky2od\"><img loading=\"lazy\" decoding=\"async\" class=\"xz74otr x15mokao x1ga7v0g x16uus16 xbiv7yw\" src=\"https:\/\/static.xx.fbcdn.net\/images\/emoji.php\/v9\/tb3\/1\/16\/1f517.png\" alt=\"\ud83d\udd17\" width=\"16\" height=\"16\" \/><\/span> Venta en taquilla del Auditoriu<\/div>\n<\/li>\n<li dir=\"auto\">\n<div dir=\"auto\"><span class=\"html-span xexx8yu xyri2b x18d9i69 x1c1uobl x1hl2dhg x16tdsg8 x1vvkbs x3nfvp2 x1j61x8r x1fcty0u xdj266r xat24cr xm2jcoa x1mpyi22 xxymvpz xlup9mm x1kky2od\"><img loading=\"lazy\" decoding=\"async\" class=\"xz74otr x15mokao x1ga7v0g x16uus16 xbiv7yw\" src=\"https:\/\/static.xx.fbcdn.net\/images\/emoji.php\/v9\/tb0\/1\/16\/1f558.png\" alt=\"\ud83d\udd58\" width=\"16\" height=\"16\" \/><\/span> 9:30-14:00 y el d\u00eda del conciertu dende les 17:00<\/div>\n<\/li>\n<li dir=\"auto\">\n<div dir=\"auto\"><span class=\"html-span xexx8yu xyri2b x18d9i69 x1c1uobl x1hl2dhg x16tdsg8 x1vvkbs x3nfvp2 x1j61x8r x1fcty0u xdj266r xat24cr xm2jcoa x1mpyi22 xxymvpz xlup9mm x1kky2od\"><img loading=\"lazy\" decoding=\"async\" class=\"xz74otr x15mokao x1ga7v0g x16uus16 xbiv7yw\" src=\"https:\/\/static.xx.fbcdn.net\/images\/emoji.php\/v9\/t8e\/1\/16\/2139.png\" alt=\"\u2139\ufe0f\" width=\"16\" height=\"16\" \/><\/span> M\u00e1s info en <span class=\"html-span xdj266r x14z9mp xat24cr x1lziwak xexx8yu xyri2b x18d9i69 x1c1uobl x1hl2dhg x16tdsg8 x1vvkbs\"><a class=\"x1i10hfl xjbqb8w x1ejq31n x18oe1m7 x1sy0etr xstzfhl x972fbf x10w94by x1qhh985 x14e42zd x9f619 x1ypdohk xt0psk2 xe8uvvx xdj266r x14z9mp xat24cr x1lziwak xexx8yu xyri2b x18d9i69 x1c1uobl x16tdsg8 x1hl2dhg xggy1nq x1a2a7pz xkrqix3 x1sur9pj x1fey0fg x1s688f\" role=\"link\" href=\"https:\/\/l.facebook.com\/l.php?u=http%3A%2F%2Fwww.ospa.es%2F%3Ffbclid%3DIwZXh0bgNhZW0CMTAAYnJpZBEwd2VMc2dPZjFEU2RYMEsxUgEe9H6u34SLXaqi9pioroJkoGdO8FeWxlrD6dVV1yF8To4yO7nEbmI-J90r-M4_aem_o0NMB2-mpNzb0_wIAXW8KA&amp;h=AT1Crwj8rGrD4Gg3slxGrqkvQvJmL9jnR7eLt7-POC1SF7v_RX36zqtxxrzGEQcG2zSDxDI7xpJSq9MnSEVYCJ9c5Hob45CORnofKm4kOA5mDrZYj0w0ETRAzr9_PfqLBaVrnBxHUPNvHmM&amp;__tn__=-UK-R&amp;c[0]=AT2LTsrae2OKEJE6ZZgYGD4FXdgGO6Z5SsTeaYe6Da7PXaftBKcsBhFnpdkOg_UecT1Bs3uMIQuztBIAeGS-_hwOKvsy6rafJy_itRo4TF1SUXdWRnWkY3zqJ56NpA6_BLpEgsEIX90heM3cp1E7Vq1RgLxLoXritU1YUQAB5AGb68HSOIECPdxMj2MoP6A3iirb2O5xvL5TDW5dw5SEGQ3HX_URtdHm\" target=\"_blank\" rel=\"nofollow noopener noreferrer\">www.ospa.es<\/a><\/span><\/div>\n<\/li>\n<\/ul>\n<\/div>\n<\/div>\n<\/div>\n<\/div>\n<\/div>\n<\/div>\n<\/div>\n<p style=\"text-align: center\">\n<!-- iframe plugin v.6.0 wordpress.org\/plugins\/iframe\/ -->\n<iframe loading=\"lazy\" src=\"https:\/\/www.facebook.com\/plugins\/post.php?href=https%3A%2F%2Fwww.facebook.com%2Fphoto.php%3Ffbid%3D122179348310297870%26set%3Da.122096741246297870%26type%3D3&#038;show_text=false&#038;width=500\" width=\"500\" height=\"498\" style=\"border:none;overflow:hidden\" scrolling=\"no\" frameborder=\"0\" allowfullscreen=\"true\" allow=\"autoplay; clipboard-write; encrypted-media; picture-in-picture; web-share\" 0=\"\/iframe\" class=\"iframe-class\"><\/iframe>\n<\/p>\n","protected":false},"excerpt":{"rendered":"<p>Conseyer\u00eda de Cultura, Pol\u00edtica Lling\u00fc\u00edstica y Deporte Esta selmana la \ud835\udc0e\ud835\udc12\ud835\udc0f\ud835\udc00 Orquesta Sinf\u00f3nica del Principado de Asturias celebra dos conciertos bien especiales: \u00a1un marat\u00f3n Beethoven! El pianista internacional Javier Perianes va interpretar los cinco conciertos pa pianu del compositor alem\u00e1n, acompa\u00f1\u00e1u pola orquesta.<\/p>\n","protected":false},"author":117,"featured_media":0,"comment_status":"open","ping_status":"open","sticky":false,"template":"","format":"standard","meta":{"footnotes":""},"categories":[35],"tags":[],"class_list":["post-50658","post","type-post","status-publish","format-standard","hentry","category-musica"],"_links":{"self":[{"href":"https:\/\/edublog.educastur.es\/ixuxu\/wp-json\/wp\/v2\/posts\/50658","targetHints":{"allow":["GET"]}}],"collection":[{"href":"https:\/\/edublog.educastur.es\/ixuxu\/wp-json\/wp\/v2\/posts"}],"about":[{"href":"https:\/\/edublog.educastur.es\/ixuxu\/wp-json\/wp\/v2\/types\/post"}],"author":[{"embeddable":true,"href":"https:\/\/edublog.educastur.es\/ixuxu\/wp-json\/wp\/v2\/users\/117"}],"replies":[{"embeddable":true,"href":"https:\/\/edublog.educastur.es\/ixuxu\/wp-json\/wp\/v2\/comments?post=50658"}],"version-history":[{"count":1,"href":"https:\/\/edublog.educastur.es\/ixuxu\/wp-json\/wp\/v2\/posts\/50658\/revisions"}],"predecessor-version":[{"id":50659,"href":"https:\/\/edublog.educastur.es\/ixuxu\/wp-json\/wp\/v2\/posts\/50658\/revisions\/50659"}],"wp:attachment":[{"href":"https:\/\/edublog.educastur.es\/ixuxu\/wp-json\/wp\/v2\/media?parent=50658"}],"wp:term":[{"taxonomy":"category","embeddable":true,"href":"https:\/\/edublog.educastur.es\/ixuxu\/wp-json\/wp\/v2\/categories?post=50658"},{"taxonomy":"post_tag","embeddable":true,"href":"https:\/\/edublog.educastur.es\/ixuxu\/wp-json\/wp\/v2\/tags?post=50658"}],"curies":[{"name":"wp","href":"https:\/\/api.w.org\/{rel}","templated":true}]}}