{"id":50672,"date":"2025-06-12T17:00:41","date_gmt":"2025-06-12T15:00:41","guid":{"rendered":"https:\/\/edublog.educastur.es\/ixuxu\/?p=50672"},"modified":"2025-06-14T11:38:52","modified_gmt":"2025-06-14T09:38:52","slug":"nikea-asturies-cumplimos-20-anos","status":"publish","type":"post","link":"https:\/\/edublog.educastur.es\/ixuxu\/2025\/06\/nikea-asturies-cumplimos-20-anos\/","title":{"rendered":"IKEA Asturies celebra&#8217;l 20\u00ba aniversariu"},"content":{"rendered":"<div class=\"x9f619 x1n2onr6 x1ja2u2z x193iq5w xeuugli x1r8uery x1iyjqo2 xs83m0k x1icxu4v x25sj25\">\n<div class=\"html-div x14z9mp x1lziwak xyri2b x1c1uobl x4vbgl9 x1rdy4ex x6ikm8r x10wlt62 xjkvuk6 x1iorvi4\">\n<div class=\"x78zum5 xdt5ytf xz62fqu x16ldp7u\">\n<div style=\"text-align: center\">\n<!-- iframe plugin v.6.0 wordpress.org\/plugins\/iframe\/ -->\n<iframe loading=\"lazy\" src=\"https:\/\/www.facebook.com\/plugins\/video.php?height=476&#038;href=https%3A%2F%2Fwww.facebook.com%2FIKEAAsturias%2Fvideos%2F2337604839970028%2F&#038;show_text=false&#038;width=476&#038;t=0\" width=\"476\" height=\"476\" style=\"border:none;overflow:hidden\" scrolling=\"no\" frameborder=\"0\" allowfullscreen=\"true\" allow=\"autoplay; clipboard-write; encrypted-media; picture-in-picture; web-share\" 0=\"\/iframe\" class=\"iframe-class\"><\/iframe>\n<\/div>\n<div><\/div>\n<div class=\"xu06os2 x1ok221b\">N&#8217;IKEA Asturies cumplimos 20 a\u00f1os. Ven a celebralo con un mont\u00f3n d&#8217;ufiertes y actividaes. \u00a1ESPER\u00c1MOSTE!<\/div>\n<\/div>\n<\/div>\n<\/div>\n<div class=\"xu06os2 x1ok221b\">\n<div class=\"html-div xdj266r x14z9mp xat24cr x1lziwak xexx8yu xyri2b x18d9i69 x1c1uobl\" data-ad-rendering-role=\"profile_name\">\n<ul>\n<li class=\"html-h3 x14z9mp xat24cr x1lziwak xexx8yu xyri2b x18d9i69 x1c1uobl x1vvkbs x1heor9g x1qlqyl8 x1pd3egz x1a2a7pz x1gslohp x1yc453h\"><span class=\"x1lliihq x6ikm8r x10wlt62 x1n2onr6\"><span class=\"xt0psk2\"><span class=\"xjp7ctv\"><a class=\"x1i10hfl xjbqb8w x1ejq31n x18oe1m7 x1sy0etr xstzfhl x972fbf x10w94by x1qhh985 x14e42zd x9f619 x1ypdohk xt0psk2 xe8uvvx xdj266r x14z9mp xat24cr x1lziwak xexx8yu xyri2b x18d9i69 x1c1uobl x16tdsg8 x1hl2dhg xggy1nq x1a2a7pz xkrqix3 x1sur9pj xzsf02u x1s688f\" role=\"link\" href=\"https:\/\/www.facebook.com\/IKEAAsturias?__cft__[0]=AZWDJBFqgkBhwRhcB3Tbom7PwHLTHtvCuSAluXlBhaXouqO_pAKRn-1-VTBzpFsG-cbEkC7Mg8H6JHCr-MVp_0B_lqZl2lIkz6gBsUI71I1gtFqHyteYtm98hgCeETOHgGsEwupemWelr7TuNG2nxV3qKiRWZOLV2xtxSWbAc4ontZa7Ie05M0PGXZl_cyg258CYAuEc-rUboWbx3MNILzaM6_MV_PsDZUIm8qBJWZbQaQ&amp;__tn__=-UC%2CP-y-R\"><strong class=\"html-strong xdj266r x14z9mp xat24cr x1lziwak xexx8yu xyri2b x18d9i69 x1c1uobl x1hl2dhg x16tdsg8 x1vvkbs x1s688f\"><span class=\"html-span xdj266r x14z9mp xat24cr x1lziwak xexx8yu xyri2b x18d9i69 x1c1uobl x1hl2dhg x16tdsg8 x1vvkbs\">IKEA (Asturias)<\/span><\/strong><\/a><\/span><\/span><\/span>\/<a href=\"https:\/\/www.rtpa.es\/noticias-asturias-ast\/2025-06-13\/IKEA-anuncia-una-inversion-de-6-millones-n'Asturies,-onde-celebra'l-20%C2%BA-aniversariu_111749814390.html\"> RTPA<\/a> \/<\/li>\n<\/ul>\n<ul>\n<li class=\"font-size-xxl margin-b-5 font-weight-b color-b-050 letter-spacing--1 fuente-corporativa\">IKEA anuncia una inversi\u00f3n de 6 millones n&#8217;Asturies, onde celebra&#8217;l 20\u00ba aniversariu<\/li>\n<\/ul>\n<p id=\"area_imagen_ac\"><!--more--><\/p>\n<div id=\"mediaplayer\">\n<div id=\"video-a-reproducir3790262007\" class=\"video-js vjs-default-skin vjs-16-9 vjs-big-play-centered vjs-paused vjs-fluid video-a-reproducir3790262007-dimensions vjs-controls-enabled vjs-workinghover vjs-v8 vjs-user-active vjs-layout-medium vjs-hls-quality-selector\" lang=\"es\" role=\"region\" aria-label=\"Reproductor de Video\">\n<div class=\"vjs-poster\"><img decoding=\"async\" src=\"https:\/\/www.rtpa.es\/fotos\/\/25\/06\/20250613133243_RTPA6727309.webp\" alt=\"\" \/><\/div>\n<div class=\"vjs-text-track-display\" aria-live=\"off\">\n<div><\/div>\n<\/div>\n<\/div>\n<\/div>\n<div id=\"mediaplayer\"><\/div>\n<div id=\"noticiacompleta\" class=\"parragraph-padding font-c-conent\">\n<p class=\"font-size-m padding-b-20 font-weight-b margin-t-16\">El presidente del Gobiernu auton\u00f3micu destaca l&#8217;\u00e9situ algam\u00e1u por IKEA n&#8217;Asturies dende la so implantaci\u00f3n.<\/p>\n<p>IKEA anunci\u00f3 esti vienres que nos pr\u00f3ximos a\u00f1os va invertir m\u00e1s de 6 millones d&#8217;euros p&#8217;ameyorar la esperiencia na tienda allugada nel conceyu de Siero, que g\u00fcei celebra&#8217;l ventiavu aniversariu de la so implantaci\u00f3n n&#8217;Asturies.<\/p>\n<p>Asina lo anunci\u00f3&#8217;l director de la empresa sueca nel Princip\u00e1u, Eduardo Garc\u00eda, nel actu de conmemoraci\u00f3n, nel que tami\u00e9n intervino&#8217;l presidente del Princip\u00e1u, Adri\u00e1n Barb\u00f3n.<\/p>\n<p>El presidente del Gobiernu auton\u00f3micu destac\u00f3 l&#8217;\u00e9situ algam\u00e1u por IKEA n&#8217;Asturies dende la so implantaci\u00f3n, reflex\u00e1u en datos como los 35 millones de visitantes que recibi\u00f3 dende ent\u00f3s la tienda, na que trabayen m\u00e1s de 500 persones, el 96% con contratu indefin\u00edu, y na que les muyeres representen m\u00e1s del 64% de la plantiya.<\/p>\n<\/div>\n<\/div>\n<\/div>\n<p>&nbsp;<\/p>\n<div class=\"html-div xdj266r x14z9mp xat24cr x1lziwak xexx8yu xyri2b x18d9i69 x1c1uobl\" dir=\"auto\">\n<div class=\"html-div xdj266r x14z9mp xat24cr x1lziwak xexx8yu xyri2b x18d9i69 x1c1uobl\" dir=\"auto\">\n<div class=\"html-div xdj266r x14z9mp xat24cr x1lziwak xexx8yu xyri2b x18d9i69 x1c1uobl\" data-ad-rendering-role=\"story_message\">\n<div class=\"x1l90r2v x1iorvi4 x1g0dm76 xpdmqnj\" data-ad-comet-preview=\"message\" data-ad-preview=\"message\">\n<div class=\"x78zum5 xdt5ytf xz62fqu x16ldp7u\">\n<div class=\"xu06os2 x1ok221b\">\n<div class=\"html-div xdj266r x14z9mp xat24cr x1lziwak xexx8yu xyri2b x18d9i69 x1c1uobl\">\n<div class=\"xdj266r x14z9mp xat24cr x1lziwak x1vvkbs x126k92a\">\n<div dir=\"auto\"><\/div>\n<\/div>\n<\/div>\n<\/div>\n<\/div>\n<\/div>\n<\/div>\n<\/div>\n<\/div>\n","protected":false},"excerpt":{"rendered":"<p>N&#8217;IKEA Asturies cumplimos 20 a\u00f1os. Ven a celebralo con un mont\u00f3n d&#8217;ufiertes y actividaes. \u00a1ESPER\u00c1MOSTE! IKEA (Asturias)\/ RTPA \/ IKEA anuncia una inversi\u00f3n de 6 millones n&#8217;Asturies, onde celebra&#8217;l 20\u00ba aniversariu<\/p>\n","protected":false},"author":117,"featured_media":0,"comment_status":"open","ping_status":"open","sticky":false,"template":"","format":"standard","meta":{"footnotes":""},"categories":[107,119],"tags":[],"class_list":["post-50672","post","type-post","status-publish","format-standard","hentry","category-aniversariu","category-empreses"],"_links":{"self":[{"href":"https:\/\/edublog.educastur.es\/ixuxu\/wp-json\/wp\/v2\/posts\/50672","targetHints":{"allow":["GET"]}}],"collection":[{"href":"https:\/\/edublog.educastur.es\/ixuxu\/wp-json\/wp\/v2\/posts"}],"about":[{"href":"https:\/\/edublog.educastur.es\/ixuxu\/wp-json\/wp\/v2\/types\/post"}],"author":[{"embeddable":true,"href":"https:\/\/edublog.educastur.es\/ixuxu\/wp-json\/wp\/v2\/users\/117"}],"replies":[{"embeddable":true,"href":"https:\/\/edublog.educastur.es\/ixuxu\/wp-json\/wp\/v2\/comments?post=50672"}],"version-history":[{"count":3,"href":"https:\/\/edublog.educastur.es\/ixuxu\/wp-json\/wp\/v2\/posts\/50672\/revisions"}],"predecessor-version":[{"id":50751,"href":"https:\/\/edublog.educastur.es\/ixuxu\/wp-json\/wp\/v2\/posts\/50672\/revisions\/50751"}],"wp:attachment":[{"href":"https:\/\/edublog.educastur.es\/ixuxu\/wp-json\/wp\/v2\/media?parent=50672"}],"wp:term":[{"taxonomy":"category","embeddable":true,"href":"https:\/\/edublog.educastur.es\/ixuxu\/wp-json\/wp\/v2\/categories?post=50672"},{"taxonomy":"post_tag","embeddable":true,"href":"https:\/\/edublog.educastur.es\/ixuxu\/wp-json\/wp\/v2\/tags?post=50672"}],"curies":[{"name":"wp","href":"https:\/\/api.w.org\/{rel}","templated":true}]}}