{"id":50674,"date":"2025-06-12T15:00:09","date_gmt":"2025-06-12T13:00:09","guid":{"rendered":"https:\/\/edublog.educastur.es\/ixuxu\/?p=50674"},"modified":"2025-06-12T23:26:58","modified_gmt":"2025-06-12T21:26:58","slug":"50674","status":"publish","type":"post","link":"https:\/\/edublog.educastur.es\/ixuxu\/2025\/06\/50674\/","title":{"rendered":"Iniciativa pol Asturianu considera que la mayor\u00eda parllamentaria espeya\u2019l sofitu ciudadanu a la oficialid\u00e1"},"content":{"rendered":"<div class=\"html-div xdj266r xexx8yu xyri2b x18d9i69 x1c1uobl x1n2onr6 x1lziwak x14z9mp xod5an3\">\n<div class=\"html-div xdj266r x14z9mp xat24cr x1lziwak xexx8yu xyri2b x18d9i69 x1c1uobl x6ikm8r x10wlt62\" style=\"text-align: center\"><a href=\"https:\/\/iniciativapolasturianu.org\/wp-content\/uploads\/2025\/06\/REsultau-XX.jpg\"><img loading=\"lazy\" decoding=\"async\" class=\"aligncenter size-large\" src=\"https:\/\/iniciativapolasturianu.org\/wp-content\/uploads\/2025\/06\/REsultau-XX.jpg\" width=\"1307\" height=\"603\" \/><\/a><\/div>\n<\/div>\n<div class=\"html-div xdj266r x14z9mp xat24cr x1lziwak xexx8yu x1a8lsjc xf7dkkf xv54qhq\">\n<div class=\"html-div xdj266r x14z9mp xat24cr x1lziwak xexx8yu xyri2b x18d9i69 x1c1uobl x1jx94hy x78zum5 x1q0g3np\">\n<div class=\"html-div xdj266r xat24cr x1lziwak xexx8yu xyri2b x18d9i69 x1c1uobl x78zum5 x2lah0s xqtp20y x1xegmmw\">\n<div class=\"xc9qbxq x14qfxbe x6s0dn4 x78zum5 xl56j7k\">\n<div class=\"\"><\/div>\n<\/div>\n<\/div>\n<\/div>\n<\/div>\n<div class=\"xu06os2 x1ok221b\">\n<div class=\"html-div xdj266r x14z9mp xat24cr x1lziwak xexx8yu xyri2b x18d9i69 x1c1uobl\" data-ad-rendering-role=\"profile_name\">\n<ul>\n<li class=\"html-h3 x14z9mp xat24cr x1lziwak xexx8yu xyri2b x18d9i69 x1c1uobl x1vvkbs x1heor9g x1qlqyl8 x1pd3egz x1a2a7pz x1gslohp x1yc453h\"><span class=\"x1lliihq x6ikm8r x10wlt62 x1n2onr6\"><span class=\"xt0psk2\"><span class=\"xjp7ctv\"><a class=\"x1i10hfl xjbqb8w x1ejq31n x18oe1m7 x1sy0etr xstzfhl x972fbf x10w94by x1qhh985 x14e42zd x9f619 x1ypdohk xt0psk2 xe8uvvx xdj266r x14z9mp xat24cr x1lziwak xexx8yu xyri2b x18d9i69 x1c1uobl x16tdsg8 x1hl2dhg xggy1nq x1a2a7pz xkrqix3 x1sur9pj xzsf02u x1s688f\" role=\"link\" href=\"https:\/\/www.facebook.com\/iniciativapolasturianu?__cft__[0]=AZXVZ9MK7OtRjErg3zMa-aUsQadVe2Y00Zalewav-Q3guKMsxcIZlpc45A4xYxFJgDQR0xucvyxIOhQNdc5rWGCXiUr30PUEAj1KdUc6r7mu18dY9hE4zYBB_7agbBs2H2ndg6g7AZfcb9gB-W7F6B62p7l_fBwKDQjSZzPjSAu4i-KjBiDjTRHQD_YfucVcmM_IUrGxxxXD7ddxf597coyIQuJobKC1TF9pnU_-fF90oQ&amp;__tn__=-UC%2CP-y-R\"><strong class=\"html-strong xdj266r x14z9mp xat24cr x1lziwak xexx8yu xyri2b x18d9i69 x1c1uobl x1hl2dhg x16tdsg8 x1vvkbs x1s688f\"><span class=\"html-span xdj266r x14z9mp xat24cr x1lziwak xexx8yu xyri2b x18d9i69 x1c1uobl x1hl2dhg x16tdsg8 x1vvkbs\">Iniciativa pol Asturianu<\/span><\/strong><\/a><\/span><\/span><\/span>\/ <a href=\"https:\/\/iniciativapolasturianu.org\/iniciativa-pol-asturianu-considera-que-la-mayoria-parllamentaria-espeyal-sofitu-ciudadanu-a-la-oficialida\/?fbclid=IwY2xjawK4JE9leHRuA2FlbQIxMABicmlkETBaZ1liVEQ0QkRaeXlSa0tWAR5qZQWmh5xkcDStQylPVWNNmju3Mb9_C7L4NXoAUMz9ccDev-iPHzi-uMI_mQ_aem_ugOg0XwvTaQ1EfVVyJN1uA\">NOTICIA<\/a> \/<\/li>\n<\/ul>\n<\/div>\n<\/div>\n<div class=\"html-div xdj266r x14z9mp xat24cr x1lziwak xexx8yu xyri2b x18d9i69 x1c1uobl\" dir=\"auto\">\n<div class=\"html-div xdj266r x14z9mp xat24cr x1lziwak xexx8yu xyri2b x18d9i69 x1c1uobl\" data-ad-rendering-role=\"story_message\">\n<div class=\"x1l90r2v x1iorvi4 x1g0dm76 xpdmqnj\" data-ad-comet-preview=\"message\" data-ad-preview=\"message\">\n<div class=\"x78zum5 xdt5ytf xz62fqu x16ldp7u\">\n<div class=\"xu06os2 x1ok221b\">\n<div class=\"html-div xdj266r x14z9mp xat24cr x1lziwak xexx8yu xyri2b x18d9i69 x1c1uobl\">\n<div class=\"xdj266r x14z9mp xat24cr x1lziwak x1vvkbs x126k92a\">\n<div dir=\"auto\"><span class=\"html-span xexx8yu xyri2b x18d9i69 x1c1uobl x1hl2dhg x16tdsg8 x1vvkbs x3nfvp2 x1j61x8r x1fcty0u xdj266r xat24cr xm2jcoa x1mpyi22 xxymvpz xlup9mm x1kky2od\"><img loading=\"lazy\" decoding=\"async\" class=\"xz74otr x15mokao x1ga7v0g x16uus16 xbiv7yw\" src=\"https:\/\/static.xx.fbcdn.net\/images\/emoji.php\/v9\/tef\/1\/16\/1f535.png\" alt=\"\ud83d\udd35\" width=\"16\" height=\"16\" \/><\/span> Iniciativa pol Asturianu considera que la mayor\u00eda parllamentaria espeya\u2019l sofitu ciudadanu a la <span class=\"html-span xdj266r x14z9mp xat24cr x1lziwak xexx8yu xyri2b x18d9i69 x1c1uobl x1hl2dhg x16tdsg8 x1vvkbs\"><a class=\"x1i10hfl xjbqb8w x1ejq31n x18oe1m7 x1sy0etr xstzfhl x972fbf x10w94by x1qhh985 x14e42zd x9f619 x1ypdohk xt0psk2 xe8uvvx xdj266r x14z9mp xat24cr x1lziwak xexx8yu xyri2b x18d9i69 x1c1uobl x16tdsg8 x1hl2dhg xggy1nq x1a2a7pz xkrqix3 x1sur9pj x1fey0fg x1s688f\" role=\"link\" href=\"https:\/\/www.facebook.com\/hashtag\/oficialid%C3%A1?__eep__=6&amp;__cft__[0]=AZXVZ9MK7OtRjErg3zMa-aUsQadVe2Y00Zalewav-Q3guKMsxcIZlpc45A4xYxFJgDQR0xucvyxIOhQNdc5rWGCXiUr30PUEAj1KdUc6r7mu18dY9hE4zYBB_7agbBs2H2ndg6g7AZfcb9gB-W7F6B62p7l_fBwKDQjSZzPjSAu4i-KjBiDjTRHQD_YfucVcmM_IUrGxxxXD7ddxf597coyIQuJobKC1TF9pnU_-fF90oQ&amp;__tn__=*NK-y-R\">#oficialid\u00e1 <\/a><\/span><span class=\"html-span xexx8yu xyri2b x18d9i69 x1c1uobl x1hl2dhg x16tdsg8 x1vvkbs x3nfvp2 x1j61x8r x1fcty0u xdj266r xat24cr xm2jcoa x1mpyi22 xxymvpz xlup9mm x1kky2od\"><img loading=\"lazy\" decoding=\"async\" class=\"xz74otr x15mokao x1ga7v0g x16uus16 xbiv7yw\" src=\"https:\/\/static.xx.fbcdn.net\/images\/emoji.php\/v9\/tc\/1\/16\/1f449_1f3fb.png\" alt=\"\ud83d\udc49\ud83c\udffb\" width=\"16\" height=\"16\" \/><\/span> El sofitu a esta declaraci\u00f3n pal <span class=\"html-span xdj266r x14z9mp xat24cr x1lziwak xexx8yu xyri2b x18d9i69 x1c1uobl x1hl2dhg x16tdsg8 x1vvkbs\"><a class=\"x1i10hfl xjbqb8w x1ejq31n x18oe1m7 x1sy0etr xstzfhl x972fbf x10w94by x1qhh985 x14e42zd x9f619 x1ypdohk xt0psk2 xe8uvvx xdj266r x14z9mp xat24cr x1lziwak xexx8yu xyri2b x18d9i69 x1c1uobl x16tdsg8 x1hl2dhg xggy1nq x1a2a7pz xkrqix3 x1sur9pj x1fey0fg x1s688f\" role=\"link\" href=\"https:\/\/www.facebook.com\/hashtag\/asturianu?__eep__=6&amp;__cft__[0]=AZXVZ9MK7OtRjErg3zMa-aUsQadVe2Y00Zalewav-Q3guKMsxcIZlpc45A4xYxFJgDQR0xucvyxIOhQNdc5rWGCXiUr30PUEAj1KdUc6r7mu18dY9hE4zYBB_7agbBs2H2ndg6g7AZfcb9gB-W7F6B62p7l_fBwKDQjSZzPjSAu4i-KjBiDjTRHQD_YfucVcmM_IUrGxxxXD7ddxf597coyIQuJobKC1TF9pnU_-fF90oQ&amp;__tn__=*NK-y-R\">#asturianu<\/a><\/span> ye una victoria parllamentaria in\u00e9dita na democracia.<\/div>\n<\/div>\n<div dir=\"auto\">\n<div class=\"td-full-screen-header-image-wrap\">\n<div class=\"td-container td-post-header\">\n<div class=\"td-post-header-holder\">\n<header class=\"td-post-title\">\n<p class=\"entry-title\" style=\"text-align: center\"><strong><span style=\"font-size: 16px;color: #008080\"><em>Iniciativa pol Asturianu considera que la mayor\u00eda parllamentaria<br \/>\nespeya\u2019l sofitu ciudadanu a la oficialid\u00e1<\/em><\/span><\/strong><\/p>\n<p><!--more--><\/p>\n<p class=\"td-post-sub-title\">Acaba d\u2019entamar un cam\u00edn pa consiguir llograr el sofitu claru del PP a la oficialid\u00e1 de les lling\u00fces propies como ocurre en la Comunidad Valenciana, Galicia o Baleares<\/p>\n<\/header>\n<\/div>\n<\/div>\n<\/div>\n<div class=\"td-container\">\n<div class=\"td-pb-row\">\n<div class=\"td-pb-span8 td-main-content\" role=\"main\">\n<div class=\"td-ss-main-content\">\n<div class=\"td-post-content\">\n<p>Iniciativa pol Asturianu considera que\u2019l result\u00e1u de la votaci\u00f3n de g\u00fcei na Xunta Xeneral del Princip\u00e1u d\u2019Asturies, na que se llogr\u00f3 una mayor\u00eda parllamentaria a favor de la oficialid\u00e1 de les lling\u00fces propies, espeya la realid\u00e1 social que sofita mayoritariamente esta declaraci\u00f3n pal asturianu y pal eonaviego.<\/p>\n<p><img loading=\"lazy\" decoding=\"async\" class=\"alignnone size-full wp-image-7161\" src=\"https:\/\/iniciativapolasturianu.org\/wp-content\/uploads\/2025\/06\/XXPA-scaled.jpg\" alt=\"\" width=\"2560\" height=\"1920\" \/><\/p>\n<p>Anque ye cierto que nun se llogren los tres quintos de votos requer\u00edos nel Estatutu pa la so aprobaci\u00f3n, el sofitu de los part\u00edos del Gobiernu (FSA-PSOE y Convocatoria por Asturies) y el grupu mestu alcancen 22 votos, siendo una victoria y una mayor\u00eda parllamentaria in\u00e9dita na democracia. El n\u00famberos de diputaos y diputaes que consideren necesario la oficialid\u00e1 va medrando en cada llexislatura y esti result\u00e1u xenera ilusi\u00f3n y fuercia pa llograr nuevos part\u00edos nesti alcuentru consistucional pol futuru de les lling\u00fces. Nel a\u00f1u 1991, \u00fanicamente hab\u00eda un diput\u00e1u que defend\u00eda abiertamente la oficialid\u00e1; g\u00fcei, 34 a\u00f1os dempu\u00e9s, son 22 de 43 representantes los que secunden la oficialid\u00e1 como ferramienta pa dar futuru n\u2019iguald\u00e1 a los idiomes propios d\u2019Asturies.<\/p>\n<figure id=\"attachment_7162\" class=\"wp-caption alignnone\" aria-describedby=\"caption-attachment-7162\"><img loading=\"lazy\" decoding=\"async\" class=\"wp-image-7162 size-full\" src=\"https:\/\/iniciativapolasturianu.org\/wp-content\/uploads\/2025\/06\/REsultau-XX.jpg\" alt=\"\" width=\"1307\" height=\"603\" \/><figcaption id=\"caption-attachment-7162\" class=\"wp-caption-text\">La oficialid\u00e1 llogra un sofitu in\u00e9ditu na Xunta Xeneral del Princip\u00e1u d\u2019Asturies.<\/figcaption><\/figure>\n<p>A les puertes de la Xunta Xeneral, Iv\u00e1n Llera, presidente de la organizaci\u00f3n, apunt\u00f3 que \u201cesti result\u00e1u nun ye frutu del azar o de la casualid\u00e1; ye\u2019l result\u00e1u d\u2019un trabayu de b\u00fasqueda de consensos, d\u2019alcuentros y de convencer a favor del idioma y tami\u00e9n de desideoloxizar y d\u2019entender la defensa del patrimoniu lling\u00fc\u00edsticu como un trabayu conxuntu de tola socied\u00e1\u201d.<\/p>\n<p>La organizaci\u00f3n considera que\u2019l trabayu pol asturianu nun acaba equ\u00ed; al contrariu, acaba d\u2019entamar un cam\u00edn pa consiguir llograr el sofitu claru del Part\u00edu Popular a la oficialid\u00e1 de les lling\u00fces propies como ocurre en la Comunid\u00e1 Valenciana, Galicia o Baleares.<\/p>\n<\/div>\n<\/div>\n<\/div>\n<\/div>\n<\/div>\n<\/div>\n<\/div>\n<\/div>\n<\/div>\n<\/div>\n<\/div>\n<\/div>\n<div class=\"html-div xdj266r xat24cr x1lziwak xexx8yu xyri2b x18d9i69 x1c1uobl x78zum5 x2lah0s xqtp20y x1xegmmw\"><\/div>\n<div class=\"x78zum5 xdt5ytf xz62fqu x16ldp7u\">\n<div class=\"xu06os2 x1ok221b\">\n<div class=\"html-div xdj266r x14z9mp xat24cr x1lziwak xexx8yu xyri2b x18d9i69 x1c1uobl\" data-ad-rendering-role=\"profile_name\">\n<ul>\n<li class=\"html-h3 x14z9mp xat24cr x1lziwak xexx8yu xyri2b x18d9i69 x1c1uobl x1vvkbs x1heor9g x1qlqyl8 x1pd3egz x1a2a7pz x1gslohp x1yc453h\" style=\"text-align: center\"><span class=\"x1lliihq x6ikm8r x10wlt62 x1n2onr6\"><span class=\"xt0psk2\"><span class=\"xjp7ctv\"><a class=\"x1i10hfl xjbqb8w x1ejq31n x18oe1m7 x1sy0etr xstzfhl x972fbf x10w94by x1qhh985 x14e42zd x9f619 x1ypdohk xt0psk2 xe8uvvx xdj266r x14z9mp xat24cr x1lziwak xexx8yu xyri2b x18d9i69 x1c1uobl x16tdsg8 x1hl2dhg xggy1nq x1a2a7pz xkrqix3 x1sur9pj xzsf02u x1s688f\" role=\"link\" href=\"https:\/\/www.facebook.com\/gobiernodeasturias?__cft__[0]=AZVhHOxf4V4iNfkkIqPUFx2YvNwRpkseZEq6HmfeumVjd-kjySApkogqqnI0CntLFwh-W-_y7KVg2lMcQVSDoNt2J7koHegDm-vvoMaZtIjDYvA12vK8lSI6WC8yeJnGGNwCM_95uJvYgTgAYsyAwU-NhcbfzABlyg3DgacufudlGtHF34iWTvfkUQjHs9KZCwez824VAlooBwT5zBNV7YdGt2eO_rRw7bVtLNVRsajbEA&amp;__tn__=-UC%2CP-y-R\"><strong class=\"html-strong xdj266r x14z9mp xat24cr x1lziwak xexx8yu xyri2b x18d9i69 x1c1uobl x1hl2dhg x16tdsg8 x1vvkbs x1s688f\"><span class=\"html-span xdj266r x14z9mp xat24cr x1lziwak xexx8yu xyri2b x18d9i69 x1c1uobl x1hl2dhg x16tdsg8 x1vvkbs\">Principado de Asturias<\/span><\/strong><\/a><\/span><\/span><span class=\"html-span xdj266r x14z9mp xat24cr x1lziwak xexx8yu xyri2b x18d9i69 x1c1uobl x1hl2dhg x16tdsg8 x1vvkbs x1dor1uw x1n2onr6 xxymvpz\">\u00a0<\/span><\/span><\/li>\n<\/ul>\n<\/div>\n<\/div>\n<\/div>\n<div class=\"html-div xdj266r x14z9mp xat24cr x1lziwak xexx8yu xyri2b x18d9i69 x1c1uobl\" dir=\"auto\">\n<div class=\"html-div xdj266r x14z9mp xat24cr x1lziwak xexx8yu xyri2b x18d9i69 x1c1uobl\" dir=\"auto\">\n<div class=\"html-div xdj266r x14z9mp xat24cr x1lziwak xexx8yu xyri2b x18d9i69 x1c1uobl\" data-ad-rendering-role=\"story_message\">\n<div class=\"x1l90r2v x1iorvi4 x1g0dm76 xpdmqnj\" data-ad-comet-preview=\"message\" data-ad-preview=\"message\">\n<div class=\"x78zum5 xdt5ytf xz62fqu x16ldp7u\">\n<div class=\"xu06os2 x1ok221b\">\n<div class=\"html-div xdj266r x14z9mp xat24cr x1lziwak xexx8yu xyri2b x18d9i69 x1c1uobl\">\n<div class=\"xdj266r x14z9mp xat24cr x1lziwak x1vvkbs x126k92a\">\n<div dir=\"auto\" style=\"text-align: center\"><span class=\"html-span xexx8yu xyri2b x18d9i69 x1c1uobl x1hl2dhg x16tdsg8 x1vvkbs x3nfvp2 x1j61x8r x1fcty0u xdj266r xat24cr xm2jcoa x1mpyi22 xxymvpz xlup9mm x1kky2od\"><img loading=\"lazy\" decoding=\"async\" class=\"xz74otr x15mokao x1ga7v0g x16uus16 xbiv7yw\" src=\"https:\/\/static.xx.fbcdn.net\/images\/emoji.php\/v9\/tff\/1\/16\/1f3a5.png\" alt=\"\ud83c\udfa5\" width=\"16\" height=\"16\" \/><\/span><span class=\"html-span xexx8yu xyri2b x18d9i69 x1c1uobl x1hl2dhg x16tdsg8 x1vvkbs x3nfvp2 x1j61x8r x1fcty0u xdj266r xat24cr xm2jcoa x1mpyi22 xxymvpz xlup9mm x1kky2od\"><img loading=\"lazy\" decoding=\"async\" class=\"xz74otr x15mokao x1ga7v0g x16uus16 xbiv7yw\" src=\"https:\/\/static.xx.fbcdn.net\/images\/emoji.php\/v9\/t4f\/1\/16\/1f447.png\" alt=\"\ud83d\udc47\" width=\"16\" height=\"16\" \/><\/span>Declaraci\u00f3n institucional <span class=\"html-span xexx8yu xyri2b x18d9i69 x1c1uobl x1hl2dhg x16tdsg8 x1vvkbs x3nfvp2 x1j61x8r x1fcty0u xdj266r xat24cr xm2jcoa x1mpyi22 xxymvpz xlup9mm x1kky2od\"><img loading=\"lazy\" decoding=\"async\" class=\"xz74otr x15mokao x1ga7v0g x16uus16 xbiv7yw\" src=\"https:\/\/static.xx.fbcdn.net\/images\/emoji.php\/v9\/t6c\/1\/16\/1f499.png\" alt=\"\ud83d\udc99\" width=\"16\" height=\"16\" \/><\/span><span class=\"html-span xexx8yu xyri2b x18d9i69 x1c1uobl x1hl2dhg x16tdsg8 x1vvkbs x3nfvp2 x1j61x8r x1fcty0u xdj266r xat24cr xm2jcoa x1mpyi22 xxymvpz xlup9mm x1kky2od\"><img loading=\"lazy\" decoding=\"async\" class=\"xz74otr x15mokao x1ga7v0g x16uus16 xbiv7yw\" src=\"https:\/\/static.xx.fbcdn.net\/images\/emoji.php\/v9\/t15\/1\/16\/1f49b.png\" alt=\"\ud83d\udc9b\" width=\"16\" height=\"16\" \/><\/span> del presidente <span class=\"html-span xdj266r x14z9mp xat24cr x1lziwak xexx8yu xyri2b x18d9i69 x1c1uobl x1hl2dhg x16tdsg8 x1vvkbs\"><a class=\"x1i10hfl xjbqb8w x1ejq31n x18oe1m7 x1sy0etr xstzfhl x972fbf x10w94by x1qhh985 x14e42zd x9f619 x1ypdohk xt0psk2 xe8uvvx xdj266r x14z9mp xat24cr x1lziwak xexx8yu xyri2b x18d9i69 x1c1uobl x16tdsg8 x1hl2dhg xggy1nq x1a2a7pz xkrqix3 x1sur9pj x1fey0fg x1s688f\" role=\"link\" href=\"https:\/\/www.facebook.com\/AdrianBarbonPSOE?__cft__[0]=AZVhHOxf4V4iNfkkIqPUFx2YvNwRpkseZEq6HmfeumVjd-kjySApkogqqnI0CntLFwh-W-_y7KVg2lMcQVSDoNt2J7koHegDm-vvoMaZtIjDYvA12vK8lSI6WC8yeJnGGNwCM_95uJvYgTgAYsyAwU-NhcbfzABlyg3DgacufudlGtHF34iWTvfkUQjHs9KZCwez824VAlooBwT5zBNV7YdGt2eO_rRw7bVtLNVRsajbEA&amp;__tn__=-]K-y-R\"><span class=\"xt0psk2\"><span class=\"xjp7ctv\">Adri\u00e1n Barb\u00f3n<\/span><\/span><\/a><\/span> sobre la votaci\u00f3n en la <span class=\"html-span xdj266r x14z9mp xat24cr x1lziwak xexx8yu xyri2b x18d9i69 x1c1uobl x1hl2dhg x16tdsg8 x1vvkbs\"><a class=\"x1i10hfl xjbqb8w x1ejq31n x18oe1m7 x1sy0etr xstzfhl x972fbf x10w94by x1qhh985 x14e42zd x9f619 x1ypdohk xt0psk2 xe8uvvx xdj266r x14z9mp xat24cr x1lziwak xexx8yu xyri2b x18d9i69 x1c1uobl x16tdsg8 x1hl2dhg xggy1nq x1a2a7pz xkrqix3 x1sur9pj x1fey0fg x1s688f\" role=\"link\" href=\"https:\/\/www.facebook.com\/profile.php?id=100064652442697&amp;__cft__[0]=AZVhHOxf4V4iNfkkIqPUFx2YvNwRpkseZEq6HmfeumVjd-kjySApkogqqnI0CntLFwh-W-_y7KVg2lMcQVSDoNt2J7koHegDm-vvoMaZtIjDYvA12vK8lSI6WC8yeJnGGNwCM_95uJvYgTgAYsyAwU-NhcbfzABlyg3DgacufudlGtHF34iWTvfkUQjHs9KZCwez824VAlooBwT5zBNV7YdGt2eO_rRw7bVtLNVRsajbEA&amp;__tn__=-]K-y-R\"><span class=\"xt0psk2\"><span class=\"xjp7ctv\">Junta General del Principado de Asturias<\/span><\/span><\/a><\/span> de la reforma del Estatuto de Autonom\u00eda para la declaraci\u00f3n de la oficialidad del asturiano y el eonaviego.<\/div>\n<div dir=\"auto\" style=\"text-align: center\"><\/div>\n<div dir=\"auto\" style=\"text-align: center\">\n<!-- iframe plugin v.6.0 wordpress.org\/plugins\/iframe\/ -->\n<iframe loading=\"lazy\" src=\"https:\/\/www.facebook.com\/plugins\/video.php?height=314&#038;href=https%3A%2F%2Fwww.facebook.com%2Fgobiernodeasturias%2Fvideos%2F1232629624422113%2F&#038;show_text=false&#038;width=560&#038;t=0\" width=\"560\" height=\"314\" style=\"border:none;overflow:hidden\" scrolling=\"no\" frameborder=\"0\" allowfullscreen=\"true\" allow=\"autoplay; clipboard-write; encrypted-media; picture-in-picture; web-share\" 0=\"\/iframe\" class=\"iframe-class\"><\/iframe>\n<\/div>\n<\/div>\n<\/div>\n<\/div>\n<\/div>\n<\/div>\n<\/div>\n<\/div>\n<\/div>\n","protected":false},"excerpt":{"rendered":"<p>Iniciativa pol Asturianu\/ NOTICIA \/ Iniciativa pol Asturianu considera que la mayor\u00eda parllamentaria espeya\u2019l sofitu ciudadanu a la #oficialid\u00e1 El sofitu a esta declaraci\u00f3n pal #asturianu ye una victoria parllamentaria in\u00e9dita na democracia. Iniciativa pol Asturianu considera que la mayor\u00eda parllamentaria espeya\u2019l sofitu ciudadanu a la oficialid\u00e1<\/p>\n","protected":false},"author":117,"featured_media":0,"comment_status":"open","ping_status":"open","sticky":false,"template":"","format":"standard","meta":{"footnotes":""},"categories":[322,47,51],"tags":[],"class_list":["post-50674","post","type-post","status-publish","format-standard","hentry","category-inaciu-galan","category-iniciativa-pol-asturianu","category-oficialida"],"_links":{"self":[{"href":"https:\/\/edublog.educastur.es\/ixuxu\/wp-json\/wp\/v2\/posts\/50674","targetHints":{"allow":["GET"]}}],"collection":[{"href":"https:\/\/edublog.educastur.es\/ixuxu\/wp-json\/wp\/v2\/posts"}],"about":[{"href":"https:\/\/edublog.educastur.es\/ixuxu\/wp-json\/wp\/v2\/types\/post"}],"author":[{"embeddable":true,"href":"https:\/\/edublog.educastur.es\/ixuxu\/wp-json\/wp\/v2\/users\/117"}],"replies":[{"embeddable":true,"href":"https:\/\/edublog.educastur.es\/ixuxu\/wp-json\/wp\/v2\/comments?post=50674"}],"version-history":[{"count":5,"href":"https:\/\/edublog.educastur.es\/ixuxu\/wp-json\/wp\/v2\/posts\/50674\/revisions"}],"predecessor-version":[{"id":50679,"href":"https:\/\/edublog.educastur.es\/ixuxu\/wp-json\/wp\/v2\/posts\/50674\/revisions\/50679"}],"wp:attachment":[{"href":"https:\/\/edublog.educastur.es\/ixuxu\/wp-json\/wp\/v2\/media?parent=50674"}],"wp:term":[{"taxonomy":"category","embeddable":true,"href":"https:\/\/edublog.educastur.es\/ixuxu\/wp-json\/wp\/v2\/categories?post=50674"},{"taxonomy":"post_tag","embeddable":true,"href":"https:\/\/edublog.educastur.es\/ixuxu\/wp-json\/wp\/v2\/tags?post=50674"}],"curies":[{"name":"wp","href":"https:\/\/api.w.org\/{rel}","templated":true}]}}