{"id":50688,"date":"2025-06-13T08:30:46","date_gmt":"2025-06-13T06:30:46","guid":{"rendered":"https:\/\/edublog.educastur.es\/ixuxu\/?p=50688"},"modified":"2025-06-12T23:51:58","modified_gmt":"2025-06-12T21:51:58","slug":"el-tiempu-el-comercio-65","status":"publish","type":"post","link":"https:\/\/edublog.educastur.es\/ixuxu\/2025\/06\/el-tiempu-el-comercio-65\/","title":{"rendered":"El tiempu (El Comercio)"},"content":{"rendered":"<p style=\"text-align: center\"><a href=\"https:\/\/s2.ppllstatics.com\/elcomercio\/www\/multimedia\/2025\/06\/12\/prevision-tiempo-asturias-kh7B-U2301948938566Ca-1200x860@El%20Comercio.jpg\"><img loading=\"lazy\" decoding=\"async\" class=\"aligncenter size-large\" src=\"https:\/\/s2.ppllstatics.com\/elcomercio\/www\/multimedia\/2025\/06\/12\/prevision-tiempo-asturias-kh7B-U2301948938566Ca-1200x860@El%20Comercio.jpg\" width=\"1200\" height=\"860\" \/><\/a><\/p>\n<ul>\n<li><strong>Vamos empezar el d\u00eda<\/strong> con nubes baxes siquier en zones de la met\u00e1 norte, pero r\u00e1pido van estenase y van abrise grandes claros.<\/li>\n<li><strong>Mientres gran parte del d\u00eda<\/strong> van predominar, a lo sumo, intervalos de nubes altes insignificantes.<\/li>\n<li><strong>A lo llargo de la tarde<\/strong>, sobremanera de cara a la recta final, la nubosid\u00e1 va dir a m\u00e1s y va acabar cubriendo pr\u00e1cticamente tola rex\u00f3n. Ello ye que nun se refuga que puedan dase delles precipitaciones, sobremanera a la fin del d\u00eda.<\/li>\n<li><strong>Los vientos<\/strong> van ser fluexos, predominando d&#8217;oeste-noroeste na mari\u00f1a. <strong>Les temperatures m\u00e1ximes<\/strong> van caltenese ensin grandes cambeos respecto al xueves.<\/li>\n<li><strong> Les m\u00ednimes<\/strong> van xubir llixeramente nel sector central y nun van variar nel restu del Princip\u00e1u.<\/li>\n<\/ul>\n<p><!--more--><\/p>\n<ul>\n<li><strong>El s\u00e1badu<\/strong> vamos tener un d\u00eda carg\u00e1u de nubosid\u00e1 en tola rex\u00f3n con posibilid\u00e1 de precipitaciones d\u00e9biles polo xeneral mientres la xornada.<\/li>\n<li><strong>Los vientos<\/strong> van ser fluexos predominando de norte.<\/li>\n<li><strong>Les temperatures m\u00e1ximes<\/strong> van baxar de forma xeneralizada y notable. Nel interior, concretamente, van baxar m\u00e1s de 6 \u00baC en relaci\u00f3n a les que s&#8217;anoten el vienres. Comoquier, na mari\u00f1a van baxar siquier 4 \u00baC polo que va ser un camb\u00e9u importante nes condiciones t\u00e9rmiques en toa Asturies.<\/li>\n<li><strong>Les m\u00ednimes<\/strong> apenes van esperimentar cambeos.<\/li>\n<li><strong>El domingu<\/strong> tami\u00e9n va ser un d\u00eda bien nublu con posibilid\u00e1 de dellos orbayos y nel que tampoco s&#8217;algamaran los 20 \u00baC en casi nenguna localid\u00e1 de la rex\u00f3n.<\/li>\n<li><strong>Como meyora para la pr\u00f3xima selmana<\/strong>, tou apunta a un encl\u00edn alza de les temperatures pudiendo rexistrate d\u00edes bien calorosos.<\/li>\n<\/ul>\n","protected":false},"excerpt":{"rendered":"<p>Vamos empezar el d\u00eda con nubes baxes siquier en zones de la met\u00e1 norte, pero r\u00e1pido van estenase y van abrise grandes claros. Mientres gran parte del d\u00eda van predominar, a lo sumo, intervalos de nubes altes insignificantes. A lo llargo de la tarde, sobremanera de cara a la recta final, la nubosid\u00e1 va dir [&hellip;]<\/p>\n","protected":false},"author":117,"featured_media":0,"comment_status":"open","ping_status":"open","sticky":false,"template":"","format":"standard","meta":{"footnotes":""},"categories":[5],"tags":[],"class_list":["post-50688","post","type-post","status-publish","format-standard","hentry","category-tiempu"],"_links":{"self":[{"href":"https:\/\/edublog.educastur.es\/ixuxu\/wp-json\/wp\/v2\/posts\/50688","targetHints":{"allow":["GET"]}}],"collection":[{"href":"https:\/\/edublog.educastur.es\/ixuxu\/wp-json\/wp\/v2\/posts"}],"about":[{"href":"https:\/\/edublog.educastur.es\/ixuxu\/wp-json\/wp\/v2\/types\/post"}],"author":[{"embeddable":true,"href":"https:\/\/edublog.educastur.es\/ixuxu\/wp-json\/wp\/v2\/users\/117"}],"replies":[{"embeddable":true,"href":"https:\/\/edublog.educastur.es\/ixuxu\/wp-json\/wp\/v2\/comments?post=50688"}],"version-history":[{"count":1,"href":"https:\/\/edublog.educastur.es\/ixuxu\/wp-json\/wp\/v2\/posts\/50688\/revisions"}],"predecessor-version":[{"id":50689,"href":"https:\/\/edublog.educastur.es\/ixuxu\/wp-json\/wp\/v2\/posts\/50688\/revisions\/50689"}],"wp:attachment":[{"href":"https:\/\/edublog.educastur.es\/ixuxu\/wp-json\/wp\/v2\/media?parent=50688"}],"wp:term":[{"taxonomy":"category","embeddable":true,"href":"https:\/\/edublog.educastur.es\/ixuxu\/wp-json\/wp\/v2\/categories?post=50688"},{"taxonomy":"post_tag","embeddable":true,"href":"https:\/\/edublog.educastur.es\/ixuxu\/wp-json\/wp\/v2\/tags?post=50688"}],"curies":[{"name":"wp","href":"https:\/\/api.w.org\/{rel}","templated":true}]}}