{"id":50692,"date":"2025-06-12T11:00:03","date_gmt":"2025-06-12T09:00:03","guid":{"rendered":"https:\/\/edublog.educastur.es\/ixuxu\/?p=50692"},"modified":"2025-06-12T23:57:52","modified_gmt":"2025-06-12T21:57:52","slug":"guei-fae-40-anos-que-xunimonos-a-la-xunion-europea","status":"publish","type":"post","link":"https:\/\/edublog.educastur.es\/ixuxu\/2025\/06\/guei-fae-40-anos-que-xunimonos-a-la-xunion-europea\/","title":{"rendered":"G\u00fcei fae 40 a\u00f1os que xun\u00edmonos a la Xuni\u00f3n Europea"},"content":{"rendered":"<div class=\"html-div xdj266r xat24cr x1lziwak xexx8yu xyri2b x18d9i69 x1c1uobl x78zum5 x2lah0s xqtp20y x1xegmmw\">\n<div class=\"xc9qbxq x1td3qas x6s0dn4 x78zum5 xl56j7k\">\n<div class=\"\" style=\"text-align: center\"><a href=\"https:\/\/upload.wikimedia.org\/wikipedia\/commons\/thumb\/b\/b7\/Flag_of_Europe.svg\/1280px-Flag_of_Europe.svg.png\"><img loading=\"lazy\" decoding=\"async\" class=\"aligncenter \" src=\"https:\/\/upload.wikimedia.org\/wikipedia\/commons\/thumb\/b\/b7\/Flag_of_Europe.svg\/1280px-Flag_of_Europe.svg.png\" width=\"614\" height=\"409\" \/><\/a><\/div>\n<\/div>\n<\/div>\n<div class=\"x78zum5 xdt5ytf xz62fqu x16ldp7u\">\n<div class=\"xu06os2 x1ok221b\">\n<div class=\"html-div xdj266r x14z9mp xat24cr x1lziwak xexx8yu xyri2b x18d9i69 x1c1uobl\" data-ad-rendering-role=\"profile_name\">\n<ul>\n<li class=\"html-h3 x14z9mp xat24cr x1lziwak xexx8yu xyri2b x18d9i69 x1c1uobl x1vvkbs x1heor9g x1qlqyl8 x1pd3egz x1a2a7pz x1gslohp x1yc453h\"><span class=\"x1lliihq x6ikm8r x10wlt62 x1n2onr6\"><span class=\"xt0psk2\"><span class=\"xjp7ctv\"><a class=\"x1i10hfl xjbqb8w x1ejq31n x18oe1m7 x1sy0etr xstzfhl x972fbf x10w94by x1qhh985 x14e42zd x9f619 x1ypdohk xt0psk2 xe8uvvx xdj266r x14z9mp xat24cr x1lziwak xexx8yu xyri2b x18d9i69 x1c1uobl x16tdsg8 x1hl2dhg xggy1nq x1a2a7pz xkrqix3 x1sur9pj xzsf02u x1s688f\" role=\"link\" href=\"https:\/\/www.facebook.com\/profile.php?id=100094757178835&amp;__cft__[0]=AZXad2gN6oJ0JW4_XWBwov58FqPybT2vOuRWjYpX5RWNBFTL9qzd_ABEgjaGx3VAci3Kij7ZHFySFZZIDHyJ5snYmYTifWqBPC0qxdhG_zMGJg3u30qqSnBY3scvJcaJhxPRfOXEJZD5VoX1UDgITzUOgYauMCyHb0QP7LWmWIy-oolB8Roaqu2tc4dYgrhpMig&amp;__tn__=-UC%2CP-y-R\"><strong class=\"html-strong xdj266r x14z9mp xat24cr x1lziwak xexx8yu xyri2b x18d9i69 x1c1uobl x1hl2dhg x16tdsg8 x1vvkbs x1s688f\"><span class=\"html-span xdj266r x14z9mp xat24cr x1lziwak xexx8yu xyri2b x18d9i69 x1c1uobl x1hl2dhg x16tdsg8 x1vvkbs\">Fern\u00e1n Mor\u00e1n<\/span><\/strong><\/a><\/span><\/span><\/span><\/li>\n<\/ul>\n<\/div>\n<\/div>\n<\/div>\n<div class=\"html-div xdj266r x14z9mp xat24cr x1lziwak xexx8yu xyri2b x18d9i69 x1c1uobl\" dir=\"auto\">\n<div class=\"html-div xdj266r x14z9mp xat24cr x1lziwak xexx8yu xyri2b x18d9i69 x1c1uobl\" dir=\"auto\">\n<div class=\"html-div xdj266r x14z9mp xat24cr x1lziwak xexx8yu xyri2b x18d9i69 x1c1uobl\" data-ad-rendering-role=\"story_message\">\n<div class=\"x1l90r2v x1iorvi4 x1g0dm76 xpdmqnj\" data-ad-comet-preview=\"message\" data-ad-preview=\"message\">\n<div class=\"x78zum5 xdt5ytf xz62fqu x16ldp7u\">\n<div class=\"xu06os2 x1ok221b\">\n<div class=\"html-div xdj266r x14z9mp xat24cr x1lziwak xexx8yu xyri2b x18d9i69 x1c1uobl\">\n<div class=\"xdj266r x14z9mp xat24cr x1lziwak x1vvkbs x126k92a\">\n<div dir=\"auto\"><span style=\"color: #008080\"><em>G\u00fcei fae 40 a\u00f1os que xun\u00edmonos a la Xuni\u00f3n Europea nun proyeutu bas\u00e1u na paz, el respetu, la tolerancia, la diversid\u00e1, la solidarid\u00e1&#8230; y tolos valores que los\/es europeos y europees integramos y defendemos.<\/em><\/span><\/div>\n<div dir=\"auto\"><\/div>\n<div dir=\"auto\"><span style=\"color: #008080\"><em><!--more--><\/em><\/span><\/div>\n<div dir=\"auto\"><span style=\"color: #008080\"><em>Nun too ta bien fecho nin too ye un cam\u00edn de roses. Hai delles coses dientro de la XE qu&#8217;hai que dir puliendo y\/o camudando, sicas\u00ed, ye un proyeutu nel que si\u00e9ntome integr\u00e1u, siento que formo parte d&#8217;\u00e9l y toi arguyosu de la mio condici\u00f3n d&#8217;europ\u00e9u y miembru d&#8217;esi proyeutu federalista de la XE.<\/em><\/span><\/div>\n<div dir=\"auto\"><\/div>\n<div dir=\"auto\"><span style=\"color: #008080\"><em>G\u00fcei caltengo&#8217;l punxu, espero amalgar esos oxetivos europeos que tanto ilusi\u00f3nanos a dellos millones d&#8217;europeos y d&#8217;europees que lu sofitamos.<\/em><\/span><\/div>\n<div dir=\"auto\"><\/div>\n<div dir=\"auto\"><span style=\"color: #008080\"><em>Asturies ye europea, n\u00f3s somos europeos y ent\u00e1 tamos construyendo y ameyorando esi proyeutu federal pente toos y toes.<\/em><\/span><\/div>\n<div dir=\"auto\"><span style=\"color: #008080\"><em>Puxa Europa!<\/em><\/span><\/div>\n<\/div>\n<div dir=\"auto\" style=\"text-align: center\"><a href=\"https:\/\/upload.wikimedia.org\/wikipedia\/commons\/thumb\/b\/b7\/Flag_of_Europe.svg\/1280px-Flag_of_Europe.svg.png\"><img loading=\"lazy\" decoding=\"async\" class=\"aligncenter \" src=\"https:\/\/upload.wikimedia.org\/wikipedia\/commons\/thumb\/b\/b7\/Flag_of_Europe.svg\/1280px-Flag_of_Europe.svg.png\" width=\"539\" height=\"359\" \/><\/a><\/div>\n<div dir=\"auto\"><\/div>\n<div dir=\"auto\">La bandera de la Uni\u00f3n Europea (UE) consta de 12 estrelles doraes en c\u00edrculu sobro un fondu azul. Estes estrelles representen la unid\u00e1, la solidarid\u00e1 y l&#8217;harmon\u00eda ente los pueblos d&#8217;Europa, anque nun tienen relaci\u00f3n col n\u00famberu de pa\u00edses miembros.<\/div>\n<div dir=\"auto\">\nLa bandera de la UE, tami\u00e9n conocida como bandera europea, foi dise\u00f1ada en 1955 por Ars\u00e8ne Heitz y foi adoptada formalmente pol Conseyu d&#8217;Europa y darr\u00e9u pola Comunid\u00e1 Europea en 1986. El n\u00famberu dolce, que nun ta rellacion\u00e1u col n\u00famberu de pa\u00edses miembros, simboliza la perfecci\u00f3n, la unid\u00e1 y la totalid\u00e1.<\/div>\n<div dir=\"auto\">\nA pesar de que la UE ampli\u00f3se col tiempu, el n\u00famberu d&#8217;estrelles na bandera permanez constante, y\u00e1 que representa los ideales d&#8217;unid\u00e1 y non los pa\u00edses miembros. La bandera ye un s\u00edmbolu de la integraci\u00f3n europea y util\u00edzase en diversos eventos y llugares, tanto dientro como fora de la UE.<\/div>\n<\/div>\n<\/div>\n<\/div>\n<\/div>\n<\/div>\n<\/div>\n<\/div>\n<p>&nbsp;<\/p>\n","protected":false},"excerpt":{"rendered":"<p>Fern\u00e1n Mor\u00e1n G\u00fcei fae 40 a\u00f1os que xun\u00edmonos a la Xuni\u00f3n Europea nun proyeutu bas\u00e1u na paz, el respetu, la tolerancia, la diversid\u00e1, la solidarid\u00e1&#8230; y tolos valores que los\/es europeos y europees integramos y defendemos.<\/p>\n","protected":false},"author":117,"featured_media":0,"comment_status":"open","ping_status":"open","sticky":false,"template":"","format":"standard","meta":{"footnotes":""},"categories":[1],"tags":[],"class_list":["post-50692","post","type-post","status-publish","format-standard","hentry","category-sin-categoria"],"_links":{"self":[{"href":"https:\/\/edublog.educastur.es\/ixuxu\/wp-json\/wp\/v2\/posts\/50692","targetHints":{"allow":["GET"]}}],"collection":[{"href":"https:\/\/edublog.educastur.es\/ixuxu\/wp-json\/wp\/v2\/posts"}],"about":[{"href":"https:\/\/edublog.educastur.es\/ixuxu\/wp-json\/wp\/v2\/types\/post"}],"author":[{"embeddable":true,"href":"https:\/\/edublog.educastur.es\/ixuxu\/wp-json\/wp\/v2\/users\/117"}],"replies":[{"embeddable":true,"href":"https:\/\/edublog.educastur.es\/ixuxu\/wp-json\/wp\/v2\/comments?post=50692"}],"version-history":[{"count":1,"href":"https:\/\/edublog.educastur.es\/ixuxu\/wp-json\/wp\/v2\/posts\/50692\/revisions"}],"predecessor-version":[{"id":50693,"href":"https:\/\/edublog.educastur.es\/ixuxu\/wp-json\/wp\/v2\/posts\/50692\/revisions\/50693"}],"wp:attachment":[{"href":"https:\/\/edublog.educastur.es\/ixuxu\/wp-json\/wp\/v2\/media?parent=50692"}],"wp:term":[{"taxonomy":"category","embeddable":true,"href":"https:\/\/edublog.educastur.es\/ixuxu\/wp-json\/wp\/v2\/categories?post=50692"},{"taxonomy":"post_tag","embeddable":true,"href":"https:\/\/edublog.educastur.es\/ixuxu\/wp-json\/wp\/v2\/tags?post=50692"}],"curies":[{"name":"wp","href":"https:\/\/api.w.org\/{rel}","templated":true}]}}