{"id":50701,"date":"2025-06-13T10:17:30","date_gmt":"2025-06-13T08:17:30","guid":{"rendered":"https:\/\/edublog.educastur.es\/ixuxu\/?p=50701"},"modified":"2025-06-13T11:39:20","modified_gmt":"2025-06-13T09:39:20","slug":"los-colexos-decidiran-el-so-horariu","status":"publish","type":"post","link":"https:\/\/edublog.educastur.es\/ixuxu\/2025\/06\/los-colexos-decidiran-el-so-horariu\/","title":{"rendered":"Los colexos decidir\u00e1n el so horariu"},"content":{"rendered":"<ul>\n<li class=\"font-size-xxl margin-b-5 font-weight-b color-b-050 letter-spacing--1 fuente-corporativa\"><a href=\"https:\/\/www.rtpa.es\/noticias-asturias\/2025-06-12\/Los-colegios-decidiran-su-horario,-siempre-que-no-se-altere-la-prestacion-del-comedor_111749754557.html\">Los colexos decidir\u00e1n el so horariu, siempres que nun s&#8217;altere la prestaci\u00f3n del comedor<\/a><\/li>\n<\/ul>\n<p style=\"text-align: center\"><a href=\"https:\/\/www.rtpa.es\/fotos\/\/25\/06\/20250612202238_RTPA6717767.webp\"><img loading=\"lazy\" decoding=\"async\" class=\"aligncenter size-large\" src=\"https:\/\/www.rtpa.es\/fotos\/\/25\/06\/20250612202238_RTPA6717767.webp\" width=\"853\" height=\"480\" \/><\/a><\/p>\n<ul>\n<li class=\"font-size-m padding-b-20 font-weight-b margin-t-16\">Los centros educativos podr\u00e1n afitar xornada amenorgada en setiembre y xunu. El <strong>Bolet\u00edn Oficial del Princip\u00e1u d\u2019Asturies, el BOPA<\/strong>, recueye dende g\u00fcei la resoluci\u00f3n del calendariu escolar pal cursu viniente. Nesti documentu y\u00e1 figura que los centros educativos podr\u00e1n afitar xornada amenorgada nos meses de setiembre y xunu, siempres que nun condicione la prestaci\u00f3n de los servicios complementarios. Poro, vu\u00e9lvese, como anunciare l\u2019Executivu, a la resoluci\u00f3n del 2024.<\/li>\n<\/ul>\n","protected":false},"excerpt":{"rendered":"<p>Los colexos decidir\u00e1n el so horariu, siempres que nun s&#8217;altere la prestaci\u00f3n del comedor Los centros educativos podr\u00e1n afitar xornada amenorgada en setiembre y xunu. El Bolet\u00edn Oficial del Princip\u00e1u d\u2019Asturies, el BOPA, recueye dende g\u00fcei la resoluci\u00f3n del calendariu escolar pal cursu viniente. Nesti documentu y\u00e1 figura que los centros educativos podr\u00e1n afitar xornada [&hellip;]<\/p>\n","protected":false},"author":117,"featured_media":0,"comment_status":"open","ping_status":"open","sticky":false,"template":"","format":"standard","meta":{"footnotes":""},"categories":[217],"tags":[],"class_list":["post-50701","post","type-post","status-publish","format-standard","hentry","category-colexu"],"_links":{"self":[{"href":"https:\/\/edublog.educastur.es\/ixuxu\/wp-json\/wp\/v2\/posts\/50701","targetHints":{"allow":["GET"]}}],"collection":[{"href":"https:\/\/edublog.educastur.es\/ixuxu\/wp-json\/wp\/v2\/posts"}],"about":[{"href":"https:\/\/edublog.educastur.es\/ixuxu\/wp-json\/wp\/v2\/types\/post"}],"author":[{"embeddable":true,"href":"https:\/\/edublog.educastur.es\/ixuxu\/wp-json\/wp\/v2\/users\/117"}],"replies":[{"embeddable":true,"href":"https:\/\/edublog.educastur.es\/ixuxu\/wp-json\/wp\/v2\/comments?post=50701"}],"version-history":[{"count":3,"href":"https:\/\/edublog.educastur.es\/ixuxu\/wp-json\/wp\/v2\/posts\/50701\/revisions"}],"predecessor-version":[{"id":50706,"href":"https:\/\/edublog.educastur.es\/ixuxu\/wp-json\/wp\/v2\/posts\/50701\/revisions\/50706"}],"wp:attachment":[{"href":"https:\/\/edublog.educastur.es\/ixuxu\/wp-json\/wp\/v2\/media?parent=50701"}],"wp:term":[{"taxonomy":"category","embeddable":true,"href":"https:\/\/edublog.educastur.es\/ixuxu\/wp-json\/wp\/v2\/categories?post=50701"},{"taxonomy":"post_tag","embeddable":true,"href":"https:\/\/edublog.educastur.es\/ixuxu\/wp-json\/wp\/v2\/tags?post=50701"}],"curies":[{"name":"wp","href":"https:\/\/api.w.org\/{rel}","templated":true}]}}