{"id":50703,"date":"2025-06-13T11:37:13","date_gmt":"2025-06-13T09:37:13","guid":{"rendered":"https:\/\/edublog.educastur.es\/ixuxu\/?p=50703"},"modified":"2025-06-13T11:37:18","modified_gmt":"2025-06-13T09:37:18","slug":"empieza-lespliegue-del-arriendu-de-bicicletes-electriques-nuvieu","status":"publish","type":"post","link":"https:\/\/edublog.educastur.es\/ixuxu\/2025\/06\/empieza-lespliegue-del-arriendu-de-bicicletes-electriques-nuvieu\/","title":{"rendered":"Empieza l&#8217;espliegue del arriendu de bicicletes el\u00e9ctriques n&#8217;Uvi\u00e9u"},"content":{"rendered":"<ul>\n<li class=\"font-size-xxl margin-b-5 font-weight-b color-b-050 letter-spacing--1 fuente-corporativa\"><a href=\"https:\/\/www.rtpa.es\/noticias-asturias-ast\/2025-06-12\/Empieza-l'espliegue-del-arriendu-de-bicicletes-electriques-n'Uvieu_111749726932.html\">Empieza l&#8217;espliegue del arriendu de bicicletes el\u00e9ctriques n&#8217;Uvi\u00e9u<\/a><\/li>\n<\/ul>\n<p style=\"text-align: center\"><a href=\"https:\/\/www.rtpa.es\/fotos\/\/25\/06\/20250612142853_RTPA6716343.webp\"><img loading=\"lazy\" decoding=\"async\" class=\"aligncenter size-large\" src=\"https:\/\/www.rtpa.es\/fotos\/\/25\/06\/20250612142853_RTPA6716343.webp\" width=\"853\" height=\"480\" \/><\/a><\/p>\n<p class=\"font-size-m padding-b-20 font-weight-b margin-t-16\">La iniciativa apuesta pola movilid\u00e1 sostenible y recuerda a los usuarios que se deben respetar les normes de tr\u00e1ficu.\u00a0Uvi\u00e9u xube&#8217;l so apueste pola movilid\u00e1 sostenible, presentando&#8217;l so nuevu arriendu de bicicletes, que se van atopar en dellos puntos de la ciud\u00e1 y van poner al serviciu de los ciudadanos un centenar de veh\u00edculos el\u00e9ctricos apunta Nacho Cuesta, conceyal d&#8217;infraestructures y xesti\u00f3n urban\u00edstica.<\/p>\n<p><!--more--><\/p>\n<p>Estes cien bicicletes s\u00famense a los 200 patinetes que se van anovar estos d\u00edes. \u00c9nte esti camb\u00e9u dende&#8217;l conceyu piden a los usuarios responsabilid\u00e1 aseguren Alfredo Canteli, alcalde d&#8217;Uvi\u00e9u; y Nacho Cuesta.<\/p>\n<p>Los veh\u00edculos tampoco dexen marxe d&#8217;error: con un sistema que baxa la velocid\u00e1 seg\u00fan les zones v\u00eda GPS y controla que los conductores nun usen los veh\u00edculos bebidos, se\u00f1ala Antonio Rela\u00f1o, director xeneral de Bird Rides n&#8217;Espa\u00f1a.<\/p>\n<p>Bird Rides Spain ye la empresa que llev\u00f3 alantre&#8217;l proyectu. Va esplegar los veh\u00edculos progresivamente a lo llargo de g\u00fcei y ma\u00f1ana y nesti periodu de llanzamientu ufierten 15 minutos gratuitos col c\u00f3digu Oviedo15.<\/p>\n","protected":false},"excerpt":{"rendered":"<p>Empieza l&#8217;espliegue del arriendu de bicicletes el\u00e9ctriques n&#8217;Uvi\u00e9u La iniciativa apuesta pola movilid\u00e1 sostenible y recuerda a los usuarios que se deben respetar les normes de tr\u00e1ficu.\u00a0Uvi\u00e9u xube&#8217;l so apueste pola movilid\u00e1 sostenible, presentando&#8217;l so nuevu arriendu de bicicletes, que se van atopar en dellos puntos de la ciud\u00e1 y van poner al serviciu de [&hellip;]<\/p>\n","protected":false},"author":117,"featured_media":0,"comment_status":"open","ping_status":"open","sticky":false,"template":"","format":"standard","meta":{"footnotes":""},"categories":[232,33],"tags":[],"class_list":["post-50703","post","type-post","status-publish","format-standard","hentry","category-tresportes","category-uvieu"],"_links":{"self":[{"href":"https:\/\/edublog.educastur.es\/ixuxu\/wp-json\/wp\/v2\/posts\/50703","targetHints":{"allow":["GET"]}}],"collection":[{"href":"https:\/\/edublog.educastur.es\/ixuxu\/wp-json\/wp\/v2\/posts"}],"about":[{"href":"https:\/\/edublog.educastur.es\/ixuxu\/wp-json\/wp\/v2\/types\/post"}],"author":[{"embeddable":true,"href":"https:\/\/edublog.educastur.es\/ixuxu\/wp-json\/wp\/v2\/users\/117"}],"replies":[{"embeddable":true,"href":"https:\/\/edublog.educastur.es\/ixuxu\/wp-json\/wp\/v2\/comments?post=50703"}],"version-history":[{"count":1,"href":"https:\/\/edublog.educastur.es\/ixuxu\/wp-json\/wp\/v2\/posts\/50703\/revisions"}],"predecessor-version":[{"id":50704,"href":"https:\/\/edublog.educastur.es\/ixuxu\/wp-json\/wp\/v2\/posts\/50703\/revisions\/50704"}],"wp:attachment":[{"href":"https:\/\/edublog.educastur.es\/ixuxu\/wp-json\/wp\/v2\/media?parent=50703"}],"wp:term":[{"taxonomy":"category","embeddable":true,"href":"https:\/\/edublog.educastur.es\/ixuxu\/wp-json\/wp\/v2\/categories?post=50703"},{"taxonomy":"post_tag","embeddable":true,"href":"https:\/\/edublog.educastur.es\/ixuxu\/wp-json\/wp\/v2\/tags?post=50703"}],"curies":[{"name":"wp","href":"https:\/\/api.w.org\/{rel}","templated":true}]}}