{"id":50723,"date":"2025-06-13T11:59:38","date_gmt":"2025-06-13T09:59:38","guid":{"rendered":"https:\/\/edublog.educastur.es\/ixuxu\/?p=50723"},"modified":"2025-06-13T11:59:38","modified_gmt":"2025-06-13T09:59:38","slug":"vezos-astures-cellebral-so-25-aniversariu-nel-museu-del-pueblu-dasturies","status":"publish","type":"post","link":"https:\/\/edublog.educastur.es\/ixuxu\/2025\/06\/vezos-astures-cellebral-so-25-aniversariu-nel-museu-del-pueblu-dasturies\/","title":{"rendered":"Vezos Astures cellebra\u2019l so 25 aniversariu nel Mus\u00e9u del Pueblu d\u2019Asturies"},"content":{"rendered":"<p style=\"text-align: center\"><a href=\"https:\/\/musicasturiana.com\/wp-content\/uploads\/2025\/06\/vezos-astures-25-aniversariu.png\"><img loading=\"lazy\" decoding=\"async\" class=\"aligncenter size-large\" src=\"https:\/\/musicasturiana.com\/wp-content\/uploads\/2025\/06\/vezos-astures-25-aniversariu.png\" width=\"1200\" height=\"600\" \/><\/a><\/p>\n<div class=\"elementor-element elementor-element-72daa04 e-con-full e-flex e-con e-child\" data-id=\"72daa04\" data-element_type=\"container\">\n<div class=\"elementor-element elementor-element-667e3c7 elementor-widget__width-inherit elementor-widget elementor-widget-theme-post-title elementor-page-title elementor-widget-heading\" data-id=\"667e3c7\" data-element_type=\"widget\" data-widget_type=\"theme-post-title.default\">\n<div class=\"elementor-widget-container\">\n<p class=\"elementor-heading-title elementor-size-default\"><span style=\"font-size: 16px\">El conceyu de cultura tradicional va cellebrar esti 7 de xunu el so 25 aniversariu, con un programa de ponencies y comunicaciones acompa\u00f1\u00e1u d&#8217;una tarde en danza. <a href=\"https:\/\/musicasturiana.com\/vezos-astures-cellebra-el-so-25-aniversariu-nel-museu-del-pueblu-dasturies\/\">Musicasturiana.com<\/a><\/span><\/p>\n<\/div>\n<\/div>\n<\/div>\n<p><!--more--><\/p>\n<div class=\"elementor-element elementor-element-eea4e26 e-con-full e-flex e-con e-child\" data-id=\"eea4e26\" data-element_type=\"container\">\n<div class=\"elementor-element elementor-element-9bc739f e-con-full e-flex e-con e-child\" data-id=\"9bc739f\" data-element_type=\"container\">\n<div class=\"elementor-element elementor-element-b2299bd elementor-share-buttons--view-icon elementor-share-buttons--skin-minimal elementor-share-buttons--shape-circle elementor-grid-mobile-3 elementor-share-buttons--align-right elementor-share-buttons--color-custom elementor-widget__width-auto elementor-widget-tablet__width-auto elementor-grid-0 elementor-widget elementor-widget-share-buttons\" data-id=\"b2299bd\" data-element_type=\"widget\" data-widget_type=\"share-buttons.default\">\n<div class=\"elementor-widget-container\">\n<div class=\"elementor-grid\">\n<div class=\"elementor-grid-item\">\n<div class=\"elementor-share-btn elementor-share-btn_x-twitter\" role=\"button\" aria-label=\"Compartir en x-twitter\">El conceyu de cultura tradicional Vezos Astures va cellebrar esti s\u00e1badu 7 de xunu el so 25 aniversariu, con un programa de ponencies y comunicaciones acompa\u00f1\u00e1u d\u2019una tarde en danza. Toles actividaes van tener llugar nel Mus\u00e9u del Pueblu d\u2019Asturies.<\/div>\n<div role=\"button\" aria-label=\"Compartir en x-twitter\"><\/div>\n<\/div>\n<\/div>\n<\/div>\n<\/div>\n<\/div>\n<\/div>\n<div class=\"elementor-element elementor-element-a767a8c elementor-widget__width-inherit elementor-widget elementor-widget-theme-post-content\" data-id=\"a767a8c\" data-element_type=\"widget\" data-widget_type=\"theme-post-content.default\">\n<div class=\"elementor-widget-container\">\n<p>L\u2019actu va entamar a les 10:45, cola ponencia \u00abUna representaci\u00f3n de los bailles populares n\u2019Asturies\u00bb, de Juan Alfonso Fern\u00e1ndez Garc\u00eda. A les 12:00, Xes\u00fas Vicente Torga va facer una comunicaci\u00f3n col t\u00edtulu \u00abLes mazcaraes d\u2019Iviernu: la recuperaci\u00f3n de la tradici\u00f3n. Tres una peque\u00f1a posa, Lili\u00e1n Su\u00e1rez Casielles va facer otra comunicaci\u00f3n sobre \u00abEl dengue n\u2019Asturies\u00bb, y a les 13:15 M\u00aa Teresa Reigada Garc\u00eda y Rub\u00e9n Fern\u00e1ndez Mart\u00ednez van falar de \u00abDengues na documentaci\u00f3n notarial y nel Bolet\u00edn de la Provincia de Oviedo\u00bb. Pa rematar la ma\u00f1ana, Rosa Cuervo Jim\u00e9nez y Xes\u00fas Vicente Torga, xunto a L.luis Crist\u00f3bal Ardura, de Concetsones, van falar de \u00abEl puntu: un baille escaec\u00edu del Conceyu de Tin\u00e9u\u00bb.<\/p>\n<p>Ya pela tarde, a les 17:00, va facese una tarde en danza cola Andecha Turcipi\u00e9, habiendo escenariu abiertu n\u2019acabando el grupu.<\/p>\n<figure class=\"wp-block-image aligncenter size-large is-resized\"><a href=\"https:\/\/musicasturiana.com\/wp-content\/uploads\/2025\/06\/498549246_3734171200207081_5214835562913169285_n.jpg\"><img loading=\"lazy\" decoding=\"async\" class=\"wp-image-40303\" src=\"https:\/\/musicasturiana.com\/wp-content\/uploads\/2025\/06\/498549246_3734171200207081_5214835562913169285_n-724x1024.jpg\" alt=\"\" width=\"724\" height=\"1024\" \/><\/a><\/figure>\n<p>&nbsp;<\/p>\n<\/div>\n<\/div>\n","protected":false},"excerpt":{"rendered":"<p>El conceyu de cultura tradicional va cellebrar esti 7 de xunu el so 25 aniversariu, con un programa de ponencies y comunicaciones acompa\u00f1\u00e1u d&#8217;una tarde en danza. Musicasturiana.com<\/p>\n","protected":false},"author":117,"featured_media":0,"comment_status":"open","ping_status":"open","sticky":false,"template":"","format":"standard","meta":{"footnotes":""},"categories":[125],"tags":[],"class_list":["post-50723","post","type-post","status-publish","format-standard","hentry","category-musicasturiana-com"],"_links":{"self":[{"href":"https:\/\/edublog.educastur.es\/ixuxu\/wp-json\/wp\/v2\/posts\/50723","targetHints":{"allow":["GET"]}}],"collection":[{"href":"https:\/\/edublog.educastur.es\/ixuxu\/wp-json\/wp\/v2\/posts"}],"about":[{"href":"https:\/\/edublog.educastur.es\/ixuxu\/wp-json\/wp\/v2\/types\/post"}],"author":[{"embeddable":true,"href":"https:\/\/edublog.educastur.es\/ixuxu\/wp-json\/wp\/v2\/users\/117"}],"replies":[{"embeddable":true,"href":"https:\/\/edublog.educastur.es\/ixuxu\/wp-json\/wp\/v2\/comments?post=50723"}],"version-history":[{"count":1,"href":"https:\/\/edublog.educastur.es\/ixuxu\/wp-json\/wp\/v2\/posts\/50723\/revisions"}],"predecessor-version":[{"id":50724,"href":"https:\/\/edublog.educastur.es\/ixuxu\/wp-json\/wp\/v2\/posts\/50723\/revisions\/50724"}],"wp:attachment":[{"href":"https:\/\/edublog.educastur.es\/ixuxu\/wp-json\/wp\/v2\/media?parent=50723"}],"wp:term":[{"taxonomy":"category","embeddable":true,"href":"https:\/\/edublog.educastur.es\/ixuxu\/wp-json\/wp\/v2\/categories?post=50723"},{"taxonomy":"post_tag","embeddable":true,"href":"https:\/\/edublog.educastur.es\/ixuxu\/wp-json\/wp\/v2\/tags?post=50723"}],"curies":[{"name":"wp","href":"https:\/\/api.w.org\/{rel}","templated":true}]}}