{"id":50725,"date":"2025-06-13T12:02:34","date_gmt":"2025-06-13T10:02:34","guid":{"rendered":"https:\/\/edublog.educastur.es\/ixuxu\/?p=50725"},"modified":"2025-06-13T12:02:45","modified_gmt":"2025-06-13T10:02:45","slug":"les-nueses-vides-dependen-de-la-salu-del-planeta","status":"publish","type":"post","link":"https:\/\/edublog.educastur.es\/ixuxu\/2025\/06\/les-nueses-vides-dependen-de-la-salu-del-planeta\/","title":{"rendered":"Les nueses vides dependen de la sal\u00fa del planeta"},"content":{"rendered":"<div class=\"html-div xdj266r x14z9mp xat24cr x1lziwak xsag5q8 xz9dl7a xv54qhq xf7dkkf x1jx94hy\">\n<div class=\"html-div xdj266r x14z9mp xat24cr x1lziwak xexx8yu xyri2b x18d9i69 x1c1uobl x78zum5 x1q0g3np x1ba4aug\">\n<div class=\"html-div xdj266r x14z9mp xat24cr x1lziwak xexx8yu xyri2b x18d9i69 x1c1uobl x1iyjqo2 xeuugli\">\n<div class=\"x78zum5 xdt5ytf xz62fqu x16ldp7u\">\n<div class=\"xu06os2 x1ok221b\">\n<p style=\"text-align: center\"><span style=\"font-size: 20px;color: #008080\"><strong><em>L&#8217;aire qu&#8217;alendamos, <\/em><\/strong><\/span><br \/>\n<span style=\"font-size: 20px;color: #008080\"><strong><em>l&#8217;agua que bebemos,<\/em><\/strong><\/span><br \/>\n<span style=\"font-size: 20px;color: #008080\"><strong><em> los alimentos que comemos <\/em><\/strong><\/span><br \/>\n<span style=\"font-size: 20px;color: #008080\"><strong><em>y les melecines que tomamos son,<\/em><\/strong><\/span><br \/>\n<span style=\"font-size: 20px;color: #008080\"><strong><em> toos ellos, productos<br \/>\nd&#8217;un planeta sanu.<\/em><\/strong><\/span><\/p>\n<ul>\n<li class=\"html-h3 x14z9mp xat24cr x1lziwak xexx8yu xyri2b x18d9i69 x1c1uobl x1vvkbs x1heor9g x1qlqyl8 x1pd3egz x1a2a7pz x1gslohp x1yc453h\"><span class=\"xt0psk2\"><a class=\"x1i10hfl xjbqb8w x1ejq31n x18oe1m7 x1sy0etr xstzfhl x972fbf x10w94by x1qhh985 x14e42zd x9f619 x1ypdohk xt0psk2 xe8uvvx xdj266r x14z9mp xat24cr x1lziwak xexx8yu xyri2b x18d9i69 x1c1uobl x16tdsg8 x1hl2dhg xggy1nq x1a2a7pz xkrqix3 x1sur9pj xzsf02u x1s688f\" role=\"link\" href=\"https:\/\/www.facebook.com\/fundacionbiodiversidad?__cft__[0]=AZUOHeLsuPZvMI4hoDDgtPLVS19UosbYBaz2TeGroCFI2i62OKMtlhhp4vNdBtN9LNwxJTialYzvaEy6THe85-kF-LXg0gzD5CEGhMkRA1NXNJfkUmmkjnzjnjN8Hdsim8hKwtYF6AVb1eYLkTv6w7eVLjCfVhF-o4WPYOZzMaRtqfGSS_kQZIgxudo-wLePwDg&amp;__tn__=-UC%2CPH-R\"><strong class=\"html-strong xdj266r x14z9mp xat24cr x1lziwak xexx8yu xyri2b x18d9i69 x1c1uobl x1hl2dhg x16tdsg8 x1vvkbs x1s688f\"><span class=\"html-span xdj266r x14z9mp xat24cr x1lziwak xexx8yu xyri2b x18d9i69 x1c1uobl x1hl2dhg x16tdsg8 x1vvkbs\">Fundaci\u00f3n Biodiversidad<\/span><\/strong><\/a><\/span><\/li>\n<\/ul>\n<\/div>\n<div class=\"xu06os2 x1ok221b\"><\/div>\n<\/div>\n<\/div>\n<\/div>\n<\/div>\n<div class=\"html-div xdj266r x14z9mp xat24cr x1lziwak xexx8yu xyri2b x18d9i69 x1c1uobl\">\n<div class=\"html-div xdj266r x14z9mp xat24cr x1lziwak xexx8yu xyri2b x18d9i69 x1c1uobl\" dir=\"auto\">\n<div class=\"html-div xdj266r x14z9mp xat24cr x1lziwak xexx8yu xyri2b x18d9i69 x1c1uobl\" dir=\"auto\">\n<div class=\"html-div xdj266r x14z9mp xat24cr x1lziwak xexx8yu xyri2b x18d9i69 x1c1uobl\" data-ad-rendering-role=\"story_message\">\n<div class=\"x1l90r2v x1iorvi4 x1g0dm76 xpdmqnj\" data-ad-comet-preview=\"message\" data-ad-preview=\"message\">\n<div class=\"x78zum5 xdt5ytf xz62fqu x16ldp7u\">\n<div class=\"xu06os2 x1ok221b\">\n<div class=\"html-div xdj266r x14z9mp xat24cr x1lziwak xexx8yu xyri2b x18d9i69 x1c1uobl\">\n<div class=\"x14z9mp xat24cr x1lziwak x1vvkbs xtlvy1s x126k92a\">\n<div dir=\"auto\">La Dra. Neira ye la Directora del Departamentu de Sal\u00fa P\u00fablica y del Ambiente na Organizaci\u00f3n Mundial de la Sal\u00fa (OMS) defende que les nueses vides dependen de la sal\u00fa del planeta.<\/div>\n<div dir=\"auto\" style=\"text-align: center\">\n<!-- iframe plugin v.6.0 wordpress.org\/plugins\/iframe\/ -->\n<iframe loading=\"lazy\" src=\"https:\/\/www.facebook.com\/plugins\/post.php?href=https%3A%2F%2Fwww.facebook.com%2Ffundacionbiodiversidad%2Fposts%2Fpfbid0zqy4yQjeW1rkFdeBEYZcVzNdsyP5d5HHJdnSnbFyHLd4MMUUhmasoPf88AufDdtdl&#038;show_text=false&#038;width=500\" width=\"500\" height=\"498\" style=\"border:none;overflow:hidden\" scrolling=\"no\" frameborder=\"0\" allowfullscreen=\"true\" allow=\"autoplay; clipboard-write; encrypted-media; picture-in-picture; web-share\" 0=\"\/iframe\" class=\"iframe-class\"><\/iframe>\n<\/div>\n<\/div>\n<\/div>\n<\/div>\n<\/div>\n<\/div>\n<\/div>\n<\/div>\n<\/div>\n<\/div>\n","protected":false},"excerpt":{"rendered":"<p>L&#8217;aire qu&#8217;alendamos, l&#8217;agua que bebemos, los alimentos que comemos y les melecines que tomamos son, toos ellos, productos d&#8217;un planeta sanu. Fundaci\u00f3n Biodiversidad La Dra. Neira ye la Directora del Departamentu de Sal\u00fa P\u00fablica y del Ambiente na Organizaci\u00f3n Mundial de la Sal\u00fa (OMS) defende que les nueses vides dependen de la sal\u00fa del planeta.<\/p>\n","protected":false},"author":117,"featured_media":0,"comment_status":"open","ping_status":"open","sticky":false,"template":"","format":"standard","meta":{"footnotes":""},"categories":[48],"tags":[],"class_list":["post-50725","post","type-post","status-publish","format-standard","hentry","category-salu"],"_links":{"self":[{"href":"https:\/\/edublog.educastur.es\/ixuxu\/wp-json\/wp\/v2\/posts\/50725","targetHints":{"allow":["GET"]}}],"collection":[{"href":"https:\/\/edublog.educastur.es\/ixuxu\/wp-json\/wp\/v2\/posts"}],"about":[{"href":"https:\/\/edublog.educastur.es\/ixuxu\/wp-json\/wp\/v2\/types\/post"}],"author":[{"embeddable":true,"href":"https:\/\/edublog.educastur.es\/ixuxu\/wp-json\/wp\/v2\/users\/117"}],"replies":[{"embeddable":true,"href":"https:\/\/edublog.educastur.es\/ixuxu\/wp-json\/wp\/v2\/comments?post=50725"}],"version-history":[{"count":2,"href":"https:\/\/edublog.educastur.es\/ixuxu\/wp-json\/wp\/v2\/posts\/50725\/revisions"}],"predecessor-version":[{"id":50727,"href":"https:\/\/edublog.educastur.es\/ixuxu\/wp-json\/wp\/v2\/posts\/50725\/revisions\/50727"}],"wp:attachment":[{"href":"https:\/\/edublog.educastur.es\/ixuxu\/wp-json\/wp\/v2\/media?parent=50725"}],"wp:term":[{"taxonomy":"category","embeddable":true,"href":"https:\/\/edublog.educastur.es\/ixuxu\/wp-json\/wp\/v2\/categories?post=50725"},{"taxonomy":"post_tag","embeddable":true,"href":"https:\/\/edublog.educastur.es\/ixuxu\/wp-json\/wp\/v2\/tags?post=50725"}],"curies":[{"name":"wp","href":"https:\/\/api.w.org\/{rel}","templated":true}]}}