{"id":50728,"date":"2025-06-13T22:42:07","date_gmt":"2025-06-13T20:42:07","guid":{"rendered":"https:\/\/edublog.educastur.es\/ixuxu\/?p=50728"},"modified":"2025-06-13T22:50:03","modified_gmt":"2025-06-13T20:50:03","slug":"50728","status":"publish","type":"post","link":"https:\/\/edublog.educastur.es\/ixuxu\/2025\/06\/50728\/","title":{"rendered":"Cursos de la Universid\u00e1 Asturiana de Branu (UABRA)"},"content":{"rendered":"<div class=\"html-div xdj266r xat24cr x1lziwak xexx8yu xyri2b x18d9i69 x1c1uobl x78zum5 x2lah0s xqtp20y x1xegmmw\">\n<div class=\"xc9qbxq x1td3qas x6s0dn4 x78zum5 xl56j7k\">\n<div style=\"text-align: center\"><a href=\"https:\/\/www.rtpa.es\/fotos\/\/25\/06\/20250612203559_RTPA6717801.webp\"><img loading=\"lazy\" decoding=\"async\" class=\"aligncenter size-large\" src=\"https:\/\/www.rtpa.es\/fotos\/\/25\/06\/20250612203559_RTPA6717801.webp\" width=\"853\" height=\"480\" \/><\/a><\/div>\n<div class=\"\" style=\"text-align: center\">\n<div id=\"noticiacompleta\" class=\"parragraph-padding font-c-conent\">\n<p class=\"font-size-m padding-b-20 font-weight-b margin-t-16\" style=\"text-align: left\">Cursos d&#8217;asturianu, teatru y traducci\u00f3n, homologables por creitos universitarios. La nueva edici\u00f3n de la Universid\u00e1 Asturiana de Branu va tener como sede Uvi\u00e9u. Les inscripciones y\u00e1 pueden consultase na p\u00e1xina web de la Universid\u00e1 d&#8217;Uvi\u00e9u y tienen como fecha llende hasta&#8217;l 18 de xunetu.<\/p>\n<\/div>\n<\/div>\n<\/div>\n<\/div>\n<div class=\"x78zum5 xdt5ytf xz62fqu x16ldp7u\">\n<div class=\"xu06os2 x1ok221b\">\n<div class=\"html-div xdj266r x14z9mp xat24cr x1lziwak xexx8yu xyri2b x18d9i69 x1c1uobl\" data-ad-rendering-role=\"profile_name\">\n<ul>\n<li class=\"html-h3 x14z9mp xat24cr x1lziwak xexx8yu xyri2b x18d9i69 x1c1uobl x1vvkbs x1heor9g x1qlqyl8 x1pd3egz x1a2a7pz x1gslohp x1yc453h\"><span class=\"x1lliihq x6ikm8r x10wlt62 x1n2onr6\"><span class=\"xt0psk2\"><span class=\"xjp7ctv\"><a class=\"x1i10hfl xjbqb8w x1ejq31n x18oe1m7 x1sy0etr xstzfhl x972fbf x10w94by x1qhh985 x14e42zd x9f619 x1ypdohk xt0psk2 xe8uvvx xdj266r x14z9mp xat24cr x1lziwak xexx8yu xyri2b x18d9i69 x1c1uobl x16tdsg8 x1hl2dhg xggy1nq x1a2a7pz xkrqix3 x1sur9pj xzsf02u x1s688f\" role=\"link\" href=\"https:\/\/www.facebook.com\/AcademiadelaLlinguaAsturiana?__cft__[0]=AZUkrOu5jsXuNQ1_geu-AM0rhtGITxBffMz1NPQGV3zOPnrOYm8NZFoNdqsI4yZGlqAnOdmUPDRlakjXvok5S_rEyQak8h9e8IOMFpTsTVmlUZrJhyMM3hRdf_7OgP2gOUWuuyKr8Oa6yaa079g5PbGQGKKYkErme87xbtzQCxhnet9H1waWUDO8bIbJXZBrMX2WSljAqmXXGyRZjg21eI0V188GyUt8ajYYtUs8r1aqdQ&amp;__tn__=-UC%2CP-y-R\"><strong class=\"html-strong xdj266r x14z9mp xat24cr x1lziwak xexx8yu xyri2b x18d9i69 x1c1uobl x1hl2dhg x16tdsg8 x1vvkbs x1s688f\"><span class=\"html-span xdj266r x14z9mp xat24cr x1lziwak xexx8yu xyri2b x18d9i69 x1c1uobl x1hl2dhg x16tdsg8 x1vvkbs\">Academia de la Llingua Asturiana<\/span><\/strong><\/a><\/span><\/span><\/span><\/li>\n<\/ul>\n<\/div>\n<\/div>\n<div class=\"xu06os2 x1ok221b\">\n<div class=\"html-div xdj266r x14z9mp xat24cr x1lziwak xexx8yu xyri2b x18d9i69 x1c1uobl x1q0g3np\"><\/div>\n<\/div>\n<\/div>\n<div class=\"html-div xdj266r x14z9mp xat24cr x1lziwak xexx8yu xyri2b x18d9i69 x1c1uobl\" dir=\"auto\">\n<div class=\"html-div xdj266r x14z9mp xat24cr x1lziwak xexx8yu xyri2b x18d9i69 x1c1uobl\" dir=\"auto\">\n<div class=\"html-div xdj266r x14z9mp xat24cr x1lziwak xexx8yu xyri2b x18d9i69 x1c1uobl\" data-ad-rendering-role=\"story_message\">\n<div class=\"x1l90r2v x1iorvi4 x1g0dm76 xpdmqnj\" data-ad-comet-preview=\"message\" data-ad-preview=\"message\">\n<div class=\"x78zum5 xdt5ytf xz62fqu x16ldp7u\">\n<div class=\"xu06os2 x1ok221b\">\n<div class=\"html-div xdj266r x14z9mp xat24cr x1lziwak xexx8yu xyri2b x18d9i69 x1c1uobl\">\n<div class=\"xdj266r x14z9mp xat24cr x1lziwak x1vvkbs x126k92a\">\n<div dir=\"auto\">Abiertu\u2019l plazu d\u2019inscripci\u00f3n de los<strong> cursos de la Universid\u00e1 Asturiana de Branu (UABRA)<\/strong> entamaos pola ALLA y la Universid\u00e1 d\u2019Uvi\u00e9u. La Universid\u00e1 Asturiana de Branu ye un espaciu d\u2019ense\u00f1u lling\u00fc\u00edsticu y cultural intensivu.<\/div>\n<\/div>\n<div class=\"x14z9mp xat24cr x1lziwak x1vvkbs xtlvy1s x126k92a\">\n<div dir=\"auto\"><\/div>\n<div dir=\"auto\"><!--more--><\/div>\n<div dir=\"auto\">\n<div>\n<ul>\n<li><strong>Los cursos van ser tr\u00e9s<\/strong>: Unu d&#8217;intensivu d&#8217;asturianu, otru de teatru y el postreru de traducci\u00f3n. Ent\u00e1 nun se public\u00f3 informaci\u00f3n sobro eonaviego.<\/li>\n<li>Los cursos son pal p\u00fablicu polo xeneral, pero la Universid\u00e1 recuerda que pueden ser homologables por #creitu pa complementar la formaci\u00f3n de los alumnos universitarios.<\/li>\n<\/ul>\n<\/div>\n<div class=\"brz-bg\" style=\"text-align: center\">\n<!-- iframe plugin v.6.0 wordpress.org\/plugins\/iframe\/ -->\n<iframe loading=\"lazy\" src=\"https:\/\/www.facebook.com\/plugins\/post.php?href=https%3A%2F%2Fwww.facebook.com%2FAcademiadelaLlinguaAsturiana%2Fposts%2Fpfbid0Xaw5Yd5ULM34sj8Mgu8KhDsm1WtQbmXa7qfdCKzYSdT61gwrHhkJZG9fpzQt196Sl&#038;show_text=false&#038;width=500\" width=\"500\" height=\"498\" style=\"border:none;overflow:hidden\" scrolling=\"no\" frameborder=\"0\" allowfullscreen=\"true\" allow=\"autoplay; clipboard-write; encrypted-media; picture-in-picture; web-share\" 0=\"\/iframe\" class=\"iframe-class\"><\/iframe>\n<\/div>\n<div class=\"brz-column__items brz-css-fNP_q\">\n<div id=\"\" class=\"brz-css-oUVdx brz-wrapper\">\n<div class=\"brz-rich-text brz-rich-text__custom brz-css-z1hkw\" data-brz-custom-id=\"uXFtWV2ICMEw\">\n<div data-brz-translate-text=\"1\">\n<p class=\"brz-ff-playfair_display brz-ft-google brz-fs-lg-16 brz-fss-lg-px brz-fw-lg-400 brz-ls-lg-0 brz-lh-lg-1_9 brz-tp-lg-empty brz-css-bQBKI\" data-generated-css=\"brz-css-oy0li\" data-uniq-id=\"w9Tkw\"><span class=\"brz-cp-color7\">Los cursos de branu de l&#8217;Academia son un espaciu d\u2019ense\u00f1u lling\u00fc\u00edsticu y cultural intensivu. N\u00e9l, l\u2019ALLA \u2014en collaboraci\u00f3n cola Universid\u00e1 d\u2019Uvi\u00e9u y el Princip\u00e1u\u2014 ufierta dellos cursos, xebraos en dos categor\u00edes:<\/span><\/p>\n<ul>\n<li class=\"brz-ff-playfair_display brz-ft-google brz-fs-lg-16 brz-fss-lg-px brz-fw-lg-400 brz-ls-lg-0 brz-lh-lg-1_9 brz-tp-lg-empty brz-css-bJ8b0\" data-generated-css=\"brz-css-y4CUZ\" data-uniq-id=\"wttSe\"><strong class=\"brz-cp-color7\">Formaci\u00f3n Lling\u00fc\u00edstica Xeneral<\/strong><span class=\"brz-cp-color7\">: cursu intensivu d&#8217;asturianu (B2).<\/span><\/li>\n<li class=\"brz-ff-playfair_display brz-ft-google brz-fs-lg-16 brz-fss-lg-px brz-fw-lg-400 brz-ls-lg-0 brz-lh-lg-1_9 brz-tp-lg-empty brz-css-vp7t0\" data-generated-css=\"brz-css-rugzG\" data-uniq-id=\"bsVeu\"><strong class=\"brz-cp-color7\">Cursos d\u2019Afondamientu Cultural y Lling\u00fc\u00edsticu<\/strong><span class=\"brz-cp-color7\">, d\u2019una selmana de duraci\u00f3n, dedicaos a materies perestremaes: mediu natural, patrimoniu, m\u00fasica, deporte, traducci\u00f3n\u2026<\/span><\/li>\n<\/ul>\n<p class=\"brz-tp-lg-empty brz-ff-playfair_display brz-ft-google brz-fs-lg-16 brz-fss-lg-px brz-fw-lg-400 brz-ls-lg-0 brz-lh-lg-1_9 ql-align-justify brz-css-m_C1b\" data-generated-css=\"brz-css-vnzOD\" data-uniq-id=\"dTUwb\"><span class=\"brz-cp-color7\">Los planes propuestos t\u00e1n pendientes de la tramitaci\u00f3n ordinaria na Conseyer\u00eda d\u2019Educaci\u00f3n y na Universid\u00e1 d\u2019Uvi\u00e9u. Ta previsto que\u2019l procesu de prematr\u00edcula y matr\u00edcula emprime\u2019l 9 de xunu de 2025.<\/span><\/p>\n<\/div>\n<\/div>\n<\/div>\n<\/div>\n<\/div>\n<div dir=\"auto\"><\/div>\n<div dir=\"auto\">N\u00e9l, l\u2019ALLA \u2014en collaboraci\u00f3n cola Universid\u00e1 d\u2019Uvi\u00e9u y el Princip\u00e1u\u2014 ufierta dellos cursos, xebraos en dos categor\u00edes: formaci\u00f3n lling\u00fc\u00edstica xeneral (\u00abCursu intensivu d\u2019asturianu (B2)\u00bb) y cursos d\u2019afondamientu cultural y lling\u00fc\u00edsticu (\u00abLa traducci\u00f3n asl asturianu: teor\u00eda, pr\u00e1utica y nuevos retos sociales y teunol\u00f3xicos\u00bb y \u00abEl teatru asturianu. Del testu a la escena\u00bb).<\/div>\n<\/div>\n<div class=\"x14z9mp xat24cr x1lziwak x1vvkbs xtlvy1s x126k92a\">\n<div dir=\"auto\">Nesta edici\u00f3n, que se va desenvolver del 21 al 25 de xunetu, n\u2019horariu de ma\u00f1ana, na Facult\u00e1 de Filosof\u00eda y Lletres de la Universid\u00e1 (El Mil\u00e1n), ufi\u00e9rtense tres cursos.<\/div>\n<\/div>\n<div class=\"x14z9mp xat24cr x1lziwak x1vvkbs xtlvy1s x126k92a\">\n<ul>\n<li dir=\"auto\">M\u00e1s informaci\u00f3n y matr\u00edcula en: <span class=\"html-span xdj266r x14z9mp xat24cr x1lziwak xexx8yu xyri2b x18d9i69 x1c1uobl x1hl2dhg x16tdsg8 x1vvkbs\"><a class=\"x1i10hfl xjbqb8w x1ejq31n x18oe1m7 x1sy0etr xstzfhl x972fbf x10w94by x1qhh985 x14e42zd x9f619 x1ypdohk xt0psk2 xe8uvvx xdj266r x14z9mp xat24cr x1lziwak xexx8yu xyri2b x18d9i69 x1c1uobl x16tdsg8 x1hl2dhg xggy1nq x1a2a7pz xkrqix3 x1sur9pj x1fey0fg x1s688f\" role=\"link\" href=\"https:\/\/alladixital.org\/cursos-de-branu-uvieu\/?fbclid=IwZXh0bgNhZW0CMTAAYnJpZBEwZjlrRWlIbFAwd1BYVkNrZwEeMjwwXMSLvFVBSuoSgIvZKGdgsuzahWkjENdN1UJKGLkcQ6ilmFFVirbuCDQ_aem_WAzaf6ZABnXczRkEz7qy5g\" target=\"_blank\" rel=\"nofollow noopener noreferrer\">https:\/\/alladixital.org\/cursos-de-branu-uvieu\/<\/a><\/span><\/li>\n<\/ul>\n<\/div>\n<\/div>\n<\/div>\n<\/div>\n<\/div>\n<\/div>\n<\/div>\n<\/div>\n<p>&nbsp;<\/p>\n","protected":false},"excerpt":{"rendered":"<p>Cursos d&#8217;asturianu, teatru y traducci\u00f3n, homologables por creitos universitarios. La nueva edici\u00f3n de la Universid\u00e1 Asturiana de Branu va tener como sede Uvi\u00e9u. Les inscripciones y\u00e1 pueden consultase na p\u00e1xina web de la Universid\u00e1 d&#8217;Uvi\u00e9u y tienen como fecha llende hasta&#8217;l 18 de xunetu. Academia de la Llingua Asturiana Abiertu\u2019l plazu d\u2019inscripci\u00f3n de los cursos [&hellip;]<\/p>\n","protected":false},"author":117,"featured_media":0,"comment_status":"open","ping_status":"open","sticky":false,"template":"","format":"standard","meta":{"footnotes":""},"categories":[65,157],"tags":[],"class_list":["post-50728","post","type-post","status-publish","format-standard","hentry","category-alla","category-cursos-llingua-asturiana"],"_links":{"self":[{"href":"https:\/\/edublog.educastur.es\/ixuxu\/wp-json\/wp\/v2\/posts\/50728","targetHints":{"allow":["GET"]}}],"collection":[{"href":"https:\/\/edublog.educastur.es\/ixuxu\/wp-json\/wp\/v2\/posts"}],"about":[{"href":"https:\/\/edublog.educastur.es\/ixuxu\/wp-json\/wp\/v2\/types\/post"}],"author":[{"embeddable":true,"href":"https:\/\/edublog.educastur.es\/ixuxu\/wp-json\/wp\/v2\/users\/117"}],"replies":[{"embeddable":true,"href":"https:\/\/edublog.educastur.es\/ixuxu\/wp-json\/wp\/v2\/comments?post=50728"}],"version-history":[{"count":4,"href":"https:\/\/edublog.educastur.es\/ixuxu\/wp-json\/wp\/v2\/posts\/50728\/revisions"}],"predecessor-version":[{"id":50736,"href":"https:\/\/edublog.educastur.es\/ixuxu\/wp-json\/wp\/v2\/posts\/50728\/revisions\/50736"}],"wp:attachment":[{"href":"https:\/\/edublog.educastur.es\/ixuxu\/wp-json\/wp\/v2\/media?parent=50728"}],"wp:term":[{"taxonomy":"category","embeddable":true,"href":"https:\/\/edublog.educastur.es\/ixuxu\/wp-json\/wp\/v2\/categories?post=50728"},{"taxonomy":"post_tag","embeddable":true,"href":"https:\/\/edublog.educastur.es\/ixuxu\/wp-json\/wp\/v2\/tags?post=50728"}],"curies":[{"name":"wp","href":"https:\/\/api.w.org\/{rel}","templated":true}]}}