{"id":50737,"date":"2025-06-14T11:24:25","date_gmt":"2025-06-14T09:24:25","guid":{"rendered":"https:\/\/edublog.educastur.es\/ixuxu\/?p=50737"},"modified":"2025-06-14T11:26:27","modified_gmt":"2025-06-14T09:26:27","slug":"el-principau-activa-la-reforma-de-la-llei-dusu-del-asturianu","status":"publish","type":"post","link":"https:\/\/edublog.educastur.es\/ixuxu\/2025\/06\/el-principau-activa-la-reforma-de-la-llei-dusu-del-asturianu\/","title":{"rendered":"El Princip\u00e1u activa la reforma de la Llei d&#8217;Usu del Asturianu"},"content":{"rendered":"<p>El Princip\u00e1u activa la reforma de la <strong>Llei d&#8217;Usu del Asturianu<\/strong> tres el fracasu de la oficialid\u00e1. Izauierda Xun\u00eda diz asumir el lideralgu coles mires de \u00abllegar al m\u00e1ximu nel usu y promoci\u00f3n\u00bb, mientres PP y Foru reclamen \u00abconsensu\u00bb. <a href=\"https:\/\/www.elcomercio.es\/asturias\/principado-activa-reforma-ley-uso-asturiano-tras-20250613220559-nt.html\">El Comercio<\/a><\/p>\n<p style=\"text-align: center\"><a href=\"https:\/\/s2.ppllstatics.com\/elcomercio\/www\/multimedia\/2025\/06\/13\/votacion-estatuto-oficialidad-asturiano-RUfXtF5tZ0ECoHA3Mry355I-1200x840@El%20Comercio.jpg\"><img loading=\"lazy\" decoding=\"async\" class=\"aligncenter size-large\" src=\"https:\/\/s2.ppllstatics.com\/elcomercio\/www\/multimedia\/2025\/06\/13\/votacion-estatuto-oficialidad-asturiano-RUfXtF5tZ0ECoHA3Mry355I-1200x840@El%20Comercio.jpg\" width=\"1200\" height=\"840\" \/><\/a><\/p>\n<p style=\"text-align: center\">El sofitu de la mayor\u00eda simple de la C\u00e1mara asturiana<br \/>\nnun foi abonda para sacar alantre la reforma del Estatutu d&#8217;Autonom\u00eda.<br \/>\nSemeya: \u00c1lex Pi\u00f1a<\/p>\n","protected":false},"excerpt":{"rendered":"<p>El Princip\u00e1u activa la reforma de la Llei d&#8217;Usu del Asturianu tres el fracasu de la oficialid\u00e1. Izauierda Xun\u00eda diz asumir el lideralgu coles mires de \u00abllegar al m\u00e1ximu nel usu y promoci\u00f3n\u00bb, mientres PP y Foru reclamen \u00abconsensu\u00bb. El Comercio El sofitu de la mayor\u00eda simple de la C\u00e1mara asturiana nun foi abonda para [&hellip;]<\/p>\n","protected":false},"author":117,"featured_media":0,"comment_status":"open","ping_status":"open","sticky":false,"template":"","format":"standard","meta":{"footnotes":""},"categories":[51],"tags":[],"class_list":["post-50737","post","type-post","status-publish","format-standard","hentry","category-oficialida"],"_links":{"self":[{"href":"https:\/\/edublog.educastur.es\/ixuxu\/wp-json\/wp\/v2\/posts\/50737","targetHints":{"allow":["GET"]}}],"collection":[{"href":"https:\/\/edublog.educastur.es\/ixuxu\/wp-json\/wp\/v2\/posts"}],"about":[{"href":"https:\/\/edublog.educastur.es\/ixuxu\/wp-json\/wp\/v2\/types\/post"}],"author":[{"embeddable":true,"href":"https:\/\/edublog.educastur.es\/ixuxu\/wp-json\/wp\/v2\/users\/117"}],"replies":[{"embeddable":true,"href":"https:\/\/edublog.educastur.es\/ixuxu\/wp-json\/wp\/v2\/comments?post=50737"}],"version-history":[{"count":2,"href":"https:\/\/edublog.educastur.es\/ixuxu\/wp-json\/wp\/v2\/posts\/50737\/revisions"}],"predecessor-version":[{"id":50739,"href":"https:\/\/edublog.educastur.es\/ixuxu\/wp-json\/wp\/v2\/posts\/50737\/revisions\/50739"}],"wp:attachment":[{"href":"https:\/\/edublog.educastur.es\/ixuxu\/wp-json\/wp\/v2\/media?parent=50737"}],"wp:term":[{"taxonomy":"category","embeddable":true,"href":"https:\/\/edublog.educastur.es\/ixuxu\/wp-json\/wp\/v2\/categories?post=50737"},{"taxonomy":"post_tag","embeddable":true,"href":"https:\/\/edublog.educastur.es\/ixuxu\/wp-json\/wp\/v2\/tags?post=50737"}],"curies":[{"name":"wp","href":"https:\/\/api.w.org\/{rel}","templated":true}]}}