{"id":50740,"date":"2025-06-14T11:27:04","date_gmt":"2025-06-14T09:27:04","guid":{"rendered":"https:\/\/edublog.educastur.es\/ixuxu\/?p=50740"},"modified":"2025-06-14T11:29:53","modified_gmt":"2025-06-14T09:29:53","slug":"agora-los-medicos-en-fuelga","status":"publish","type":"post","link":"https:\/\/edublog.educastur.es\/ixuxu\/2025\/06\/agora-los-medicos-en-fuelga\/","title":{"rendered":"Fuelga: los m\u00e9dicos asturianos tomen el relevu de los docentes"},"content":{"rendered":"<p style=\"text-align: center\"><a href=\"https:\/\/s3.ppllstatics.com\/elcomercio\/www\/multimedia\/2025\/06\/13\/protesta%20medicos-R5saeoel7kCI3HetJ6On0gM-1200x840@El%20Comercio.jpg\"><img loading=\"lazy\" decoding=\"async\" class=\"aligncenter size-large\" src=\"https:\/\/s3.ppllstatics.com\/elcomercio\/www\/multimedia\/2025\/06\/13\/protesta%20medicos-R5saeoel7kCI3HetJ6On0gM-1200x840@El%20Comercio.jpg\" width=\"1200\" height=\"840\" \/><\/a><\/p>\n<p>Los m\u00e9dicos asturianos tomen el relevu de los docentes: \u00abEl nuesu salariu nun ye acorde a la nuesa formaci\u00f3n y a les responsabilidaes que tenemos\u00bb. Cientos de sanitarios concentr\u00e1ronse esti vienres a les puertes de Consultes Esternes del Hospital Universitariu Central d&#8217;Asturies (HUCA) para esixir meyores condiciones llaborales y salariales.<\/p>\n<p><!--more--><\/p>\n<p>Seg\u00fan ficieren los docentes asturianos, los sanitarios tami\u00e9n dixeron: \u00a1Hasta equ\u00ed llegamos!. Cansaos de trabayar veces interminables y de nun ver compens\u00e1u&#8217;l so esfuerzu, un grupu de m\u00e9dicos concentr\u00f3se esti vienres a les puertes de Consultes Esternes del Hospital Universitariu Central d&#8217;Asturies (HUCA), para pidir cambeos nel sistema de sal\u00fa del Princip\u00e1u, especialmente no que fai a la compatibilid\u00e1 llaboral y la carrera profesional. Tami\u00e9n espresaron la so oposici\u00f3n a la reforma del so estatutu y piden una meyora nes condiciones salariales.<\/p>\n<p>\u00abNun queremos comparanos con naide, lo \u00fanico que pidimos ye que se nos reconoza&#8217;l nuesu esfuerzu y responsabilid\u00e1 porque son munchos a\u00f1os de formaci\u00f3n, unos 11 a\u00f1os hasta ser especialista, por qu&#8217;a la fin cotices igual que cualesquier otru trabayador d&#8217;otru sector\u00bb, sorray\u00f3&#8217;l residente de tercer a\u00f1u d&#8217;Endocrinolox\u00eda del HUCA.<\/p>\n<p>Negociaci\u00f3n col Gobiernu d&#8217;Asturies<\/p>\n<p>Los m\u00e9dicos que se concentraron g\u00fcei nel HUCA aseguren que&#8217;l Gobiernu del Princip\u00e1u \u00abse la pasa vendiendo que somos unos privilexaos y la met\u00e1 de la poblaci\u00f3n cree que folgamos tr\u00e9s d\u00edes depu\u00e9s d&#8217;una guardia, pero nun ye asina. Folgamos solo un d\u00eda, de mano a trabayar al siguiente otra vegada\u00bb, critiquen.<\/p>\n<p>\u00c9nte esti panorama, los sanitarios lo \u00fanico que piden ye que&#8217;l Gobiernu d&#8217;Asturies #sentir a axustar colos sindicatos \u00abporque hasta agora nun lo fixeron. Nun tenemos voz nin votu\u00bb, dicen.<\/p>\n<p>El colectivu indic\u00f3, a lo \u00faltimo, que tienen previsti siguir moviliz\u00e1ndose y \u00abvan llegar hasta onde faiga falta\u00bb por que les sos reivindicaciones s\u00edan escuchaes.<\/p>\n","protected":false},"excerpt":{"rendered":"<p>Los m\u00e9dicos asturianos tomen el relevu de los docentes: \u00abEl nuesu salariu nun ye acorde a la nuesa formaci\u00f3n y a les responsabilidaes que tenemos\u00bb. Cientos de sanitarios concentr\u00e1ronse esti vienres a les puertes de Consultes Esternes del Hospital Universitariu Central d&#8217;Asturies (HUCA) para esixir meyores condiciones llaborales y salariales.<\/p>\n","protected":false},"author":117,"featured_media":0,"comment_status":"open","ping_status":"open","sticky":false,"template":"","format":"standard","meta":{"footnotes":""},"categories":[451],"tags":[],"class_list":["post-50740","post","type-post","status-publish","format-standard","hentry","category-fuelga"],"_links":{"self":[{"href":"https:\/\/edublog.educastur.es\/ixuxu\/wp-json\/wp\/v2\/posts\/50740","targetHints":{"allow":["GET"]}}],"collection":[{"href":"https:\/\/edublog.educastur.es\/ixuxu\/wp-json\/wp\/v2\/posts"}],"about":[{"href":"https:\/\/edublog.educastur.es\/ixuxu\/wp-json\/wp\/v2\/types\/post"}],"author":[{"embeddable":true,"href":"https:\/\/edublog.educastur.es\/ixuxu\/wp-json\/wp\/v2\/users\/117"}],"replies":[{"embeddable":true,"href":"https:\/\/edublog.educastur.es\/ixuxu\/wp-json\/wp\/v2\/comments?post=50740"}],"version-history":[{"count":5,"href":"https:\/\/edublog.educastur.es\/ixuxu\/wp-json\/wp\/v2\/posts\/50740\/revisions"}],"predecessor-version":[{"id":50745,"href":"https:\/\/edublog.educastur.es\/ixuxu\/wp-json\/wp\/v2\/posts\/50740\/revisions\/50745"}],"wp:attachment":[{"href":"https:\/\/edublog.educastur.es\/ixuxu\/wp-json\/wp\/v2\/media?parent=50740"}],"wp:term":[{"taxonomy":"category","embeddable":true,"href":"https:\/\/edublog.educastur.es\/ixuxu\/wp-json\/wp\/v2\/categories?post=50740"},{"taxonomy":"post_tag","embeddable":true,"href":"https:\/\/edublog.educastur.es\/ixuxu\/wp-json\/wp\/v2\/tags?post=50740"}],"curies":[{"name":"wp","href":"https:\/\/api.w.org\/{rel}","templated":true}]}}