{"id":50746,"date":"2025-06-14T08:30:17","date_gmt":"2025-06-14T06:30:17","guid":{"rendered":"https:\/\/edublog.educastur.es\/ixuxu\/?p=50746"},"modified":"2025-06-14T11:36:23","modified_gmt":"2025-06-14T09:36:23","slug":"el-tiempu-el-comercio-66","status":"publish","type":"post","link":"https:\/\/edublog.educastur.es\/ixuxu\/2025\/06\/el-tiempu-el-comercio-66\/","title":{"rendered":"El tiempu (El Comercio)"},"content":{"rendered":"<p style=\"text-align: center\"><a href=\"https:\/\/s3.ppllstatics.com\/elcomercio\/www\/multimedia\/2025\/06\/13\/prevision-tiempo-asturias-kpr-U2301948938566Ca-1200x860@El%20Comercio.jpg\"><img loading=\"lazy\" decoding=\"async\" class=\"aligncenter size-large\" src=\"https:\/\/s3.ppllstatics.com\/elcomercio\/www\/multimedia\/2025\/06\/13\/prevision-tiempo-asturias-kpr-U2301948938566Ca-1200x860@El%20Comercio.jpg\" width=\"1200\" height=\"860\" \/><\/a><\/p>\n<ul>\n<li><span style=\"color: #008080\"><strong>Esperamos<\/strong><\/span> cielos bien nublos o cubiertos dende primer hora de la ma\u00f1ana. Nam\u00e1, podr\u00eden ent\u00e1 tener delles escamplaes l&#8217;estremu m\u00e1s occidental mientres les primeres hores pero, igualmente, va acabar cubri\u00e9ndose de nubes esti sector.<\/li>\n<li><span style=\"color: #008080\"><strong>Les precipitaciones<\/strong><\/span> van ser d\u00e9biles pero van poder apaecer en cualquier momentu del d\u00eda.<\/li>\n<li><span style=\"color: #008080\"><strong>Los vientos<\/strong><\/span> van empezar predominando d&#8217;oeste, pero van acabar afit\u00e1ndose de componente norte fluexos en tola rex\u00f3n, especialmente a partir del mediud\u00eda.<\/li>\n<li><span style=\"color: #008080\"><strong>Les temperatures m\u00e1ximes<\/strong><\/span> van baxar de forma xeneralizada y notable. Van Baxar unos 6 o 7 \u00baC en tol interior, y unos 4 \u00baC aprosimao na mari\u00f1a. D&#8217;esta forma, bien poques poblaciones van consiguir algamar o superar los 20 \u00baC.<\/li>\n<\/ul>\n<p><!--more--><\/p>\n<ul>\n<li><span style=\"color: #008080\"><strong>El domingu<\/strong><\/span> pocos cambeos esp\u00e9rense. Los cielos van tar nuevamente bien nublos con posibilid\u00e1 de dellos orbayos que van ser m\u00e1s frecuentes pela ma\u00f1ana. <strong>Pela tarde<\/strong> la nubosid\u00e1 va ser menos compacta pero, asina tou, les escamplaes que puedan apaecer van ser bien cobardes.<strong> Los vientos<\/strong> van afitase de nordeste a partir del mediud\u00eda y van dir aumentando la so intensid\u00e1 sobremanera na mari\u00f1a. <strong>Les temperatures<\/strong> van caltenese en ll\u00ednees xenerales respectu al s\u00e1badu.<\/li>\n<li><span style=\"color: #008080\"><strong>La pr\u00f3xima selmana<\/strong><\/span> tou apunta a d\u00edes bien calorosos.<\/li>\n<\/ul>\n","protected":false},"excerpt":{"rendered":"<p>Esperamos cielos bien nublos o cubiertos dende primer hora de la ma\u00f1ana. Nam\u00e1, podr\u00eden ent\u00e1 tener delles escamplaes l&#8217;estremu m\u00e1s occidental mientres les primeres hores pero, igualmente, va acabar cubri\u00e9ndose de nubes esti sector. Les precipitaciones van ser d\u00e9biles pero van poder apaecer en cualquier momentu del d\u00eda. Los vientos van empezar predominando d&#8217;oeste, pero [&hellip;]<\/p>\n","protected":false},"author":117,"featured_media":0,"comment_status":"open","ping_status":"open","sticky":false,"template":"","format":"standard","meta":{"footnotes":""},"categories":[5],"tags":[],"class_list":["post-50746","post","type-post","status-publish","format-standard","hentry","category-tiempu"],"_links":{"self":[{"href":"https:\/\/edublog.educastur.es\/ixuxu\/wp-json\/wp\/v2\/posts\/50746","targetHints":{"allow":["GET"]}}],"collection":[{"href":"https:\/\/edublog.educastur.es\/ixuxu\/wp-json\/wp\/v2\/posts"}],"about":[{"href":"https:\/\/edublog.educastur.es\/ixuxu\/wp-json\/wp\/v2\/types\/post"}],"author":[{"embeddable":true,"href":"https:\/\/edublog.educastur.es\/ixuxu\/wp-json\/wp\/v2\/users\/117"}],"replies":[{"embeddable":true,"href":"https:\/\/edublog.educastur.es\/ixuxu\/wp-json\/wp\/v2\/comments?post=50746"}],"version-history":[{"count":3,"href":"https:\/\/edublog.educastur.es\/ixuxu\/wp-json\/wp\/v2\/posts\/50746\/revisions"}],"predecessor-version":[{"id":50749,"href":"https:\/\/edublog.educastur.es\/ixuxu\/wp-json\/wp\/v2\/posts\/50746\/revisions\/50749"}],"wp:attachment":[{"href":"https:\/\/edublog.educastur.es\/ixuxu\/wp-json\/wp\/v2\/media?parent=50746"}],"wp:term":[{"taxonomy":"category","embeddable":true,"href":"https:\/\/edublog.educastur.es\/ixuxu\/wp-json\/wp\/v2\/categories?post=50746"},{"taxonomy":"post_tag","embeddable":true,"href":"https:\/\/edublog.educastur.es\/ixuxu\/wp-json\/wp\/v2\/tags?post=50746"}],"curies":[{"name":"wp","href":"https:\/\/api.w.org\/{rel}","templated":true}]}}