{"id":50752,"date":"2025-06-14T11:41:22","date_gmt":"2025-06-14T09:41:22","guid":{"rendered":"https:\/\/edublog.educastur.es\/ixuxu\/?p=50752"},"modified":"2025-06-14T11:41:22","modified_gmt":"2025-06-14T09:41:22","slug":"primera-cohousing-interxeneracional-dasturies-en-llanera","status":"publish","type":"post","link":"https:\/\/edublog.educastur.es\/ixuxu\/2025\/06\/primera-cohousing-interxeneracional-dasturies-en-llanera\/","title":{"rendered":"Primera cohousing interxeneracional d&#8217;Asturies, en Llanera"},"content":{"rendered":"<ul>\n<li class=\"font-size-xxl margin-b-5 font-weight-b color-b-050 letter-spacing--1 fuente-corporativa\"><a href=\"https:\/\/www.rtpa.es\/noticias-asturias-ast\/2025-06-13\/Llanera-va-estrenar-a-finales-de-branu'l-primera-cohousing-interxeneracional-d'Asturies_111749816164.html\">Llanera va estrenar a finales de branu&#8217;l primera cohousing interxeneracional d&#8217;Asturies<\/a><\/li>\n<\/ul>\n<p style=\"text-align: center\"><a href=\"https:\/\/www.rtpa.es\/fotos\/\/25\/06\/20250613140420_RTPA6727596.webp\"><img loading=\"lazy\" decoding=\"async\" class=\"aligncenter size-large\" src=\"https:\/\/www.rtpa.es\/fotos\/\/25\/06\/20250613140420_RTPA6727596.webp\" width=\"853\" height=\"480\" \/><\/a>Un proyectu de convivencia colaborativa con 36 viviendes<\/p>\n<p><!--more--><\/p>\n<section class=\"contenido \">\n<div class=\"container\">\n<div class=\"row\">\n<div class=\"col-lg-8 col-md-12 col-xs-12\" role=\"main\" aria-label=\"Bloque del titular, texto imagen o v\u00eddeo de la noticia\">\n<div id=\"noticiacompleta\" class=\"parragraph-padding font-c-conent\">\n<p>Queda bien poco pa poder estrenar estes viviendes nes que se busca vivir en comunid\u00e1 ensin arrenunciar a l&#8217;autonom\u00eda asegura Joan Rovira, sociu d\u2019<span style=\"color: #008080\"><strong>Axuntase.<\/strong><\/span><\/p>\n<p>En total son 36 viviendes con zones comunes, g\u00fcertos, xardinos\u2026 A diferencia de los modelos tradicionales, equ\u00ed nun se merca nin s&#8217;arrienda: l&#8217;accesu ye por aciu de cesi\u00f3n d&#8217;usu.<\/p>\n<p>Cada cooperativista tien qu&#8217;apurrir 172 mil euros. La mayor\u00eda y\u00e1 t\u00e1n axudicaes, pero ent\u00e1 queden 10 disponibles pensaes pa menores de 50 a\u00f1os porque se trata d&#8217;un proyectu interxeneracional.<\/p>\n<p>Una forma distinta de vivir que ta a puntu de faese realid\u00e1, cada unu na so casa, pero con un vecindariu m\u00e1s cercanu, conect\u00e1u y colaborativu.<\/p>\n<\/div>\n<\/div>\n<\/div>\n<\/div>\n<\/section>\n","protected":false},"excerpt":{"rendered":"<p>Llanera va estrenar a finales de branu&#8217;l primera cohousing interxeneracional d&#8217;Asturies Un proyectu de convivencia colaborativa con 36 viviendes<\/p>\n","protected":false},"author":117,"featured_media":0,"comment_status":"open","ping_status":"open","sticky":false,"template":"","format":"standard","meta":{"footnotes":""},"categories":[455],"tags":[],"class_list":["post-50752","post","type-post","status-publish","format-standard","hentry","category-vivienda"],"_links":{"self":[{"href":"https:\/\/edublog.educastur.es\/ixuxu\/wp-json\/wp\/v2\/posts\/50752","targetHints":{"allow":["GET"]}}],"collection":[{"href":"https:\/\/edublog.educastur.es\/ixuxu\/wp-json\/wp\/v2\/posts"}],"about":[{"href":"https:\/\/edublog.educastur.es\/ixuxu\/wp-json\/wp\/v2\/types\/post"}],"author":[{"embeddable":true,"href":"https:\/\/edublog.educastur.es\/ixuxu\/wp-json\/wp\/v2\/users\/117"}],"replies":[{"embeddable":true,"href":"https:\/\/edublog.educastur.es\/ixuxu\/wp-json\/wp\/v2\/comments?post=50752"}],"version-history":[{"count":1,"href":"https:\/\/edublog.educastur.es\/ixuxu\/wp-json\/wp\/v2\/posts\/50752\/revisions"}],"predecessor-version":[{"id":50753,"href":"https:\/\/edublog.educastur.es\/ixuxu\/wp-json\/wp\/v2\/posts\/50752\/revisions\/50753"}],"wp:attachment":[{"href":"https:\/\/edublog.educastur.es\/ixuxu\/wp-json\/wp\/v2\/media?parent=50752"}],"wp:term":[{"taxonomy":"category","embeddable":true,"href":"https:\/\/edublog.educastur.es\/ixuxu\/wp-json\/wp\/v2\/categories?post=50752"},{"taxonomy":"post_tag","embeddable":true,"href":"https:\/\/edublog.educastur.es\/ixuxu\/wp-json\/wp\/v2\/tags?post=50752"}],"curies":[{"name":"wp","href":"https:\/\/api.w.org\/{rel}","templated":true}]}}