{"id":50754,"date":"2025-06-14T11:47:42","date_gmt":"2025-06-14T09:47:42","guid":{"rendered":"https:\/\/edublog.educastur.es\/ixuxu\/?p=50754"},"modified":"2025-06-14T11:47:42","modified_gmt":"2025-06-14T09:47:42","slug":"el-programa-ludicu-branu-en-payares-arrincal-21-de-xunu","status":"publish","type":"post","link":"https:\/\/edublog.educastur.es\/ixuxu\/2025\/06\/el-programa-ludicu-branu-en-payares-arrincal-21-de-xunu\/","title":{"rendered":"El programa l\u00fadicu &#8216;Branu en Payares&#8217; arrinca&#8217;l 21 de xunu"},"content":{"rendered":"<p>&nbsp;<\/p>\n<p style=\"text-align: center\"><a href=\"https:\/\/actualidad.asturias.es\/documents\/537115\/2629838\/cartel.png\/c762aef1-0d00-faed-119b-15fbf0230f67?t=1749890066113\"><img loading=\"lazy\" decoding=\"async\" class=\"aligncenter \" src=\"https:\/\/actualidad.asturias.es\/documents\/537115\/2629838\/cartel.png\/c762aef1-0d00-faed-119b-15fbf0230f67?t=1749890066113\" width=\"427\" height=\"603\" \/><\/a><\/p>\n<p>El programa l\u00fadicu &#8216;Branu en Payares&#8217; arrinca&#8217;l 21 de xunu con actividaes gratuites para tolos p\u00fablicos, qu&#8217;incl\u00fain un festival con m\u00fasica tradicional y un merc\u00e1u local. El proyectu, que se va desenvolver hasta&#8217;l 15 de setiembre, enm\u00e1rcase na reconocencia d&#8217;<strong>Asturies como Rex\u00f3n Europea del Deporte 2025.<\/strong><\/p>\n<p>El llist\u00e1u d&#8217;actividaes, gratuites y para tolos p\u00fablicos, incl\u00fai nesta edici\u00f3n un festival d&#8217;altu monte, el 5 de xunetu, un eventu pioneru que va aunir m\u00fasica tradicional, deporte, talleres infantiles y un merc\u00e1u local.<\/p>\n<p><!--more--><br \/>\nCultura apuesta pola desestacionalizaci\u00f3n de Valgrande-Payares cola promoci\u00f3n d&#8217;un ociu saludable, que busca la participaci\u00f3n activo y educativo.<\/p>\n<p>La Conseyer\u00eda de Cultura, Pol\u00edtica Lling\u00fc\u00edstica y Deporte llanz\u00f3&#8217;l programa d&#8217;actividaes Veranu en Payares d&#8217;angua\u00f1o, una iniciativa que contrib\u00fai a desestacionalizar la ufierta na Estaci\u00f3n Iverniza y de Monte Valgrande-Payares, al empar que promueve l&#8217;ociu saludable, el contactu cola naturaleza y l&#8217;educaci\u00f3n ambiental. El llist\u00e1u d&#8217;actividaes, gratuites y para tolos p\u00fablicos, incl\u00fai nesta edici\u00f3n un festival d&#8217;altu monte, el 5 de xunetu, un eventu pioneru que va aunir m\u00fasica tradicional, deporte, talleres infantiles y un merc\u00e1u local.<\/p>\n<p><strong>Nesta edici\u00f3n, que se va celebrar les fines de selmana ente&#8217;l 21 de xunu y el 15 de setiembre<\/strong>, Veranu en Payares cobra especial relevancia al celebrase nel marcu de la designaci\u00f3n d&#8217;Asturies como Rex\u00f3n Europea del Deporte 2025. Esta distinci\u00f3n, al travi\u00e9s del proxecto <strong>ADN Asturies Deporte y Naturaleza<\/strong>, va tar presente en tola programaci\u00f3n.<\/p>\n<p>Coles mesmes, mientres les fines de selmana del periodu branizu, podr\u00e1 utilizase la telecabina Cuitunigru de la estaci\u00f3n l.leniza. El preciu del trayectu de xubida y baxada na telecabina va ser de 8 euros per persona. Tami\u00e9n se van ufiertar bonos individuales d&#8217;un d\u00eda completu por 13 euros y pa tola temporada veraniega, por 55.<\/p>\n<p><strong>Les actividaes gratuites m\u00e1s destacaes incluy\u00edes en Veranu en Payares son les siguientes:<\/strong><\/p>\n<ul>\n<li><strong>Monta\u00f1ismu en Payares<\/strong><\/li>\n<\/ul>\n<p>Rutes empuestes de 5 a 12 kil\u00f3metros con un desnivel d&#8217;hasta 500 metros, Nel trayectu esquizar\u00e1se la hestoria, cultura y naturaleza de paraxes como&#8217;l Parque Natural de Les Ubi\u00f1es-La Mesa. L&#8217;activid\u00e1 va cuntar col acompa\u00f1amientu d&#8217;un gu\u00eda. D&#8217;esta miente ye apta pa tolos p\u00fablicos ensin necesid\u00e1 d&#8217;esperiencia previa.<\/p>\n<ul>\n<li><strong>Talleres medioambientales<\/strong><\/li>\n<\/ul>\n<p>Nos talleres\u00a0 podr\u00e1 esperimentase, crear y aprender sobro la naturaleza por aciu la observaci\u00f3n, el rastrexu y los esperimentos. Tami\u00e9n se va aprender a identificar buelgues d&#8217;animales. la importancia de curiar la redolada y la riqueza natural d&#8217;enclaves como la Estaci\u00f3n Iverniza y de Monte Valgrande-Payares. Nun se rique esperiencia.<\/p>\n<ul>\n<li><strong>Ruta y cl\u00ednic de bici de monte<\/strong><\/li>\n<\/ul>\n<p>Esta propuesta va dexar aprender a apoderar la bicicleta de monte con rutes empuestes por Valgrande-Payares, que combinen diversi\u00f3n y aprendizaxe de t\u00e9cniques b\u00e1siques de conducci\u00f3n. va potenciase l&#8217;enfotu y segurid\u00e1 pa pedaliar en caminos de tierra, mientres los participantes van esfrutar de los paisaxes. Ye necesariu cuntar con bicicleta propia.<\/p>\n<ul>\n<li><strong>Xeocaching y rastrexu en familia<\/strong><\/li>\n<\/ul>\n<p>El xeocaching dexa esquizar, al travi\u00e9s d&#8217;un xuegu familiar, la naturaleza de Payares. Los participantes van buscar ayalgues ocultes con GPS y van aprender a rastrexar. L&#8217;activid\u00e1 fomenta&#8217;l trabayu n&#8217;equipu, la orientaci\u00f3n y l&#8217;observaci\u00f3n y va dexar afayar la fauna y los secretos del monte. Ideal pa families con ne\u00f1os a partir de 6 a\u00f1os. Nun ye necesaria esperiencia previa.<\/p>\n<ul>\n<li><strong>Observaci\u00f3n d&#8217;estrelles<\/strong><\/li>\n<\/ul>\n<p>Valgrande-Payares, colos sos cielos escuros, ye ideal pa la observaci\u00f3n d&#8217;estrelles. Nestes sal\u00edes nocherniegues, les persones participantes van aprender a empobinase pol firmamentu con telescopios y piqueros l\u00e1ser. Am\u00e1s van afayar les constelaciones y la mitolox\u00eda celeste, especialmente mientres eventos astron\u00f3micos destacaos.<\/p>\n<ul>\n<li><strong>Raid d&#8217;aventura<\/strong><\/li>\n<\/ul>\n<p>Pa poner a prueba la orientaci\u00f3n y el trabayu n&#8217;equipu. Na activid\u00e1 va haber que buscar balices y superar desaf\u00edos d&#8217;habilid\u00e1, l\u00f3xica y estratexa. Los comenenciudos van aprender a usar mapes y br\u00faxules pa movese de forma aut\u00f3noma. El raid combina l&#8217;exerciciu f\u00edsicu, la l\u00f3xica y la cooperaci\u00f3n nun percorr\u00edu llenu de sorpreses.<\/p>\n<ul>\n<li><strong>Yoga en familia<\/strong><\/li>\n<\/ul>\n<p>La conseyer\u00eda ufierta nesti programa la posibilid\u00e1 de practicar yoga en familia nos cumes de Payares, afayando xuna esperiencia \u00fanica pa conectar cola naturaleza. Tr\u00e1tase de sesiones dise\u00f1aes pa tolos p\u00fablicos, que van dexar relaxase, recargar enerx\u00edes y esfrutar de los beneficios de la yoga nuna redolada incomparable.<\/p>\n<ul>\n<li><strong>Marcha n\u00f3rdica<\/strong><\/li>\n<\/ul>\n<p>Nesti casu, ufi\u00e9rtase la posibilid\u00e1 d&#8217;indiciarse na marcha n\u00f3rdica na redolada de la estaci\u00f3n. van aprendese les t\u00e9cniques b\u00e1siques p&#8217;apoderar esti deporte beneficioso y accesible. Tr\u00e1tar d&#8217;una oportunid\u00e1 p&#8217;afayar una forma activo y gratificante d&#8217;esquizar el monte, qu&#8217;ameyora la condici\u00f3n f\u00edsica mientres s&#8217;esfruta del aire puro y los paisaxes asturianos.<\/p>\n<ul>\n<li><a class=\"pdf\" title=\"NP Veranu en Payares. Abre una nueva ventana\" href=\"https:\/\/actualidad.asturias.es\/documents\/533407\/0\/2025_06_14+NP+Veranu+en+payares+%281%29.pdf\/684adb28-002e-dd43-c72a-0b88d47739fa?t=1749890788233\" target=\"_blank\" rel=\"noopener\"> NP Veranu en Payares <\/a><\/li>\n<li><a class=\"pdf\" title=\"Programa Veranu en Payares. Abre una nueva ventana\" href=\"https:\/\/actualidad.asturias.es\/documents\/533407\/0\/Programa+Veranu+en+Payares+%281%29.pdf\/290146a1-d0f9-11e8-c327-ad080847599c?t=1749889999200\" target=\"_blank\" rel=\"noopener\"> Programa Veranu en Payares <\/a><\/li>\n<\/ul>\n","protected":false},"excerpt":{"rendered":"<p>&nbsp; El programa l\u00fadicu &#8216;Branu en Payares&#8217; arrinca&#8217;l 21 de xunu con actividaes gratuites para tolos p\u00fablicos, qu&#8217;incl\u00fain un festival con m\u00fasica tradicional y un merc\u00e1u local. El proyectu, que se va desenvolver hasta&#8217;l 15 de setiembre, enm\u00e1rcase na reconocencia d&#8217;Asturies como Rex\u00f3n Europea del Deporte 2025. El llist\u00e1u d&#8217;actividaes, gratuites y para tolos p\u00fablicos, [&hellip;]<\/p>\n","protected":false},"author":117,"featured_media":0,"comment_status":"open","ping_status":"open","sticky":false,"template":"","format":"standard","meta":{"footnotes":""},"categories":[204,311],"tags":[],"class_list":["post-50754","post","type-post","status-publish","format-standard","hentry","category-festivales","category-montes"],"_links":{"self":[{"href":"https:\/\/edublog.educastur.es\/ixuxu\/wp-json\/wp\/v2\/posts\/50754","targetHints":{"allow":["GET"]}}],"collection":[{"href":"https:\/\/edublog.educastur.es\/ixuxu\/wp-json\/wp\/v2\/posts"}],"about":[{"href":"https:\/\/edublog.educastur.es\/ixuxu\/wp-json\/wp\/v2\/types\/post"}],"author":[{"embeddable":true,"href":"https:\/\/edublog.educastur.es\/ixuxu\/wp-json\/wp\/v2\/users\/117"}],"replies":[{"embeddable":true,"href":"https:\/\/edublog.educastur.es\/ixuxu\/wp-json\/wp\/v2\/comments?post=50754"}],"version-history":[{"count":1,"href":"https:\/\/edublog.educastur.es\/ixuxu\/wp-json\/wp\/v2\/posts\/50754\/revisions"}],"predecessor-version":[{"id":50755,"href":"https:\/\/edublog.educastur.es\/ixuxu\/wp-json\/wp\/v2\/posts\/50754\/revisions\/50755"}],"wp:attachment":[{"href":"https:\/\/edublog.educastur.es\/ixuxu\/wp-json\/wp\/v2\/media?parent=50754"}],"wp:term":[{"taxonomy":"category","embeddable":true,"href":"https:\/\/edublog.educastur.es\/ixuxu\/wp-json\/wp\/v2\/categories?post=50754"},{"taxonomy":"post_tag","embeddable":true,"href":"https:\/\/edublog.educastur.es\/ixuxu\/wp-json\/wp\/v2\/tags?post=50754"}],"curies":[{"name":"wp","href":"https:\/\/api.w.org\/{rel}","templated":true}]}}