{"id":50774,"date":"2025-06-14T12:17:13","date_gmt":"2025-06-14T10:17:13","guid":{"rendered":"https:\/\/edublog.educastur.es\/ixuxu\/?p=50774"},"modified":"2025-06-15T22:01:01","modified_gmt":"2025-06-15T20:01:01","slug":"el-principau-pagal-primer-cursu-de-los-estudios-de-grau-na-universida-duvieu","status":"publish","type":"post","link":"https:\/\/edublog.educastur.es\/ixuxu\/2025\/06\/el-principau-pagal-primer-cursu-de-los-estudios-de-grau-na-universida-duvieu\/","title":{"rendered":"El Princip\u00e1u paga\u2019l primer cursu de los estudios de grau na Universid\u00e1 d\u2019Uvi\u00e9u."},"content":{"rendered":"<div class=\"html-div xdj266r xat24cr x1lziwak xexx8yu xyri2b x18d9i69 x1c1uobl x78zum5 x2lah0s xqtp20y x1xegmmw\">\n<div class=\"xc9qbxq x14qfxbe x6s0dn4 x78zum5 xl56j7k\">\n<div class=\"\" style=\"text-align: center\">\n<!-- iframe plugin v.6.0 wordpress.org\/plugins\/iframe\/ -->\n<iframe loading=\"lazy\" src=\"https:\/\/www.facebook.com\/plugins\/post.php?href=https%3A%2F%2Fwww.facebook.com%2Fgobiernodeasturias%2Fposts%2Fpfbid02fcPNTe8yHyvULuYpek9ZJTV8nxjVoCa7TSmZD7g7e6KuzVZueVXq9nJf7D2kVHvdl&#038;show_text=false&#038;width=500\" width=\"500\" height=\"498\" style=\"border:none;overflow:hidden\" scrolling=\"no\" frameborder=\"0\" allowfullscreen=\"true\" allow=\"autoplay; clipboard-write; encrypted-media; picture-in-picture; web-share\" 0=\"\/iframe\" class=\"iframe-class\"><\/iframe>\n<\/div>\n<div><\/div>\n<\/div>\n<\/div>\n<div class=\"html-div xdj266r x14z9mp xat24cr x1lziwak xexx8yu xyri2b x18d9i69 x1c1uobl x1iyjqo2 xeuugli\">\n<div class=\"x78zum5 xdt5ytf xz62fqu x16ldp7u\">\n<div class=\"xu06os2 x1ok221b\">\n<ul>\n<li class=\"html-h3 x14z9mp xat24cr x1lziwak xexx8yu xyri2b x18d9i69 x1c1uobl x1vvkbs x1heor9g x1qlqyl8 x1pd3egz x1a2a7pz x1gslohp x1yc453h\"><span class=\"xt0psk2\"><span class=\"xjp7ctv\"><a class=\"x1i10hfl xjbqb8w x1ejq31n x18oe1m7 x1sy0etr xstzfhl x972fbf x10w94by x1qhh985 x14e42zd x9f619 x1ypdohk xt0psk2 xe8uvvx xdj266r x14z9mp xat24cr x1lziwak xexx8yu xyri2b x18d9i69 x1c1uobl x16tdsg8 x1hl2dhg xggy1nq x1a2a7pz xkrqix3 x1sur9pj xzsf02u x1s688f\" role=\"link\" href=\"https:\/\/www.facebook.com\/gobiernodeasturias?__cft__[0]=AZV62cnR0gk8qhnkN5_GhNXH1mPaLRPFAAWmNQlkr5iincIM2SyL9SMNRYJ6eECopyT8HQbUKQ3OpVy2JULxwmnm4ewkmjxOzHv_Tky6gA-AOpbuXab5ZiuD1qZgvU5RZiqB9DLgDzfJ1oBOumVwejjOWRy6sdMlf-RkK0AK4nr5xUyK8t5AzyIm5X6eGfo432CLO6UzReGaOqz-c-eHbLP73C9yQ_nrLqCw9zxSKI8pkg&amp;__tn__=-UC%2CP-y-R\"><strong class=\"html-strong xdj266r x14z9mp xat24cr x1lziwak xexx8yu xyri2b x18d9i69 x1c1uobl x1hl2dhg x16tdsg8 x1vvkbs x1s688f\"><span class=\"html-span xdj266r x14z9mp xat24cr x1lziwak xexx8yu xyri2b x18d9i69 x1c1uobl x1hl2dhg x16tdsg8 x1vvkbs\">Principado de Asturias<\/span><\/strong><\/a><\/span><\/span><span class=\"html-span xdj266r x14z9mp xat24cr x1lziwak xexx8yu xyri2b x18d9i69 x1c1uobl x1hl2dhg x16tdsg8 x1vvkbs x1dor1uw x1n2onr6 xxymvpz\"> \/<a href=\"https:\/\/ciencia.asturias.es\/el-principado-financia-tu-matr%C3%ADcula-universitaria?fbclid=IwY2xjawK6KpxleHRuA2FlbQIxMQBicmlkETBmOWtFaUhsUDB3UFhWQ2tnAR60hneVkcn6HZhulKFqG_zcHvQHKfNCqImXUdsWSeuzKET2sozkLaH8idXShQ_aem_cr0X6oprh_Xgf9CAUH30VQ\"> info<\/a><\/span><\/li>\n<\/ul>\n<\/div>\n<\/div>\n<\/div>\n<div class=\"html-div xdj266r x14z9mp xat24cr x1lziwak xexx8yu xyri2b x18d9i69 x1c1uobl\" dir=\"auto\">\n<div class=\"html-div xdj266r x14z9mp xat24cr x1lziwak xexx8yu xyri2b x18d9i69 x1c1uobl\" data-ad-rendering-role=\"story_message\">\n<div class=\"x1l90r2v x1iorvi4 x1g0dm76 xpdmqnj\" data-ad-comet-preview=\"message\" data-ad-preview=\"message\">\n<div class=\"x78zum5 xdt5ytf xz62fqu x16ldp7u\">\n<div class=\"xu06os2 x1ok221b\">\n<div class=\"html-div xdj266r x14z9mp xat24cr x1lziwak xexx8yu xyri2b x18d9i69 x1c1uobl\">\n<div class=\"xdj266r x14z9mp xat24cr x1lziwak x1vvkbs x126k92a\">\n<div dir=\"auto\"><span class=\"html-span xexx8yu xyri2b x18d9i69 x1c1uobl x1hl2dhg x16tdsg8 x1vvkbs x3nfvp2 x1j61x8r x1fcty0u xdj266r xat24cr xm2jcoa x1mpyi22 xxymvpz xlup9mm x1kky2od\"><img loading=\"lazy\" decoding=\"async\" class=\"xz74otr x15mokao x1ga7v0g x16uus16 xbiv7yw\" src=\"https:\/\/static.xx.fbcdn.net\/images\/emoji.php\/v9\/t25\/1\/16\/1f393.png\" alt=\"\ud83c\udf93\" width=\"16\" height=\"16\" \/><\/span> El to f\u00edu o f\u00eda empieza la universid\u00e1. Tu aforres la matr\u00edcula.\u00a0El Princip\u00e1u paga\u2019l primer cursu de los estudios de grau na Universid\u00e1 d\u2019Uvi\u00e9u. Pa qu\u2019estudiar nun dependa de lo qu\u2019una familia pueda permitise.\u00a0Un gastu menos. Un compromisu m\u00e1s del Gobiernu d\u2019Asturies cola <span class=\"html-span xdj266r x14z9mp xat24cr x1lziwak xexx8yu xyri2b x18d9i69 x1c1uobl x1hl2dhg x16tdsg8 x1vvkbs\"><a class=\"x1i10hfl xjbqb8w x1ejq31n x18oe1m7 x1sy0etr xstzfhl x972fbf x10w94by x1qhh985 x14e42zd x9f619 x1ypdohk xt0psk2 xe8uvvx xdj266r x14z9mp xat24cr x1lziwak xexx8yu xyri2b x18d9i69 x1c1uobl x16tdsg8 x1hl2dhg xggy1nq x1a2a7pz xkrqix3 x1sur9pj x1fey0fg x1s688f\" role=\"link\" href=\"https:\/\/www.facebook.com\/hashtag\/educaci%C3%B3n?__eep__=6&amp;__cft__[0]=AZV62cnR0gk8qhnkN5_GhNXH1mPaLRPFAAWmNQlkr5iincIM2SyL9SMNRYJ6eECopyT8HQbUKQ3OpVy2JULxwmnm4ewkmjxOzHv_Tky6gA-AOpbuXab5ZiuD1qZgvU5RZiqB9DLgDzfJ1oBOumVwejjOWRy6sdMlf-RkK0AK4nr5xUyK8t5AzyIm5X6eGfo432CLO6UzReGaOqz-c-eHbLP73C9yQ_nrLqCw9zxSKI8pkg&amp;__tn__=*NK-y-R\">#educaci\u00f3n<\/a><\/span>.<\/div>\n<div dir=\"auto\"><!--more--><\/div>\n<\/div>\n<div dir=\"auto\">\n<p><strong>El cursu 2025-2026 va ser el primeru nel que s&#8217;enllante esta midida de gratuid\u00e1 universitaria.<\/strong><\/p>\n<p>Coles mires de garantizar el derechu universal a la educaci\u00f3n, el Princip\u00e1u decidi\u00f3 reforzar el so sofitu a la universid\u00e1 p\u00fablica, garantizando que los estudiantes que se matriculen nes sos aules nel cursu 2025-2026 van tar exentos d&#8217;abonar la matr\u00edcula, siempres que nun dispongan d&#8217;otra ayuda o beca pol mesmu conceutu.<\/p>\n<p>La midida pon el focu nel rendimientu acad\u00e9micu del alumn\u00e1u y non na so situaci\u00f3n econ\u00f3mica. <strong>Va Ser el Princip\u00e1u quien financie&#8217;l costu de la matr\u00edcula mientres la carrera a tolos estudiantes que cumplan los requisitos acad\u00e9micos que s&#8217;esixan.<\/strong><\/p>\n<p>El Gobiernu d&#8217;Asturies completa asina&#8217;l sofitu a tolos niveles educativos, al acompa\u00f1ar al alumn\u00e1u dende los sos primeros meses d&#8217;escolarizaci\u00f3n na rede p\u00fablica, auton\u00f3mica y gratuita de Les Escuelines\/As Escol\u00edas; nes etapes d&#8217;Infantil, Primaria, ESO, Bachilleratu y Formaci\u00f3n Profesional y, agora, tami\u00e9n na educaci\u00f3n cimera na Universid\u00e1 d&#8217;Uvi\u00e9u.<\/p>\n<p>Los universitarios que y\u00e1 tean cursando una carrera van beneficiase de la conxelaci\u00f3n de los precios p\u00fablicos per sestu a\u00f1u consecutivu, n&#8217;estudios de grau, m\u00e1ster y doctor\u00e1u, en sinton\u00eda colo que se vien faciendo nos \u00faltimos a\u00f1os. La midida va beneficiar el pr\u00f3ximu cursu a m\u00e1s de 20.100 estudiantes matriculaos nun t\u00edtulu de grau, m\u00e1ster o doctor\u00e1u, que van pagar una media de 300 euros menos que fai 13 a\u00f1os.<\/p>\n<p style=\"text-align: center\"><a href=\"https:\/\/ciencia.asturias.es\/documents\/40538\/316002\/Matr%C3%ADcula+2+%281%29.jpeg\/0c528953-c874-00a8-2b08-f70d81485c99?t=1749749244018\"><img loading=\"lazy\" decoding=\"async\" class=\"aligncenter size-large\" src=\"https:\/\/ciencia.asturias.es\/documents\/40538\/316002\/Matr%C3%ADcula+2+%281%29.jpeg\/0c528953-c874-00a8-2b08-f70d81485c99?t=1749749244018\" width=\"1404\" height=\"592\" \/><\/a><\/p>\n<p>Con esta decisi\u00f3n, el Princip\u00e1u consol\u00eddase como una de les comunidaes onde resulta m\u00e1s baratu estudiar una carrera universitaria. El preciu mediu en primer matr\u00edcula del creitu <strong>European Credit Transfer System (ECTS)<\/strong>, qu&#8217;equival a 25-30 hores de formaci\u00f3n, as\u00edtiase en 12,21 euros nos t\u00edtulos de grau, bien per debaxo del que taba a valir nel cursu 2011-2012 (17,13 de media). Nel casu de los m\u00e1steres universitarios, la media por creitu ye de 23,8 euros.<\/p>\n<p>Estes mid\u00edes respuenden al compromisu del Gobiernu d&#8217;Asturies de fomentar l&#8217;accesu a la ense\u00f1anza cimera p\u00fablica, de cuenta que&#8217;l nivel de renta nun pueda ser una torga pa tener estudios universitarios. Coles mesmes, pretenden amenorgar l&#8217;abandonu, cuidao que los mesmos precios apl\u00edcase a les segundes y socesives convocatories.<\/p>\n<div class=\"description\"><\/div>\n<div class=\"informacion-relacionada enlaces-relacionados\">\n<ul>\n<li><a class=\"popup\" title=\"Convenio de financiaci\u00f3n de la Universidad de Oviedo. Abre una nueva ventana\" href=\"https:\/\/actualidad.asturias.es\/-\/el-principado-y-la-universidad-de-oviedo-alcanzan-un-acuerdo-de-estabilidad-presupuestaria-para-los-pr%C3%B3ximos-seis-a%C3%B1os\" target=\"_blank\" rel=\"noopener\">Convenio de financiaci\u00f3n de la Universidad de Oviedo <\/a><\/li>\n<\/ul>\n<\/div>\n<\/div>\n<div class=\"xdj266r x14z9mp xat24cr x1lziwak x1vvkbs x126k92a\">\n<div dir=\"auto\"><\/div>\n<\/div>\n<\/div>\n<\/div>\n<\/div>\n<\/div>\n<\/div>\n<\/div>\n<p>&nbsp;<\/p>\n","protected":false},"excerpt":{"rendered":"<p>Principado de Asturias \/ info El to f\u00edu o f\u00eda empieza la universid\u00e1. Tu aforres la matr\u00edcula.\u00a0El Princip\u00e1u paga\u2019l primer cursu de los estudios de grau na Universid\u00e1 d\u2019Uvi\u00e9u. Pa qu\u2019estudiar nun dependa de lo qu\u2019una familia pueda permitise.\u00a0Un gastu menos. Un compromisu m\u00e1s del Gobiernu d\u2019Asturies cola #educaci\u00f3n.<\/p>\n","protected":false},"author":117,"featured_media":0,"comment_status":"open","ping_status":"open","sticky":false,"template":"","format":"standard","meta":{"footnotes":""},"categories":[212],"tags":[],"class_list":["post-50774","post","type-post","status-publish","format-standard","hentry","category-universida-duvieu"],"_links":{"self":[{"href":"https:\/\/edublog.educastur.es\/ixuxu\/wp-json\/wp\/v2\/posts\/50774","targetHints":{"allow":["GET"]}}],"collection":[{"href":"https:\/\/edublog.educastur.es\/ixuxu\/wp-json\/wp\/v2\/posts"}],"about":[{"href":"https:\/\/edublog.educastur.es\/ixuxu\/wp-json\/wp\/v2\/types\/post"}],"author":[{"embeddable":true,"href":"https:\/\/edublog.educastur.es\/ixuxu\/wp-json\/wp\/v2\/users\/117"}],"replies":[{"embeddable":true,"href":"https:\/\/edublog.educastur.es\/ixuxu\/wp-json\/wp\/v2\/comments?post=50774"}],"version-history":[{"count":3,"href":"https:\/\/edublog.educastur.es\/ixuxu\/wp-json\/wp\/v2\/posts\/50774\/revisions"}],"predecessor-version":[{"id":50814,"href":"https:\/\/edublog.educastur.es\/ixuxu\/wp-json\/wp\/v2\/posts\/50774\/revisions\/50814"}],"wp:attachment":[{"href":"https:\/\/edublog.educastur.es\/ixuxu\/wp-json\/wp\/v2\/media?parent=50774"}],"wp:term":[{"taxonomy":"category","embeddable":true,"href":"https:\/\/edublog.educastur.es\/ixuxu\/wp-json\/wp\/v2\/categories?post=50774"},{"taxonomy":"post_tag","embeddable":true,"href":"https:\/\/edublog.educastur.es\/ixuxu\/wp-json\/wp\/v2\/tags?post=50774"}],"curies":[{"name":"wp","href":"https:\/\/api.w.org\/{rel}","templated":true}]}}