{"id":50788,"date":"2025-06-14T13:15:06","date_gmt":"2025-06-14T11:15:06","guid":{"rendered":"https:\/\/edublog.educastur.es\/ixuxu\/?p=50788"},"modified":"2025-06-14T13:33:41","modified_gmt":"2025-06-14T11:33:41","slug":"preparacion-y-vezos-organizativos-pa-vivir","status":"publish","type":"post","link":"https:\/\/edublog.educastur.es\/ixuxu\/2025\/06\/preparacion-y-vezos-organizativos-pa-vivir\/","title":{"rendered":"Preparaci\u00f3n y vezos organizativos pa vivir en comu\u00f1a&#8230;"},"content":{"rendered":"<p style=\"text-align: center\">\n<!-- iframe plugin v.6.0 wordpress.org\/plugins\/iframe\/ -->\n<iframe loading=\"lazy\" src=\"https:\/\/www.facebook.com\/plugins\/post.php?href=https%3A%2F%2Fwww.facebook.com%2Fjorge.velazquez.836776%2Fposts%2Fpfbid02orciteqrwnhYB6d2EkPyTFhvpemMrJ6j7iRMKr9FPKtDyeZqDErDTtPsdfagGP9vl&#038;show_text=false&#038;width=500\" width=\"500\" height=\"498\" style=\"border:none;overflow:hidden\" scrolling=\"no\" frameborder=\"0\" allowfullscreen=\"true\" allow=\"autoplay; clipboard-write; encrypted-media; picture-in-picture; web-share\" 0=\"\/iframe\" class=\"iframe-class\"><\/iframe>\n<\/p>\n<div class=\"html-div xdj266r x14z9mp xat24cr x1lziwak xexx8yu xyri2b x18d9i69 x1c1uobl\" dir=\"auto\">\n<div class=\"html-div xdj266r x14z9mp xat24cr x1lziwak xexx8yu xyri2b x18d9i69 x1c1uobl\" data-ad-rendering-role=\"story_message\">\n<div id=\"_r_827_\" class=\"x1l90r2v x1iorvi4 x1g0dm76 xpdmqnj\" data-ad-comet-preview=\"message\" data-ad-preview=\"message\">\n<div class=\"x78zum5 xdt5ytf xz62fqu x16ldp7u\">\n<div class=\"xu06os2 x1ok221b\">\n<div class=\"html-div xdj266r x14z9mp xat24cr x1lziwak xexx8yu xyri2b x18d9i69 x1c1uobl\">\n<div class=\"xdj266r x14z9mp xat24cr x1lziwak x1vvkbs x126k92a\">\n<div dir=\"auto\"><em><strong><span style=\"color: #008080\">Nel colexu<\/span> ye perimportante deprender a organizar les llibretes y carpetes, la nuesa mochila de clas, recoyer la mesa del cole, collaborar.<\/strong> Peque\u00f1es xeres del d\u00eda a d\u00eda nuna clas onde compartimos espaciu y materiales un mont\u00f3n de xente. <span style=\"color: #008080\"><strong>En casa<\/strong>,<\/span> a recoyer la cama, guardar los xuegos, ayudar a poner y recoyer la mesa\u2026 Esto nun ye solo una \u201cetapa\u201d. Ye un reflexu d\u2019algamar vezos b\u00e1sicos de responsabilid\u00e1. Hai que cumplir coles xeres y facese cargu del nuesu espaciu y les nueses coses. Ye preparaci\u00f3n pa ser aut\u00f3nomos y vivir en comu\u00f1a.<\/em><\/div>\n<\/div>\n<\/div>\n<\/div>\n<\/div>\n<\/div>\n<\/div>\n<\/div>\n<p><!--more--><br \/>\n<span style=\"color: #008080\"><em><strong>A les families&#8230;<\/strong><\/em><\/span><\/p>\n<ul>\n<li><span style=\"color: #008080\"><em>Formar vezos nun ye imponer dende l&#8217;enoxu, sin\u00f3n acompa\u00f1ar dende la presencia constante. <\/em><\/span><\/li>\n<li><span style=\"color: #008080\"><em>Educar nun ye glayar cuando nun lo fai, ye amosar c\u00f3mo se fai, emponer de primeres, correxir con respetu, retirase con enfotu.<\/em><\/span><\/li>\n<li><span style=\"color: #008080\"><em>Dacuando confundimos autorid\u00e1 con rixidez, pero la verdadera autorid\u00e1 naz del venceyu. <\/em><\/span><\/li>\n<li><span style=\"color: #008080\"><em>El ne\u00f1u obedez cuando se siente vistu, respet\u00e1u, sosten\u00edu. <\/em><\/span><\/li>\n<li><span style=\"color: #008080\"><em>Porque educar ye, finalmente, ense\u00f1ar a vivir ensin ti. <\/em><\/span><\/li>\n<li><span style=\"color: #008080\"><em>Non por que non te precise\u2026 sin\u00f3n por que pueda escoyete dende la llibert\u00e1..<\/em><\/span><\/li>\n<\/ul>\n","protected":false},"excerpt":{"rendered":"<p>Nel colexu ye perimportante deprender a organizar les llibretes y carpetes, la nuesa mochila de clas, recoyer la mesa del cole, collaborar. Peque\u00f1es xeres del d\u00eda a d\u00eda nuna clas onde compartimos espaciu y materiales un mont\u00f3n de xente. En casa, a recoyer la cama, guardar los xuegos, ayudar a poner y recoyer la mesa\u2026 [&hellip;]<\/p>\n","protected":false},"author":117,"featured_media":0,"comment_status":"open","ping_status":"open","sticky":false,"template":"","format":"standard","meta":{"footnotes":""},"categories":[1],"tags":[],"class_list":["post-50788","post","type-post","status-publish","format-standard","hentry","category-sin-categoria"],"_links":{"self":[{"href":"https:\/\/edublog.educastur.es\/ixuxu\/wp-json\/wp\/v2\/posts\/50788","targetHints":{"allow":["GET"]}}],"collection":[{"href":"https:\/\/edublog.educastur.es\/ixuxu\/wp-json\/wp\/v2\/posts"}],"about":[{"href":"https:\/\/edublog.educastur.es\/ixuxu\/wp-json\/wp\/v2\/types\/post"}],"author":[{"embeddable":true,"href":"https:\/\/edublog.educastur.es\/ixuxu\/wp-json\/wp\/v2\/users\/117"}],"replies":[{"embeddable":true,"href":"https:\/\/edublog.educastur.es\/ixuxu\/wp-json\/wp\/v2\/comments?post=50788"}],"version-history":[{"count":7,"href":"https:\/\/edublog.educastur.es\/ixuxu\/wp-json\/wp\/v2\/posts\/50788\/revisions"}],"predecessor-version":[{"id":50795,"href":"https:\/\/edublog.educastur.es\/ixuxu\/wp-json\/wp\/v2\/posts\/50788\/revisions\/50795"}],"wp:attachment":[{"href":"https:\/\/edublog.educastur.es\/ixuxu\/wp-json\/wp\/v2\/media?parent=50788"}],"wp:term":[{"taxonomy":"category","embeddable":true,"href":"https:\/\/edublog.educastur.es\/ixuxu\/wp-json\/wp\/v2\/categories?post=50788"},{"taxonomy":"post_tag","embeddable":true,"href":"https:\/\/edublog.educastur.es\/ixuxu\/wp-json\/wp\/v2\/tags?post=50788"}],"curies":[{"name":"wp","href":"https:\/\/api.w.org\/{rel}","templated":true}]}}