{"id":50812,"date":"2025-06-15T08:30:08","date_gmt":"2025-06-15T06:30:08","guid":{"rendered":"https:\/\/edublog.educastur.es\/ixuxu\/?p=50812"},"modified":"2025-06-15T09:56:46","modified_gmt":"2025-06-15T07:56:46","slug":"el-tiempu-el-comercio-67","status":"publish","type":"post","link":"https:\/\/edublog.educastur.es\/ixuxu\/2025\/06\/el-tiempu-el-comercio-67\/","title":{"rendered":"El tiempu (El Comercio)"},"content":{"rendered":"<p style=\"text-align: center\"><a href=\"https:\/\/s2.ppllstatics.com\/elcomercio\/www\/multimedia\/2025\/06\/14\/prevision-tiempo-asturias-kKIB-U2301948938566Ca-1200x860@El%20Comercio.jpg\"><img loading=\"lazy\" decoding=\"async\" class=\"aligncenter size-large\" src=\"https:\/\/s2.ppllstatics.com\/elcomercio\/www\/multimedia\/2025\/06\/14\/prevision-tiempo-asturias-kKIB-U2301948938566Ca-1200x860@El%20Comercio.jpg\" width=\"1200\" height=\"860\" \/><\/a><\/p>\n<p><span style=\"color: #008080\"><strong>Les temperatures<\/strong><\/span> van ser un pocu m\u00e1s altes (un par de graos m\u00e1s a lo sumo) pero van siguir atop\u00e1ndose per debaxo de lo esperao para estes feches.<span style=\"color: #008080\"><strong> El d\u00eda<\/strong> <\/span>va tar marc\u00e1u pola nubosid\u00e1 en tol Princip\u00e1u y pola posibilid\u00e1 de precipitaciones d\u00e9biles, siquier mientres la ma\u00f1ana.<span style=\"color: #008080\"><strong> Los vientos<\/strong><\/span> van predominar de nordeste y van aumentar la so intensid\u00e1 na mari\u00f1a a lo llargo de la tarde.<\/p>\n<p><strong>El llunes<\/strong>, sicas\u00ed, va ameyorar el tiempu. van abrise grandes claros mientres la ma\u00f1ana hasta quedar los cielos pr\u00e1cticamente estenos. Les temperatures van xubir, pudiendo non solo superar los 20 \u00baC sin\u00f3n averase a los 25 \u00baC en munches poblaciones asturianes.<\/p>\n","protected":false},"excerpt":{"rendered":"<p>Les temperatures van ser un pocu m\u00e1s altes (un par de graos m\u00e1s a lo sumo) pero van siguir atop\u00e1ndose per debaxo de lo esperao para estes feches. El d\u00eda va tar marc\u00e1u pola nubosid\u00e1 en tol Princip\u00e1u y pola posibilid\u00e1 de precipitaciones d\u00e9biles, siquier mientres la ma\u00f1ana. Los vientos van predominar de nordeste y [&hellip;]<\/p>\n","protected":false},"author":117,"featured_media":0,"comment_status":"open","ping_status":"open","sticky":false,"template":"","format":"standard","meta":{"footnotes":""},"categories":[5],"tags":[],"class_list":["post-50812","post","type-post","status-publish","format-standard","hentry","category-tiempu"],"_links":{"self":[{"href":"https:\/\/edublog.educastur.es\/ixuxu\/wp-json\/wp\/v2\/posts\/50812","targetHints":{"allow":["GET"]}}],"collection":[{"href":"https:\/\/edublog.educastur.es\/ixuxu\/wp-json\/wp\/v2\/posts"}],"about":[{"href":"https:\/\/edublog.educastur.es\/ixuxu\/wp-json\/wp\/v2\/types\/post"}],"author":[{"embeddable":true,"href":"https:\/\/edublog.educastur.es\/ixuxu\/wp-json\/wp\/v2\/users\/117"}],"replies":[{"embeddable":true,"href":"https:\/\/edublog.educastur.es\/ixuxu\/wp-json\/wp\/v2\/comments?post=50812"}],"version-history":[{"count":1,"href":"https:\/\/edublog.educastur.es\/ixuxu\/wp-json\/wp\/v2\/posts\/50812\/revisions"}],"predecessor-version":[{"id":50813,"href":"https:\/\/edublog.educastur.es\/ixuxu\/wp-json\/wp\/v2\/posts\/50812\/revisions\/50813"}],"wp:attachment":[{"href":"https:\/\/edublog.educastur.es\/ixuxu\/wp-json\/wp\/v2\/media?parent=50812"}],"wp:term":[{"taxonomy":"category","embeddable":true,"href":"https:\/\/edublog.educastur.es\/ixuxu\/wp-json\/wp\/v2\/categories?post=50812"},{"taxonomy":"post_tag","embeddable":true,"href":"https:\/\/edublog.educastur.es\/ixuxu\/wp-json\/wp\/v2\/tags?post=50812"}],"curies":[{"name":"wp","href":"https:\/\/api.w.org\/{rel}","templated":true}]}}