{"id":50815,"date":"2025-06-15T12:00:24","date_gmt":"2025-06-15T10:00:24","guid":{"rendered":"https:\/\/edublog.educastur.es\/ixuxu\/?p=50815"},"modified":"2025-06-15T22:08:47","modified_gmt":"2025-06-15T20:08:47","slug":"46o-festival-de-la-fresa-de-candamo","status":"publish","type":"post","link":"https:\/\/edublog.educastur.es\/ixuxu\/2025\/06\/46o-festival-de-la-fresa-de-candamo\/","title":{"rendered":"46\u00ba Festival de la Fresa de Candamo."},"content":{"rendered":"<div class=\"html-div xdj266r xat24cr x1lziwak xexx8yu xyri2b x18d9i69 x1c1uobl x78zum5 x2lah0s xqtp20y x1xegmmw\">\n<div class=\"html-div xdj266r xat24cr x1lziwak xexx8yu xyri2b x18d9i69 x1c1uobl x78zum5 x2lah0s xqtp20y x1xegmmw\">\n<div class=\"xc9qbxq x14qfxbe x6s0dn4 x78zum5 xl56j7k\">\n<div style=\"text-align: center\"><a href=\"https:\/\/www.rtpa.es\/fotos\/\/25\/06\/20250615131439_RTPA6733483.webp\"><img loading=\"lazy\" decoding=\"async\" class=\"aligncenter size-large\" src=\"https:\/\/www.rtpa.es\/fotos\/\/25\/06\/20250615131439_RTPA6733483.webp\" width=\"853\" height=\"480\" \/><\/a>Maite Fern\u00e1ndez, d&#8217;El Valle, gana la Fresa d&#8217;Oru&#8217;<\/div>\n<div class=\"\" style=\"text-align: center\">\n<p style=\"text-align: left\">El primer premiu del Festival de la Fresa de Candamo foi para Maite Fern\u00e1ndez y les sos freses. Esta productora del pueblu d&#8217;El Valle vio reconocida la escelente calid\u00e1 de les sos freses. Dolce productores, participaron nesti festival. El quilu vendiose a 12 euros, nun a\u00f1u con poca producci\u00f3n por cuenta de les ag\u00fces.\u00a0La noved\u00e1, l&#8217;hermanamiento col Festival de la Fresa d&#8217;Almanza, Lli\u00f3n.<\/p>\n<\/div>\n<\/div>\n<\/div>\n<div class=\"x78zum5 xdt5ytf xz62fqu x16ldp7u\">\n<div class=\"xu06os2 x1ok221b\">\n<div class=\"html-div xdj266r x14z9mp xat24cr x1lziwak xexx8yu xyri2b x18d9i69 x1c1uobl\" data-ad-rendering-role=\"profile_name\">\n<h3 class=\"html-h3 x14z9mp xat24cr x1lziwak xexx8yu xyri2b x18d9i69 x1c1uobl x1vvkbs x1heor9g x1qlqyl8 x1pd3egz x1a2a7pz x1gslohp x1yc453h\"><span class=\"x1lliihq x6ikm8r x10wlt62 x1n2onr6\"><span class=\"xt0psk2\"><span class=\"xjp7ctv\"><a class=\"x1i10hfl xjbqb8w x1ejq31n x18oe1m7 x1sy0etr xstzfhl x972fbf x10w94by x1qhh985 x14e42zd x9f619 x1ypdohk xt0psk2 xe8uvvx xdj266r x14z9mp xat24cr x1lziwak xexx8yu xyri2b x18d9i69 x1c1uobl x16tdsg8 x1hl2dhg xggy1nq x1a2a7pz xkrqix3 x1sur9pj xzsf02u x1s688f\" role=\"link\" href=\"https:\/\/www.facebook.com\/RTPAoficial?__cft__[0]=AZVGdY1i24R3Fm_B2PwhZeMoloQ7juRXqWqeCQl5IvpCud4DO50bxvKavflLGRtkT2DLTwKffk9GsX-g1m_3MBfeUkyGVg4C0EyhQv1gg6CTtSR_fi9hhyvKZ03heRf3C67pxNBLiMqPPyapb3oMZxyeA_il1R70OnrOHatyCRsPm3oOLhLAstrkKI2QdvqeSXOJ29LxFQ00bvUFSkg2ztB_YwE9tIg3bTPS6nDDwVu0eg&amp;__tn__=-UC%2CP-y-R\"><strong class=\"html-strong xdj266r x14z9mp xat24cr x1lziwak xexx8yu xyri2b x18d9i69 x1c1uobl x1hl2dhg x16tdsg8 x1vvkbs x1s688f\"><span class=\"html-span xdj266r x14z9mp xat24cr x1lziwak xexx8yu xyri2b x18d9i69 x1c1uobl x1hl2dhg x16tdsg8 x1vvkbs\">Radiotelevisi\u00f3n del Principado de Asturias<\/span><\/strong><\/a><\/span><\/span><\/span><\/h3>\n<\/div>\n<\/div>\n<\/div>\n<div class=\"html-div xdj266r x14z9mp xat24cr x1lziwak xexx8yu xyri2b x18d9i69 x1c1uobl\" dir=\"auto\">\n<div class=\"html-div xdj266r x14z9mp xat24cr x1lziwak xexx8yu xyri2b x18d9i69 x1c1uobl\" dir=\"auto\">\n<div class=\"html-div xdj266r x14z9mp xat24cr x1lziwak xexx8yu xyri2b x18d9i69 x1c1uobl\" data-ad-rendering-role=\"story_message\">\n<div class=\"x1l90r2v x1iorvi4 x1g0dm76 xpdmqnj\" data-ad-comet-preview=\"message\" data-ad-preview=\"message\">\n<div class=\"x78zum5 xdt5ytf xz62fqu x16ldp7u\">\n<div class=\"xu06os2 x1ok221b\">\n<div class=\"html-div xdj266r x14z9mp xat24cr x1lziwak xexx8yu xyri2b x18d9i69 x1c1uobl\">\n<div class=\"xdj266r x14z9mp xat24cr x1lziwak x1vvkbs x126k92a\">\n<div dir=\"auto\"><span class=\"html-span xexx8yu xyri2b x18d9i69 x1c1uobl x1hl2dhg x16tdsg8 x1vvkbs x3nfvp2 x1j61x8r x1fcty0u xdj266r xat24cr xm2jcoa x1mpyi22 xxymvpz xlup9mm x1kky2od\"><img loading=\"lazy\" decoding=\"async\" class=\"xz74otr x15mokao x1ga7v0g x16uus16 xbiv7yw\" src=\"https:\/\/static.xx.fbcdn.net\/images\/emoji.php\/v9\/ta9\/1\/16\/1f353.png\" alt=\"\ud83c\udf53\" width=\"16\" height=\"16\" \/><\/span><span class=\"html-span xexx8yu xyri2b x18d9i69 x1c1uobl x1hl2dhg x16tdsg8 x1vvkbs x3nfvp2 x1j61x8r x1fcty0u xdj266r xat24cr xm2jcoa x1mpyi22 xxymvpz xlup9mm x1kky2od\"><img loading=\"lazy\" decoding=\"async\" class=\"xz74otr x15mokao x1ga7v0g x16uus16 xbiv7yw\" src=\"https:\/\/static.xx.fbcdn.net\/images\/emoji.php\/v9\/ta9\/1\/16\/1f353.png\" alt=\"\ud83c\udf53\" width=\"16\" height=\"16\" \/><\/span>Vuelve a *Grullos el Festival de la fresa de Candamo. El so frutu m\u00e1s tradicional sigui dando pasos para ser rexistr\u00e1u y asegurar el futuru de la producci\u00f3n d&#8217;una fresa con unes caracter\u00edstiques \u00faniques.<\/div>\n<div dir=\"auto\"><!--more--><\/div>\n<p style=\"text-align: center\">\n<!-- iframe plugin v.6.0 wordpress.org\/plugins\/iframe\/ -->\n<iframe loading=\"lazy\" src=\"https:\/\/www.facebook.com\/plugins\/video.php?height=476&#038;href=https%3A%2F%2Fwww.facebook.com%2FRTPAoficial%2Fvideos%2F647709738279442%2F&#038;show_text=false&#038;width=476&#038;t=0\" width=\"476\" height=\"476\" style=\"border:none;overflow:hidden\" scrolling=\"no\" frameborder=\"0\" allowfullscreen=\"true\" allow=\"autoplay; clipboard-write; encrypted-media; picture-in-picture; web-share\" 0=\"\/iframe\" class=\"iframe-class\"><\/iframe>\n<\/p>\n<ul>\n<li dir=\"auto\"><span class=\"html-span xdj266r x14z9mp xat24cr x1lziwak xexx8yu xyri2b x18d9i69 x1c1uobl x1hl2dhg x16tdsg8 x1vvkbs\"><a class=\"x1i10hfl xjbqb8w x1ejq31n x18oe1m7 x1sy0etr xstzfhl x972fbf x10w94by x1qhh985 x14e42zd x9f619 x1ypdohk xt0psk2 xe8uvvx xdj266r x14z9mp xat24cr x1lziwak xexx8yu xyri2b x18d9i69 x1c1uobl x16tdsg8 x1hl2dhg xggy1nq x1a2a7pz xkrqix3 x1sur9pj x1fey0fg x1s688f\" role=\"link\" href=\"https:\/\/www.facebook.com\/SeridaAst?__cft__[0]=AZVGdY1i24R3Fm_B2PwhZeMoloQ7juRXqWqeCQl5IvpCud4DO50bxvKavflLGRtkT2DLTwKffk9GsX-g1m_3MBfeUkyGVg4C0EyhQv1gg6CTtSR_fi9hhyvKZ03heRf3C67pxNBLiMqPPyapb3oMZxyeA_il1R70OnrOHatyCRsPm3oOLhLAstrkKI2QdvqeSXOJ29LxFQ00bvUFSkg2ztB_YwE9tIg3bTPS6nDDwVu0eg&amp;__tn__=-]K-y-R\"><span class=\"xt0psk2\"><span class=\"xjp7ctv\">Servicio Regional de Investigaci\u00f3n y Desarrollo Agroalimentario &#8211; SERIDA<\/span><\/span><\/a><\/span> <span class=\"html-span xdj266r x14z9mp xat24cr x1lziwak xexx8yu xyri2b x18d9i69 x1c1uobl x1hl2dhg x16tdsg8 x1vvkbs\"><a class=\"x1i10hfl xjbqb8w x1ejq31n x18oe1m7 x1sy0etr xstzfhl x972fbf x10w94by x1qhh985 x14e42zd x9f619 x1ypdohk xt0psk2 xe8uvvx xdj266r x14z9mp xat24cr x1lziwak xexx8yu xyri2b x18d9i69 x1c1uobl x16tdsg8 x1hl2dhg xggy1nq x1a2a7pz xkrqix3 x1sur9pj x1fey0fg x1s688f\" role=\"link\" href=\"https:\/\/www.facebook.com\/hashtag\/festivalfresa?__eep__=6&amp;__cft__[0]=AZVGdY1i24R3Fm_B2PwhZeMoloQ7juRXqWqeCQl5IvpCud4DO50bxvKavflLGRtkT2DLTwKffk9GsX-g1m_3MBfeUkyGVg4C0EyhQv1gg6CTtSR_fi9hhyvKZ03heRf3C67pxNBLiMqPPyapb3oMZxyeA_il1R70OnrOHatyCRsPm3oOLhLAstrkKI2QdvqeSXOJ29LxFQ00bvUFSkg2ztB_YwE9tIg3bTPS6nDDwVu0eg&amp;__tn__=*NK-y-R\">#FestivalFresa<\/a><\/span> <span class=\"html-span xdj266r x14z9mp xat24cr x1lziwak xexx8yu xyri2b x18d9i69 x1c1uobl x1hl2dhg x16tdsg8 x1vvkbs\"><a class=\"x1i10hfl xjbqb8w x1ejq31n x18oe1m7 x1sy0etr xstzfhl x972fbf x10w94by x1qhh985 x14e42zd x9f619 x1ypdohk xt0psk2 xe8uvvx xdj266r x14z9mp xat24cr x1lziwak xexx8yu xyri2b x18d9i69 x1c1uobl x16tdsg8 x1hl2dhg xggy1nq x1a2a7pz xkrqix3 x1sur9pj x1fey0fg x1s688f\" role=\"link\" href=\"https:\/\/www.facebook.com\/hashtag\/candamo?__eep__=6&amp;__cft__[0]=AZVGdY1i24R3Fm_B2PwhZeMoloQ7juRXqWqeCQl5IvpCud4DO50bxvKavflLGRtkT2DLTwKffk9GsX-g1m_3MBfeUkyGVg4C0EyhQv1gg6CTtSR_fi9hhyvKZ03heRf3C67pxNBLiMqPPyapb3oMZxyeA_il1R70OnrOHatyCRsPm3oOLhLAstrkKI2QdvqeSXOJ29LxFQ00bvUFSkg2ztB_YwE9tIg3bTPS6nDDwVu0eg&amp;__tn__=*NK-y-R\">#Candamo<\/a><\/span><\/li>\n<\/ul>\n<\/div>\n<\/div>\n<\/div>\n<\/div>\n<\/div>\n<\/div>\n<\/div>\n<\/div>\n<\/div>\n<div class=\"html-div xdj266r x14z9mp xat24cr x1lziwak xexx8yu xyri2b x18d9i69 x1c1uobl x1iyjqo2 xeuugli\">\n<div class=\"x78zum5 xdt5ytf xz62fqu x16ldp7u\">\n<div class=\"xu06os2 x1ok221b\">\n<div class=\"html-div xdj266r x14z9mp xat24cr x1lziwak xexx8yu xyri2b x18d9i69 x1c1uobl\" data-ad-rendering-role=\"profile_name\">\n<ul>\n<li id=\"_r_11b_\" class=\"html-h2 x14z9mp xat24cr x1lziwak xexx8yu xyri2b x18d9i69 x1c1uobl x1vvkbs x1heor9g x1qlqyl8 x1pd3egz x1a2a7pz x1gslohp x1yc453h\"><span class=\"xt0psk2\"><span class=\"xjp7ctv\"><a class=\"x1i10hfl xjbqb8w x1ejq31n x18oe1m7 x1sy0etr xstzfhl x972fbf x10w94by x1qhh985 x14e42zd x9f619 x1ypdohk xt0psk2 xe8uvvx xdj266r x14z9mp xat24cr x1lziwak xexx8yu xyri2b x18d9i69 x1c1uobl x16tdsg8 x1hl2dhg xggy1nq x1a2a7pz xkrqix3 x1sur9pj xzsf02u x1s688f\" role=\"link\" href=\"https:\/\/www.facebook.com\/gobiernodeasturias?__cft__[0]=AZWaA0nmmtB0lZ_jvGkPJ1zJN_sim4w-E-u5Fvy5_dWvmMrYBpD2ewC-3AVoFM56k9EpOaOyffRlyFn0P9hMZOibqzWcfMC0gCwZMpJsTgp0LOUE_2gW4N3-_W1-aGKYin3rhH7mxY8SqtMMLIFwFoFEdQe7MwmAv7w0zwGI_A2xiqskOI6qsw0dt61GBLlwXK3plxsDfixXHYlA-bFzqFfc-IBDWTGwq3SPmVUDsKcX2g&amp;__tn__=-UC%2CP-R\"><strong class=\"html-strong xdj266r x14z9mp xat24cr x1lziwak xexx8yu xyri2b x18d9i69 x1c1uobl x1hl2dhg x16tdsg8 x1vvkbs x1s688f\"><span class=\"html-span xdj266r x14z9mp xat24cr x1lziwak xexx8yu xyri2b x18d9i69 x1c1uobl x1hl2dhg x16tdsg8 x1vvkbs\">Principado de Asturias<\/span><\/strong><\/a><\/span><\/span><span class=\"html-span xdj266r x14z9mp xat24cr x1lziwak xexx8yu xyri2b x18d9i69 x1c1uobl x1hl2dhg x16tdsg8 x1vvkbs x1dor1uw x1n2onr6 xxymvpz\"> \/ <span class=\"html-span xdj266r x14z9mp xat24cr x1lziwak xexx8yu xyri2b x18d9i69 x1c1uobl x1hl2dhg x16tdsg8 x1vvkbs\"><a class=\"x1i10hfl xjbqb8w x1ejq31n x18oe1m7 x1sy0etr xstzfhl x972fbf x10w94by x1qhh985 x14e42zd x9f619 x1ypdohk xt0psk2 xe8uvvx xdj266r x14z9mp xat24cr x1lziwak xexx8yu xyri2b x18d9i69 x1c1uobl x16tdsg8 x1hl2dhg xggy1nq x1a2a7pz xkrqix3 x1sur9pj x1fey0fg x1s688f\" role=\"link\" href=\"https:\/\/www.facebook.com\/hashtag\/medioruralypol%C3%ADticaagraria?__eep__=6&amp;__cft__[0]=AZWaA0nmmtB0lZ_jvGkPJ1zJN_sim4w-E-u5Fvy5_dWvmMrYBpD2ewC-3AVoFM56k9EpOaOyffRlyFn0P9hMZOibqzWcfMC0gCwZMpJsTgp0LOUE_2gW4N3-_W1-aGKYin3rhH7mxY8SqtMMLIFwFoFEdQe7MwmAv7w0zwGI_A2xiqskOI6qsw0dt61GBLlwXK3plxsDfixXHYlA-bFzqFfc-IBDWTGwq3SPmVUDsKcX2g&amp;__tn__=*NK-R\">#MedioRuralyPol\u00edticaAgraria<\/a><\/span>\u00a0 \/<\/span><\/li>\n<\/ul>\n<\/div>\n<\/div>\n<\/div>\n<\/div>\n<div class=\"html-div xdj266r x14z9mp xat24cr x1lziwak xexx8yu xyri2b x18d9i69 x1c1uobl\" dir=\"auto\">\n<div class=\"html-div xdj266r x14z9mp xat24cr x1lziwak xexx8yu xyri2b x18d9i69 x1c1uobl\" data-ad-rendering-role=\"story_message\">\n<div id=\"_r_11d_\" class=\"x1l90r2v x1iorvi4 x1g0dm76 xpdmqnj\" data-ad-comet-preview=\"message\" data-ad-preview=\"message\">\n<div class=\"x78zum5 xdt5ytf xz62fqu x16ldp7u\">\n<div class=\"xu06os2 x1ok221b\">\n<div class=\"html-div xdj266r x14z9mp xat24cr x1lziwak xexx8yu xyri2b x18d9i69 x1c1uobl\">\n<div class=\"xdj266r x14z9mp xat24cr x1lziwak x1vvkbs x126k92a\">\n<div dir=\"auto\"><span class=\"html-span xexx8yu xyri2b x18d9i69 x1c1uobl x1hl2dhg x16tdsg8 x1vvkbs x3nfvp2 x1j61x8r x1fcty0u xdj266r xat24cr xm2jcoa x1mpyi22 xxymvpz xlup9mm x1kky2od\"><img loading=\"lazy\" decoding=\"async\" class=\"xz74otr x15mokao x1ga7v0g x16uus16 xbiv7yw\" src=\"https:\/\/static.xx.fbcdn.net\/images\/emoji.php\/v9\/ta9\/1\/16\/1f353.png\" alt=\"\ud83c\udf53\" width=\"16\" height=\"16\" \/><\/span>El conseyeru de Mediu Rural y Pol\u00edtica Agraria, Marcelino Marcos, asisti\u00f3 al <span style=\"color: #008080\"><strong>46\u00ba Festival de la Fresa de Candamo. <\/strong><\/span>Marcos punxo en valor la fresa de Candamo y el trabayu que realiza&#8217;l SERIDA y el Conceyu pa caltener les producciones tradicionales. Am\u00e1s, record\u00f3 que&#8217;l Plan \u2018Incorp\u00f3rate al agru&#8217; qu&#8217;impulsa la Conseyer\u00eda de Mediu Rural y Pol\u00edtica Agraria, dexa la pluralid\u00e1 pa facilitar el relevu nes producciones agr\u00edcoles.<\/div>\n<div dir=\"auto\" style=\"text-align: center\">\n<!-- iframe plugin v.6.0 wordpress.org\/plugins\/iframe\/ -->\n<iframe loading=\"lazy\" src=\"https:\/\/www.facebook.com\/plugins\/post.php?href=https%3A%2F%2Fwww.facebook.com%2Fphoto.php%3Ffbid%3D122249114450023275%26set%3Da.122096951408023275%26type%3D3&#038;show_text=false&#038;width=500\" width=\"500\" height=\"792\" style=\"border:none;overflow:hidden\" scrolling=\"no\" frameborder=\"0\" allowfullscreen=\"true\" allow=\"autoplay; clipboard-write; encrypted-media; picture-in-picture; web-share\" 0=\"\/iframe\" class=\"iframe-class\"><\/iframe>\n<\/div>\n<div dir=\"auto\"><\/div>\n<\/div>\n<div class=\"x14z9mp xat24cr x1lziwak x1vvkbs xtlvy1s x126k92a\">\n<div dir=\"auto\"><\/div>\n<\/div>\n<\/div>\n<\/div>\n<\/div>\n<\/div>\n<\/div>\n<\/div>\n<p>&nbsp;<\/p>\n","protected":false},"excerpt":{"rendered":"<p>Maite Fern\u00e1ndez, d&#8217;El Valle, gana la Fresa d&#8217;Oru&#8217; El primer premiu del Festival de la Fresa de Candamo foi para Maite Fern\u00e1ndez y les sos freses. Esta productora del pueblu d&#8217;El Valle vio reconocida la escelente calid\u00e1 de les sos freses. Dolce productores, participaron nesti festival. El quilu vendiose a 12 euros, nun a\u00f1u con [&hellip;]<\/p>\n","protected":false},"author":117,"featured_media":0,"comment_status":"open","ping_status":"open","sticky":false,"template":"","format":"standard","meta":{"footnotes":""},"categories":[138,204],"tags":[],"class_list":["post-50815","post","type-post","status-publish","format-standard","hentry","category-alimentos","category-festivales"],"_links":{"self":[{"href":"https:\/\/edublog.educastur.es\/ixuxu\/wp-json\/wp\/v2\/posts\/50815","targetHints":{"allow":["GET"]}}],"collection":[{"href":"https:\/\/edublog.educastur.es\/ixuxu\/wp-json\/wp\/v2\/posts"}],"about":[{"href":"https:\/\/edublog.educastur.es\/ixuxu\/wp-json\/wp\/v2\/types\/post"}],"author":[{"embeddable":true,"href":"https:\/\/edublog.educastur.es\/ixuxu\/wp-json\/wp\/v2\/users\/117"}],"replies":[{"embeddable":true,"href":"https:\/\/edublog.educastur.es\/ixuxu\/wp-json\/wp\/v2\/comments?post=50815"}],"version-history":[{"count":4,"href":"https:\/\/edublog.educastur.es\/ixuxu\/wp-json\/wp\/v2\/posts\/50815\/revisions"}],"predecessor-version":[{"id":50821,"href":"https:\/\/edublog.educastur.es\/ixuxu\/wp-json\/wp\/v2\/posts\/50815\/revisions\/50821"}],"wp:attachment":[{"href":"https:\/\/edublog.educastur.es\/ixuxu\/wp-json\/wp\/v2\/media?parent=50815"}],"wp:term":[{"taxonomy":"category","embeddable":true,"href":"https:\/\/edublog.educastur.es\/ixuxu\/wp-json\/wp\/v2\/categories?post=50815"},{"taxonomy":"post_tag","embeddable":true,"href":"https:\/\/edublog.educastur.es\/ixuxu\/wp-json\/wp\/v2\/tags?post=50815"}],"curies":[{"name":"wp","href":"https:\/\/api.w.org\/{rel}","templated":true}]}}