{"id":50864,"date":"2025-06-16T08:30:29","date_gmt":"2025-06-16T06:30:29","guid":{"rendered":"https:\/\/edublog.educastur.es\/ixuxu\/?p=50864"},"modified":"2025-06-16T09:02:00","modified_gmt":"2025-06-16T07:02:00","slug":"el-tiempu-el-comercio-68","status":"publish","type":"post","link":"https:\/\/edublog.educastur.es\/ixuxu\/2025\/06\/el-tiempu-el-comercio-68\/","title":{"rendered":"El tiempu (El Comercio)"},"content":{"rendered":"<p style=\"text-align: center\"><a href=\"https:\/\/s1.ppllstatics.com\/elcomercio\/www\/multimedia\/2025\/06\/15\/prevision-tiempo-asturias.jpg\"><img loading=\"lazy\" decoding=\"async\" class=\"aligncenter size-large\" src=\"https:\/\/s1.ppllstatics.com\/elcomercio\/www\/multimedia\/2025\/06\/15\/prevision-tiempo-asturias.jpg\" width=\"1511\" height=\"1068\" \/><\/a><\/p>\n<p style=\"text-align: center\"><a href=\"https:\/\/s1.ppllstatics.com\/elcomercio\/www\/multimedia\/2025\/06\/15\/prevision-tiempo-asturias.jpg\">https:\/\/s1.ppllstatics.com\/elcomercio\/www\/multimedia\/2025\/06\/15\/prevision-tiempo-asturias.jpg<\/a><\/p>\n<p>Les altes presiones que lleguen dende l&#8217;atl\u00e1nticu van enfusar por completu y van apoderase de la Pen\u00ednsula. Ello ye que <strong>mientres los pr\u00f3ximos d\u00edes<\/strong> van centrar al norte d&#8217;Espa\u00f1a de forma que se va evitar la llegada de cualquier umbada que pueda complicar les condiciones meteorol\u00f3xiques. Les \u00faniques baxes presiones que podr\u00e1n averase, pero calteniendo les distancies, va ser dende l&#8217;Atl\u00e1nticu, posici\u00f3n ideal por que favoreza la irrupci\u00f3n d&#8217;aire templao dende&#8217;l sur y consiga xubir les temperatures en tol Princip\u00e1u.<\/p>\n<p>Con muncha segurid\u00e1, <strong>esta selmana na nuesa rex\u00f3n va consiguise superar los 30 \u00baC en delles xornaes.<\/strong> Enagora, el llunes vamos amanecer con nubes baxes pero r\u00e1pido van sumir. Prevese una segunda met\u00e1 del d\u00eda asoleyada na que van predominar los vientos de componente esti moderaos na mari\u00f1a, y fluexos nel interior. <strong>Les temperatures m\u00e1ximes<\/strong> van xubir especialmente nel interior. El martes van siguir xubiendo los term\u00f3metros y volver a faer nel casu del mi\u00e9rcoles.<\/p>\n","protected":false},"excerpt":{"rendered":"<p>https:\/\/s1.ppllstatics.com\/elcomercio\/www\/multimedia\/2025\/06\/15\/prevision-tiempo-asturias.jpg Les altes presiones que lleguen dende l&#8217;atl\u00e1nticu van enfusar por completu y van apoderase de la Pen\u00ednsula. Ello ye que mientres los pr\u00f3ximos d\u00edes van centrar al norte d&#8217;Espa\u00f1a de forma que se va evitar la llegada de cualquier umbada que pueda complicar les condiciones meteorol\u00f3xiques. Les \u00faniques baxes presiones que podr\u00e1n averase, pero [&hellip;]<\/p>\n","protected":false},"author":117,"featured_media":0,"comment_status":"open","ping_status":"open","sticky":false,"template":"","format":"standard","meta":{"footnotes":""},"categories":[5],"tags":[],"class_list":["post-50864","post","type-post","status-publish","format-standard","hentry","category-tiempu"],"_links":{"self":[{"href":"https:\/\/edublog.educastur.es\/ixuxu\/wp-json\/wp\/v2\/posts\/50864","targetHints":{"allow":["GET"]}}],"collection":[{"href":"https:\/\/edublog.educastur.es\/ixuxu\/wp-json\/wp\/v2\/posts"}],"about":[{"href":"https:\/\/edublog.educastur.es\/ixuxu\/wp-json\/wp\/v2\/types\/post"}],"author":[{"embeddable":true,"href":"https:\/\/edublog.educastur.es\/ixuxu\/wp-json\/wp\/v2\/users\/117"}],"replies":[{"embeddable":true,"href":"https:\/\/edublog.educastur.es\/ixuxu\/wp-json\/wp\/v2\/comments?post=50864"}],"version-history":[{"count":1,"href":"https:\/\/edublog.educastur.es\/ixuxu\/wp-json\/wp\/v2\/posts\/50864\/revisions"}],"predecessor-version":[{"id":50865,"href":"https:\/\/edublog.educastur.es\/ixuxu\/wp-json\/wp\/v2\/posts\/50864\/revisions\/50865"}],"wp:attachment":[{"href":"https:\/\/edublog.educastur.es\/ixuxu\/wp-json\/wp\/v2\/media?parent=50864"}],"wp:term":[{"taxonomy":"category","embeddable":true,"href":"https:\/\/edublog.educastur.es\/ixuxu\/wp-json\/wp\/v2\/categories?post=50864"},{"taxonomy":"post_tag","embeddable":true,"href":"https:\/\/edublog.educastur.es\/ixuxu\/wp-json\/wp\/v2\/tags?post=50864"}],"curies":[{"name":"wp","href":"https:\/\/api.w.org\/{rel}","templated":true}]}}