{"id":50868,"date":"2025-06-16T10:25:03","date_gmt":"2025-06-16T08:25:03","guid":{"rendered":"https:\/\/edublog.educastur.es\/ixuxu\/?p=50868"},"modified":"2025-06-16T12:29:31","modified_gmt":"2025-06-16T10:29:31","slug":"lermitanu-que-corono-les-nubes-de-rafael-m-guerra","status":"publish","type":"post","link":"https:\/\/edublog.educastur.es\/ixuxu\/2025\/06\/lermitanu-que-corono-les-nubes-de-rafael-m-guerra\/","title":{"rendered":"\u00abL&#8217;Ermita\u00f1u que Coron\u00f3 les Nubes\u00bb de Rafael M. Guerra"},"content":{"rendered":"<div class=\"x1cy8zhl x2bj2ny x78zum5 x1q0g3np\">\n<div class=\"x1iyjqo2\">\n<div class=\"x78zum5 xdt5ytf xz62fqu x16ldp7u\">\n<div class=\"xu06os2 x1ok221b\">\n<div class=\"x1gslohp\">\n<ul>\n<li class=\"html-h2 x14z9mp xat24cr x1lziwak xexx8yu xyri2b x18d9i69 x1c1uobl x1vvkbs x1heor9g x1qlqyl8 x1pd3egz x1a2a7pz x1gslohp\"><span class=\"x193iq5w xeuugli x13faqbe x1vvkbs x1xmvt09 x1f6kntn xvq8zen xo1l8bm xi81zsa\"><span class=\"xt0psk2\"><a class=\"x1i10hfl xjbqb8w x1ejq31n x18oe1m7 x1sy0etr xstzfhl x972fbf x10w94by x1qhh985 x14e42zd x9f619 x1ypdohk xt0psk2 xe8uvvx xdj266r x14z9mp xat24cr x1lziwak xexx8yu xyri2b x18d9i69 x1c1uobl x16tdsg8 x1hl2dhg xggy1nq x1a2a7pz xkrqix3 x1sur9pj xzsf02u x1s688f\" role=\"link\" href=\"https:\/\/www.facebook.com\/borinescultura?__cft__[0]=AZWP6kHyjEicX3bpQACXGPEnL0Ab7JDjCjBtfANlQMrevoqfPcdAnXv7kVDCHG2lw3_T6gXRk7axXPoh_MbZVwmyZ8x59Q9XGPnD0Qj0L8eAL2iSBqHXvueUIaeu3Sotq3_3zITHT1IQMTFHFHlN6LTmOV26bu8JXQVDHOQJ81O0iFDC_odrHA1b0os1UE9gxsRee8yY-DTZjpLXhAk4784-PmW36mx2FRkn7Bzj7940dA&amp;__tn__=-UC*F\">Borines<\/a><\/span><\/span>\/ <span class=\"x193iq5w xeuugli x13faqbe x1vvkbs x1xmvt09 x1lliihq x1s928wv xhkezso x1gmr53x x1cpjm7i x1fgarty x1943h6x xudqn12 x3x7a5m x1f6kntn xvq8zen xo1l8bm xzsf02u\" dir=\"auto\"><span class=\"html-span xdj266r x14z9mp xat24cr x1lziwak xexx8yu xyri2b x18d9i69 x1c1uobl x1hl2dhg x16tdsg8 x1vvkbs\"><a class=\"x1i10hfl xjbqb8w x1ejq31n x18oe1m7 x1sy0etr xstzfhl x972fbf x10w94by x1qhh985 x14e42zd x9f619 x1ypdohk xt0psk2 xe8uvvx xdj266r x14z9mp xat24cr x1lziwak xexx8yu xyri2b x18d9i69 x1c1uobl x16tdsg8 x1hl2dhg xggy1nq x1a2a7pz xkrqix3 x1sur9pj xzsf02u x1s688f\" role=\"link\" href=\"https:\/\/www.facebook.com\/hashtag\/manantialdecultura?__eep__=6&amp;__cft__[0]=AZWP6kHyjEicX3bpQACXGPEnL0Ab7JDjCjBtfANlQMrevoqfPcdAnXv7kVDCHG2lw3_T6gXRk7axXPoh_MbZVwmyZ8x59Q9XGPnD0Qj0L8eAL2iSBqHXvueUIaeu3Sotq3_3zITHT1IQMTFHFHlN6LTmOV26bu8JXQVDHOQJ81O0iFDC_odrHA1b0os1UE9gxsRee8yY-DTZjpLXhAk4784-PmW36mx2FRkn7Bzj7940dA&amp;__tn__=*NK*F\">#manantialdecultura<\/a><\/span>\u00a0<\/span> \u00a0\/ <span class=\"html-span xdj266r x14z9mp xat24cr x1lziwak xexx8yu xyri2b x18d9i69 x1c1uobl x1hl2dhg x16tdsg8 x1vvkbs\"><a class=\"x1i10hfl xjbqb8w x1ejq31n x18oe1m7 x1sy0etr xstzfhl x972fbf x10w94by x1qhh985 x14e42zd x9f619 x1ypdohk xt0psk2 xe8uvvx xdj266r x14z9mp xat24cr x1lziwak xexx8yu xyri2b x18d9i69 x1c1uobl x16tdsg8 x1hl2dhg xggy1nq x1a2a7pz xkrqix3 x1sur9pj xzsf02u x1s688f\" role=\"link\" href=\"https:\/\/www.instagram.com\/_u\/bear_thestoryteller?fbclid=IwZXh0bgNhZW0CMTAAYnJpZBEwYkU1SGJPRlFqWndqTk91NwEeRKodPjenhxisMG8CyhZZzf_xKoVqmVk8UFumslgRchjOnqzjC7qe0ltkdGM_aem_5YH3Ejw2wwd4zgDWkEQBRg\" target=\"_blank\" rel=\"nofollow noopener noreferrer\">@bear_thestoryteller<\/a><\/span><\/li>\n<li>Apertura de puertes: 18.30h \/ Conciertu: 19.00h<\/li>\n<\/ul>\n<p style=\"text-align: center\">\n<!-- iframe plugin v.6.0 wordpress.org\/plugins\/iframe\/ -->\n<iframe loading=\"lazy\" src=\"https:\/\/www.facebook.com\/plugins\/post.php?href=https%3A%2F%2Fwww.facebook.com%2Fborinescultura%2Fposts%2Fpfbid02sERy8WMyC2gfV7SFvU64r2p2iJc8GAEcQd6bz7HrM8niD2sy44XJggGfQLyemfypl&#038;show_text=false&#038;width=500\" width=\"500\" height=\"498\" style=\"border:none;overflow:hidden\" scrolling=\"no\" frameborder=\"0\" allowfullscreen=\"true\" allow=\"autoplay; clipboard-write; encrypted-media; picture-in-picture; web-share\" 0=\"\/iframe\" class=\"iframe-class\"><\/iframe>\n<\/p>\n<\/div>\n<\/div>\n<\/div>\n<\/div>\n<\/div>\n<div class=\"xyinxu5 xyri2b x1g2khh7 x1c1uobl\">\n<p>El pr\u00f3ximu 24 de mayu&#8217;l balneariu abre les sos puertes a <strong>Rafael M. Guerra<\/strong> y el so proyectu <span class=\"html-span xdj266r x14z9mp xat24cr x1lziwak xexx8yu xyri2b x18d9i69 x1c1uobl x1hl2dhg x16tdsg8 x1vvkbs\"><a class=\"x1i10hfl xjbqb8w x1ejq31n x18oe1m7 x1sy0etr xstzfhl x972fbf x10w94by x1qhh985 x14e42zd x9f619 x1ypdohk xt0psk2 xe8uvvx xdj266r x14z9mp xat24cr x1lziwak xexx8yu xyri2b x18d9i69 x1c1uobl x16tdsg8 x1hl2dhg xggy1nq x1a2a7pz xkrqix3 x1sur9pj xzsf02u x1s688f\" role=\"link\" href=\"https:\/\/www.instagram.com\/_u\/bear_thestoryteller?fbclid=IwZXh0bgNhZW0CMTAAYnJpZBEwYkU1SGJPRlFqWndqTk91NwEeRKodPjenhxisMG8CyhZZzf_xKoVqmVk8UFumslgRchjOnqzjC7qe0ltkdGM_aem_5YH3Ejw2wwd4zgDWkEQBRg\" target=\"_blank\" rel=\"nofollow noopener noreferrer\">@bear_thestoryteller <\/a><\/span>presentando&#8217;l so album <span style=\"color: #008080\"><strong>\u00abL&#8217;Ermita\u00f1u que Coron\u00f3 les Nubes\u00bb<\/strong><\/span>: Tr\u00e9s pasaxes sonoros llenos d&#8217;emociones y sentimientos, el viaxe qu&#8217;entama un Ermita\u00f1u dende la clarixa m\u00e1s apolmonante d&#8217;una cueva para llegar a coronar les nubes allumaes por Gran Sol<\/p>\n<p>Esti<strong> gaditano afinc\u00e1u en Pilo\u00f1a<\/strong> va tresportanos coles sos composiciones de folk ambiental n&#8217;una danza d&#8217;emociones que nos fadr\u00e1 transitar dende la murria a la ilusi\u00f3n resonando nes par\u00e9s del balneariu. Entrada antemanada 8 \u20ac online link en bio | en puerta 10\u20ac hasta completar l&#8217;aforu (efectivu).<\/p>\n<p>&nbsp;<\/p>\n<\/div>\n","protected":false},"excerpt":{"rendered":"<p>Borines\/ #manantialdecultura\u00a0 \u00a0\/ @bear_thestoryteller Apertura de puertes: 18.30h \/ Conciertu: 19.00h El pr\u00f3ximu 24 de mayu&#8217;l balneariu abre les sos puertes a Rafael M. Guerra y el so proyectu @bear_thestoryteller presentando&#8217;l so album \u00abL&#8217;Ermita\u00f1u que Coron\u00f3 les Nubes\u00bb: Tr\u00e9s pasaxes sonoros llenos d&#8217;emociones y sentimientos, el viaxe qu&#8217;entama un Ermita\u00f1u dende la clarixa m\u00e1s apolmonante [&hellip;]<\/p>\n","protected":false},"author":117,"featured_media":0,"comment_status":"open","ping_status":"open","sticky":false,"template":"","format":"standard","meta":{"footnotes":""},"categories":[176],"tags":[],"class_list":["post-50868","post","type-post","status-publish","format-standard","hentry","category-conciertu"],"_links":{"self":[{"href":"https:\/\/edublog.educastur.es\/ixuxu\/wp-json\/wp\/v2\/posts\/50868","targetHints":{"allow":["GET"]}}],"collection":[{"href":"https:\/\/edublog.educastur.es\/ixuxu\/wp-json\/wp\/v2\/posts"}],"about":[{"href":"https:\/\/edublog.educastur.es\/ixuxu\/wp-json\/wp\/v2\/types\/post"}],"author":[{"embeddable":true,"href":"https:\/\/edublog.educastur.es\/ixuxu\/wp-json\/wp\/v2\/users\/117"}],"replies":[{"embeddable":true,"href":"https:\/\/edublog.educastur.es\/ixuxu\/wp-json\/wp\/v2\/comments?post=50868"}],"version-history":[{"count":2,"href":"https:\/\/edublog.educastur.es\/ixuxu\/wp-json\/wp\/v2\/posts\/50868\/revisions"}],"predecessor-version":[{"id":50893,"href":"https:\/\/edublog.educastur.es\/ixuxu\/wp-json\/wp\/v2\/posts\/50868\/revisions\/50893"}],"wp:attachment":[{"href":"https:\/\/edublog.educastur.es\/ixuxu\/wp-json\/wp\/v2\/media?parent=50868"}],"wp:term":[{"taxonomy":"category","embeddable":true,"href":"https:\/\/edublog.educastur.es\/ixuxu\/wp-json\/wp\/v2\/categories?post=50868"},{"taxonomy":"post_tag","embeddable":true,"href":"https:\/\/edublog.educastur.es\/ixuxu\/wp-json\/wp\/v2\/tags?post=50868"}],"curies":[{"name":"wp","href":"https:\/\/api.w.org\/{rel}","templated":true}]}}