{"id":50870,"date":"2025-06-16T08:50:09","date_gmt":"2025-06-16T06:50:09","guid":{"rendered":"https:\/\/edublog.educastur.es\/ixuxu\/?p=50870"},"modified":"2025-06-16T10:36:23","modified_gmt":"2025-06-16T08:36:23","slug":"50870","status":"publish","type":"post","link":"https:\/\/edublog.educastur.es\/ixuxu\/2025\/06\/50870\/","title":{"rendered":"Ascensu xeneraliz\u00e1u de temperatures en tol pa\u00eds"},"content":{"rendered":"<p style=\"text-align: center\"><a href=\"https:\/\/s1.abcstatics.com\/abc\/www\/multimedia\/sociedad\/2025\/06\/16\/calor-espana-temperaturas-kUIC-U7011394962707MH-1200x840@diario_abc.jpg\"><img loading=\"lazy\" decoding=\"async\" class=\"aligncenter size-large\" src=\"https:\/\/s1.abcstatics.com\/abc\/www\/multimedia\/sociedad\/2025\/06\/16\/calor-espana-temperaturas-kUIC-U7011394962707MH-1200x840@diario_abc.jpg\" width=\"1200\" height=\"840\" \/><\/a><\/p>\n<p style=\"text-align: center\">Fonte: <a href=\"https:\/\/www.abc.es\/sociedad\/aemet-lanza-aviso-calor-extremo-tormentas-provincias-20250616051500-nt.html#vca=voc-recirc&amp;vtm_modulosEngag=mod-not-rel:opinion:noticia:2&amp;vso=elcomercio&amp;ref=https:\/\/www.elcomercio.es\/\">ABC<\/a> \/ <a href=\"https:\/\/twitter.com\/i\/status\/1934207951369085434\"><strong>VIDEU<\/strong> <\/a>\/<a href=\"https:\/\/aemetblog.es\/2025\/06\/13\/prediccion-para-las-semanas-del-16-de-junio-al-6-de-julio-de-2025\/\"> del\u00a016 xunu al 6 xunetu <\/a><\/p>\n<p style=\"text-align: left\">Conforme arranque esta selmana, cuando s&#8217;espera qu&#8217;estes altes temperatures vuelvan estendese por tola Pen\u00ednsula. Seg\u00fan alvierte<strong> l&#8217;Axencia Estatal de Meteorolox\u00eda (Aemet)<\/strong>, mientres los pr\u00f3ximos d\u00edes los term\u00f3metros van tar \u00abpercima de los valores normales para la d\u00f3mina\u00bb, dexando unos d\u00edes \u00abbien calorosos\u00bb en casi tol pa\u00eds.<\/p>\n<p><!--more--><\/p>\n<p>Esp\u00e9rase que, nes pr\u00f3ximes hores, les precipitaciones d&#8217;estos d\u00edes vaigan sumiendo de casi tol territoriu espa\u00f1ol. Ent\u00e1 asina, dende l&#8217;organismu nun refuguen que puedan formase \u00abnubes esvalixaes\u00bb a lo llargo de la selmana y dalgunes d&#8217;elles inclusive podr\u00eden algamar una intensid\u00e1 fuerte\u00bb.<\/p>\n<p><strong>Nuevu ascensu nes temperatures: hasta 40 graos. <\/strong>La selmana qu&#8217;entra va empezar con un ascensu nes temperatures a nivel xeneral pola influencia d&#8217;un anticicl\u00f3n subtropical y en delles zones inclusive podr\u00eden xubir hasta seis graos. \u00abDende&#8217;l martes o&#8217;l mi\u00e9rcoles y hasta siquier el vienres van superar de forma casi xeneralizada los 35 graos na pen\u00ednsula y los 38 graos nel centru y mitad sur\u00bb, alvierte&#8217;l voceru del organismu, Rub\u00e9n del Campu.<\/p>\n<p>Va Ser, polo xeneral, xuna selmana \u00abbien templada\u00bb en casi tola Pen\u00ednsula, onde <strong>l&#8217;Aemet activ\u00f3 avisos mariellos y naranxes poles temperatures desaxeradamente elevaes que s&#8217;esperen.<\/strong> El llunes y el martes van tar n&#8217;alerta por m\u00e1ximes bien altes en provincies como Sevilla, L\u00e9rida, Teruel, Zaragoza, Huesca, Zamora, Madrid, C\u00e1diz, Salamanca, C\u00e1ceres, Badayoz, C\u00f3rdoba, Pontevedra o Ourense.<\/p>\n<p>Esti ambiente veraniego va siguir, seg\u00fan l&#8217;organismu, siquier hasta la fin de selmana pr\u00f3xima. Ello ye que en dellos puntos del pa\u00eds podr\u00eden inclusive rexistrase temperatures percima de los 40 graos, destacando los valles del Tayo, Guadiana y Guadalquivir.<\/p>\n<p>El calor notar\u00e9moslo tami\u00e9n a \u00faltimes hores del d\u00eda, con nueches tropicales y temperatures nocherniegues bien elevaes. Mientres estos d\u00edes y siquier hasta&#8217;l pr\u00f3ximu domingu, les m\u00ednimes nun van baxar de los 20 graos, especialmente na \u00e1rea mediterr\u00e1nea, centru y sur de la pen\u00ednsula.<\/p>\n<p><strong>Les nubes van siguir afectando a Espa\u00f1a a partir d&#8217;esti llunes. <\/strong>Tres una fin de selmana pasada per agua en Navarra, Arag\u00f3n y La Rioxa, la Aemet se\u00f1al\u00f3 qu&#8217;inda non nos despidiremos definitivamente de les ag\u00fces. Anque les altes temperatures van siguir siendo les protagonistes d&#8217;estes pr\u00f3ximes hores, les nubes van siguir descargando bastios con fuerza en delles provincies a lo llargo d&#8217;esta selmana.<\/p>\n<p>Seg\u00fan alvierte Meteored, esti llunes podr\u00edamos ver \u00abnubes d&#8217;evoluci\u00f3n con bastios y nubes localmente fuertes al sur d&#8217;Arag\u00f3n, interior y zona estremera ente Andaluc\u00eda, Estremadura y Castiella-La Mancha\u00bb. Ye la so mayor\u00eda, estos bastios vamos atopar en zones de monte<\/p>\n","protected":false},"excerpt":{"rendered":"<p>Fonte: ABC \/ VIDEU \/ del\u00a016 xunu al 6 xunetu Conforme arranque esta selmana, cuando s&#8217;espera qu&#8217;estes altes temperatures vuelvan estendese por tola Pen\u00ednsula. Seg\u00fan alvierte l&#8217;Axencia Estatal de Meteorolox\u00eda (Aemet), mientres los pr\u00f3ximos d\u00edes los term\u00f3metros van tar \u00abpercima de los valores normales para la d\u00f3mina\u00bb, dexando unos d\u00edes \u00abbien calorosos\u00bb en casi tol [&hellip;]<\/p>\n","protected":false},"author":117,"featured_media":0,"comment_status":"open","ping_status":"open","sticky":false,"template":"","format":"standard","meta":{"footnotes":""},"categories":[5],"tags":[],"class_list":["post-50870","post","type-post","status-publish","format-standard","hentry","category-tiempu"],"_links":{"self":[{"href":"https:\/\/edublog.educastur.es\/ixuxu\/wp-json\/wp\/v2\/posts\/50870","targetHints":{"allow":["GET"]}}],"collection":[{"href":"https:\/\/edublog.educastur.es\/ixuxu\/wp-json\/wp\/v2\/posts"}],"about":[{"href":"https:\/\/edublog.educastur.es\/ixuxu\/wp-json\/wp\/v2\/types\/post"}],"author":[{"embeddable":true,"href":"https:\/\/edublog.educastur.es\/ixuxu\/wp-json\/wp\/v2\/users\/117"}],"replies":[{"embeddable":true,"href":"https:\/\/edublog.educastur.es\/ixuxu\/wp-json\/wp\/v2\/comments?post=50870"}],"version-history":[{"count":5,"href":"https:\/\/edublog.educastur.es\/ixuxu\/wp-json\/wp\/v2\/posts\/50870\/revisions"}],"predecessor-version":[{"id":50875,"href":"https:\/\/edublog.educastur.es\/ixuxu\/wp-json\/wp\/v2\/posts\/50870\/revisions\/50875"}],"wp:attachment":[{"href":"https:\/\/edublog.educastur.es\/ixuxu\/wp-json\/wp\/v2\/media?parent=50870"}],"wp:term":[{"taxonomy":"category","embeddable":true,"href":"https:\/\/edublog.educastur.es\/ixuxu\/wp-json\/wp\/v2\/categories?post=50870"},{"taxonomy":"post_tag","embeddable":true,"href":"https:\/\/edublog.educastur.es\/ixuxu\/wp-json\/wp\/v2\/tags?post=50870"}],"curies":[{"name":"wp","href":"https:\/\/api.w.org\/{rel}","templated":true}]}}