{"id":50886,"date":"2025-06-16T12:24:22","date_gmt":"2025-06-16T10:24:22","guid":{"rendered":"https:\/\/edublog.educastur.es\/ixuxu\/?p=50886"},"modified":"2025-06-16T12:26:18","modified_gmt":"2025-06-16T10:26:18","slug":"50886","status":"publish","type":"post","link":"https:\/\/edublog.educastur.es\/ixuxu\/2025\/06\/50886\/","title":{"rendered":"El gaiteru y artesanu Iv\u00e1n Gonz\u00e1lez presenta un nuevu modelu de gaita asturiana"},"content":{"rendered":"<div class=\"xyinxu5 xv54qhq x1g2khh7 xf7dkkf\">\n<div class=\"x6s0dn4 x78zum5 x1q0g3np x1nhvcw1 xh8yej3\">\n<div class=\"xbmvrgn\">\n<div class=\"x9f619 xjbqb8w x78zum5 x15mokao x1ga7v0g x16uus16 xbiv7yw x1n2onr6 x1plvlek xryxfnj x1c4vz4f x2lah0s xdt5ytf xqjyukv xuk3077 x1oa3qoh x1nhvcw1\">\n<div class=\"x1qjc9v5 xvbhtw8 x1c9tyrk xeusxvb x1pahc9y x1ertn4p x972fbf x10w94by x1qhh985 x14e42zd x9f619 x78zum5 xdt5ytf x2lah0s xk390pu x11dcrhx xdj266r x14z9mp xat24cr x1lziwak x4p5aij x1ccui7m x1j85h84 x18pi947 x10l6tqk xfr5jun x11njtxf\">\n<div class=\"elementor-element elementor-element-667e3c7 elementor-widget__width-inherit elementor-widget elementor-widget-theme-post-title elementor-page-title elementor-widget-heading\" data-id=\"667e3c7\" data-element_type=\"widget\" data-widget_type=\"theme-post-title.default\">\n<div class=\"elementor-widget-container\">\n<p class=\"elementor-heading-title elementor-size-default\" style=\"text-align: center\"><a href=\"https:\/\/musicasturiana.com\/wp-content\/uploads\/2025\/06\/nueva-gaita-ivan-gonzalez.png\"><img loading=\"lazy\" decoding=\"async\" class=\"aligncenter size-large\" src=\"https:\/\/musicasturiana.com\/wp-content\/uploads\/2025\/06\/nueva-gaita-ivan-gonzalez.png\" width=\"1200\" height=\"600\" \/><\/a><\/p>\n<\/div>\n<\/div>\n<div class=\"elementor-element elementor-element-00f4678 elementor-widget__width-inherit elementor-widget elementor-widget-theme-post-excerpt\" data-id=\"00f4678\" data-element_type=\"widget\" data-widget_type=\"theme-post-excerpt.default\">\n<div class=\"elementor-widget-container\">Ye una gaita dise\u00f1ada pa reducir l&#8217;eleva\u00fa nivel de dB que caracteriza a la gaita asturiana, col oxetivu de facilitar la so presencia n&#8217;otros contestos. Tr\u00e1tase d&#8217;una gaita dise\u00f1ada pa reducir l&#8217;eleva\u00fa nivel de presi\u00f3n sonora que caracteriza a la gaita asturiana, col oxetivu de facilitar la so presencia n&#8217;otros estilos y el so empaste colos dem\u00e1s instrumentos. Fonte: <a href=\"https:\/\/musicasturiana.com\/el-gaiteru-y-artesanu-ivan-gonzalez-presenta-un-nuevu-modelu-de-gaita-asturiana\/\">Musicasturiana.com<\/a><\/div>\n<div><!--more--><\/div>\n<div>\n<p>L\u2019ayer\u00e1n\u00a0<strong>Iv\u00e1n gonz\u00e1lez\u00a0<\/strong>present\u00f3\u2019l pas\u00e1u llunes el so nuevu\u00a0<strong>modelu\u00a0<\/strong>de<strong>\u00a0gaita asturiana<\/strong>\u00a0nel conservatoriu de Xix\u00f3n. Tr\u00e1tase d\u2019una gaita dise\u00f1ada pa reducir l\u2019eleva\u00fa\u00a0<strong>nivel de presi\u00f3n sonora\u00a0<\/strong>que caracteriza a la gaita asturiana, col oxetivu de facilitar la so\u00a0<strong>presencia\u00a0<\/strong>n\u2019otros<strong>\u00a0estilos\u00a0<\/strong>y el so\u00a0<strong>empaste\u00a0<\/strong>colos dem\u00e1s instrumentos. Al estilu de les\u00a0<em>small pipes<\/em>, pero orientada hacia la\u00a0<strong>sonorid\u00e1\u00a0<\/strong>y la\u00a0<strong>t\u00edmbrica\u00a0<\/strong>de les gaites\u00a0<strong>asturianes<\/strong>, esti instrumentu cunta cola\u00a0<strong>mesma dixitaci\u00f3n<\/strong>\u00a0de la gaita asturiana, siendo\u2019l cambiu m\u00e1s notable la\u00a0<strong>presi\u00f3n\u00a0<\/strong>que se tien qu\u2019aplicar al soplar y apretar el fuelle. L\u2019artesanu coment\u00f3 que va fabricala en\u00a0<strong>varies tonalidaes\u00a0<\/strong>y con posibilid\u00e1 d\u2019incorporar\u00a0<strong>ronqu\u00edn<\/strong>,\u00a0<strong>llaves<\/strong>, etc.<\/p>\n<p><strong>Dos a\u00f1os\u00a0<\/strong>de trabayu t\u00e1n detr\u00e1s d\u2019esti modelu col que\u2019l gaiteru y constructor algam\u00f3 baxar hasta los\u00a0<strong>85 dB<\/strong>, allo\u00f1\u00e1ndose abondo de los 110 que ronden les gaites convencionales. Am\u00e1s de ser un dise\u00f1u que permite\u00a0<strong>practicar\u00a0<\/strong>en\u00a0<strong>casa\u00a0<\/strong>con un instrumentu ac\u00fasticu, tami\u00e9n ye propiciu a integrase nes\u00a0<strong>sesiones\u00a0<\/strong>de m\u00fasica\u00a0<strong>folk<\/strong>.<\/p>\n<p>Na presentaci\u00f3n, pudo sentise la gaita xunto a varios instrumentos. Primero, el propiu Iv\u00e1n xunto a Dani \u00c1lvarez tocaron delles pieces a d\u00fau con esti modelu, y dempu\u00e9s, en pareya de gaita y\u00a0<strong>flauta<\/strong>. Llu\u00e9u, Jos\u00e9 Luis D\u00edaz al\u00a0<strong>bouzouki\u00a0<\/strong>acompa\u00f1\u00f3 tocando otra pieza xunto a la gaita, tami\u00e9n n\u2019ac\u00fasticu. El result\u00e1u ye un\u00a0<strong>equilibriu de vol\u00famenes\u00a0<\/strong>mui satisfactoriu, sinti\u00e9ndose tolos detalles del acompa\u00f1amientu tanto de la flauta como del bouzouki. Como coment\u00f3 na presentaci\u00f3n el gaiteru\u00a0<strong>Flavio Benito<\/strong>\u00a0(mayestru de gaita nel centru), esta anovaci\u00f3n abre les puertes a trabayar nuevos repertorios, sobre manera no tocante a la formaci\u00f3n reglada nel\u00a0<strong>conservatoriu<\/strong>, onde les asignatures de\u00a0<strong>conxuntu\u00a0<\/strong>o\u00a0<strong>m\u00fasica de c\u00e1mara\u00a0<\/strong>requieren instrumentos con vol\u00famenes asemeyaos.<\/p>\n<\/div>\n<\/div>\n<\/div>\n<\/div>\n<\/div>\n<\/div>\n<\/div>\n<p>&nbsp;<\/p>\n","protected":false},"excerpt":{"rendered":"<p>Ye una gaita dise\u00f1ada pa reducir l&#8217;eleva\u00fa nivel de dB que caracteriza a la gaita asturiana, col oxetivu de facilitar la so presencia n&#8217;otros contestos. Tr\u00e1tase d&#8217;una gaita dise\u00f1ada pa reducir l&#8217;eleva\u00fa nivel de presi\u00f3n sonora que caracteriza a la gaita asturiana, col oxetivu de facilitar la so presencia n&#8217;otros estilos y el so empaste [&hellip;]<\/p>\n","protected":false},"author":117,"featured_media":0,"comment_status":"open","ping_status":"open","sticky":false,"template":"","format":"standard","meta":{"footnotes":""},"categories":[425,35,125],"tags":[],"class_list":["post-50886","post","type-post","status-publish","format-standard","hentry","category-gaita","category-musica","category-musicasturiana-com"],"_links":{"self":[{"href":"https:\/\/edublog.educastur.es\/ixuxu\/wp-json\/wp\/v2\/posts\/50886","targetHints":{"allow":["GET"]}}],"collection":[{"href":"https:\/\/edublog.educastur.es\/ixuxu\/wp-json\/wp\/v2\/posts"}],"about":[{"href":"https:\/\/edublog.educastur.es\/ixuxu\/wp-json\/wp\/v2\/types\/post"}],"author":[{"embeddable":true,"href":"https:\/\/edublog.educastur.es\/ixuxu\/wp-json\/wp\/v2\/users\/117"}],"replies":[{"embeddable":true,"href":"https:\/\/edublog.educastur.es\/ixuxu\/wp-json\/wp\/v2\/comments?post=50886"}],"version-history":[{"count":4,"href":"https:\/\/edublog.educastur.es\/ixuxu\/wp-json\/wp\/v2\/posts\/50886\/revisions"}],"predecessor-version":[{"id":50890,"href":"https:\/\/edublog.educastur.es\/ixuxu\/wp-json\/wp\/v2\/posts\/50886\/revisions\/50890"}],"wp:attachment":[{"href":"https:\/\/edublog.educastur.es\/ixuxu\/wp-json\/wp\/v2\/media?parent=50886"}],"wp:term":[{"taxonomy":"category","embeddable":true,"href":"https:\/\/edublog.educastur.es\/ixuxu\/wp-json\/wp\/v2\/categories?post=50886"},{"taxonomy":"post_tag","embeddable":true,"href":"https:\/\/edublog.educastur.es\/ixuxu\/wp-json\/wp\/v2\/tags?post=50886"}],"curies":[{"name":"wp","href":"https:\/\/api.w.org\/{rel}","templated":true}]}}