{"id":50891,"date":"2025-06-10T12:00:51","date_gmt":"2025-06-10T10:00:51","guid":{"rendered":"https:\/\/edublog.educastur.es\/ixuxu\/?p=50891"},"modified":"2025-06-16T12:34:58","modified_gmt":"2025-06-16T10:34:58","slug":"concentracion-contral-cierre-de-la-escuela-de-muisca-de-tineu","status":"publish","type":"post","link":"https:\/\/edublog.educastur.es\/ixuxu\/2025\/06\/concentracion-contral-cierre-de-la-escuela-de-muisca-de-tineu\/","title":{"rendered":"Concentraci\u00f3n contra&#8217;l cierre de la Escuela de M\u00fasica de Tin\u00e9u"},"content":{"rendered":"<ul>\n<li><a href=\"https:\/\/musicasturiana.com\/tineu-acueye-una-movilizacion-en-rechazu-del-zarru-de-la-so-escuela-municipal-de-musica\/\">Tin\u00e9u acueye una movilizaci\u00f3n en rechazu del zarru de la so Escuela Municipal de M\u00fasica<\/a><\/li>\n<\/ul>\n<p style=\"text-align: center\"><a href=\"https:\/\/musicasturiana.com\/wp-content\/uploads\/2025\/06\/concentracion-tineu.jpg\"><img loading=\"lazy\" decoding=\"async\" class=\"aligncenter size-large\" src=\"https:\/\/musicasturiana.com\/wp-content\/uploads\/2025\/06\/concentracion-tineu.jpg\" width=\"1200\" height=\"600\" \/><\/a><\/p>\n<p>El pas\u00e1u 29 de mayu el plenu del<strong>\u00a0Ayuntamientu de Tin\u00e9u<\/strong>\u00a0-con mayor\u00eda absoluta de<strong>\u00a0PP y Vox<\/strong>\u2013 aprob\u00f3 nos sos presupuestos<strong>\u00a0<a href=\"https:\/\/musicasturiana.com\/tineu-aprueba-eliminar-les-places-de-la-escuela-municipal-de-musica\/\">zarrar la Escuela Municipal de M\u00fasica<\/a><\/strong>, desanici\u00e1ndose\u2019l serviciu p\u00fablicu existente<strong>.<\/strong>\u00a0Como rechazu a esta decisi\u00f3n, l\u2019<strong>Asociaci\u00f3n de Madres y Padres de la Escuela Municipal de M\u00fasica de Tin\u00e9u<\/strong> entama una concentraci\u00f3n contra esta decisi\u00f3n que cunt\u00f3 cola oposici\u00f3n de los dem\u00e1s grupos pol\u00edticos, am\u00e1s d\u2019una montonera\u00a0<a href=\"https:\/\/musicasturiana.com\/el-gobiernu-de-tineu-quier-eliminar-cuatro-puestos-de-trabayu-de-la-escuela-municipal-de-musica\/\">persones venceyaes a la cultura<\/a>. La movilizaci\u00f3n va ser el s\u00e1badu 14 de xunu a les 17h ente la Plaza Alonso Mart\u00ednez, Cai Mayor y Plaza del Ayuntamientu de la capital del conceyu.<\/p>\n","protected":false},"excerpt":{"rendered":"<p>Tin\u00e9u acueye una movilizaci\u00f3n en rechazu del zarru de la so Escuela Municipal de M\u00fasica El pas\u00e1u 29 de mayu el plenu del\u00a0Ayuntamientu de Tin\u00e9u\u00a0-con mayor\u00eda absoluta de\u00a0PP y Vox\u2013 aprob\u00f3 nos sos presupuestos\u00a0zarrar la Escuela Municipal de M\u00fasica, desanici\u00e1ndose\u2019l serviciu p\u00fablicu existente.\u00a0Como rechazu a esta decisi\u00f3n, l\u2019Asociaci\u00f3n de Madres y Padres de la Escuela [&hellip;]<\/p>\n","protected":false},"author":117,"featured_media":0,"comment_status":"open","ping_status":"open","sticky":false,"template":"","format":"standard","meta":{"footnotes":""},"categories":[35,125],"tags":[],"class_list":["post-50891","post","type-post","status-publish","format-standard","hentry","category-musica","category-musicasturiana-com"],"_links":{"self":[{"href":"https:\/\/edublog.educastur.es\/ixuxu\/wp-json\/wp\/v2\/posts\/50891","targetHints":{"allow":["GET"]}}],"collection":[{"href":"https:\/\/edublog.educastur.es\/ixuxu\/wp-json\/wp\/v2\/posts"}],"about":[{"href":"https:\/\/edublog.educastur.es\/ixuxu\/wp-json\/wp\/v2\/types\/post"}],"author":[{"embeddable":true,"href":"https:\/\/edublog.educastur.es\/ixuxu\/wp-json\/wp\/v2\/users\/117"}],"replies":[{"embeddable":true,"href":"https:\/\/edublog.educastur.es\/ixuxu\/wp-json\/wp\/v2\/comments?post=50891"}],"version-history":[{"count":2,"href":"https:\/\/edublog.educastur.es\/ixuxu\/wp-json\/wp\/v2\/posts\/50891\/revisions"}],"predecessor-version":[{"id":50895,"href":"https:\/\/edublog.educastur.es\/ixuxu\/wp-json\/wp\/v2\/posts\/50891\/revisions\/50895"}],"wp:attachment":[{"href":"https:\/\/edublog.educastur.es\/ixuxu\/wp-json\/wp\/v2\/media?parent=50891"}],"wp:term":[{"taxonomy":"category","embeddable":true,"href":"https:\/\/edublog.educastur.es\/ixuxu\/wp-json\/wp\/v2\/categories?post=50891"},{"taxonomy":"post_tag","embeddable":true,"href":"https:\/\/edublog.educastur.es\/ixuxu\/wp-json\/wp\/v2\/tags?post=50891"}],"curies":[{"name":"wp","href":"https:\/\/api.w.org\/{rel}","templated":true}]}}