{"id":50896,"date":"2025-06-16T12:40:40","date_gmt":"2025-06-16T10:40:40","guid":{"rendered":"https:\/\/edublog.educastur.es\/ixuxu\/?p=50896"},"modified":"2025-06-16T12:43:35","modified_gmt":"2025-06-16T10:43:35","slug":"esposicion-colories-del-mundu-en-xixon-nel-nauticu","status":"publish","type":"post","link":"https:\/\/edublog.educastur.es\/ixuxu\/2025\/06\/esposicion-colories-del-mundu-en-xixon-nel-nauticu\/","title":{"rendered":"Esposici\u00f3n \u00abColories del mundu\u00bb en Xix\u00f3n n&#8217;El N\u00e1uticu"},"content":{"rendered":"<ul>\n<li>Fonte: <a href=\"https:\/\/www.lne.es\/gijon\/2025\/06\/12\/viaje-42-instantaneas-prestigiosos-fotografos-118550599.html?utm_medium=Social&amp;utm_campaign=Echobox&amp;utm_source=Facebook#Echobox=1749733987\">LNE<\/a> \/<a href=\"https:\/\/www.lne.es\/gijon\/2025\/06\/12\/exposicion-colores-mundo-gijon-nautico-118550735.html#foto=1\"> galer\u00eda semeyes<\/a> \/<\/li>\n<\/ul>\n<p style=\"text-align: center\"><a href=\"https:\/\/estaticos-cdn.prensaiberica.es\/clip\/7a445dac-707d-447d-b1aa-792861d33b22_source-aspect-ratio_default_0.jpg\"><img loading=\"lazy\" decoding=\"async\" class=\"aligncenter size-large\" src=\"https:\/\/estaticos-cdn.prensaiberica.es\/clip\/7a445dac-707d-447d-b1aa-792861d33b22_source-aspect-ratio_default_0.jpg\" width=\"2000\" height=\"1333\" \/><\/a><\/p>\n<p>Un viaxe de 42 instant\u00e1nees de prestixosos fot\u00f3grafos de National Geographic: asina ye la esposici\u00f3n \u00abColories del mundu\u00bb que puede visitase en Xix\u00f3n en plena cai. L&#8217;amuesa, nos Xardinos del N\u00e1uticu, podr\u00e1 vese hasta&#8217;l 14 de xunetu.<\/p>\n<p><!--more--><br \/>\nEl signific\u00e1u de el color redesc\u00fabrese al travi\u00e9s d&#8217;un percorr\u00edu en Xix\u00f3n, nel N\u00e1uticu, por mediu de 42 paneles, nos que s&#8217;aprecien 42 fotograf\u00edes articulaes al travi\u00e9s del recursu de el color, obra de reputaos fot\u00f3grafos de National Geopgraphic. \u201cEsta esposici\u00f3n d\u00e9xanos realizar un viaxe. Podemos esquizar, percorrer y conocer bien de rexones, pueblos, y manifestaciones y fen\u00f3menos culturales de too el mundu\u201d, resalt\u00f3 Alexandra Laude, asesora de la esposici\u00f3n \u201cColories del mundu\u201d, abierta hasta&#8217;l pr\u00f3ximu 14 de xunetu.<\/p>\n<p>El percorr\u00edu de l&#8217;amuesa, qu&#8217;entama la Fundaci\u00f3n \u201cLa Caixa\u201d en collaboraci\u00f3n cola Fundaci\u00f3n Municipal de Cultura de Xix\u00f3n, artic\u00falase en redol a siete colories: collor\u00e1u, azul, violeta, verde, blancu, mariellu y naranxa.<strong> \u201cL&#8217;amuesa conv\u00eddanos a tomar consciencia de que nun reaccionamos de la mesma manera a los mesmos colores.<\/strong> Nesa reacci\u00f3n hai daqu\u00e9 que ye irracional, pero tami\u00e9n hai una parte d&#8217;ella que ye cultural, que tien que ver col momentu hist\u00f3ricu y tami\u00e9n col contestu sociol\u00f3xicu, onde se xener\u00f3 una conocencia ya interpretaci\u00f3n de esi color\u201d, enfatiz\u00f3 Laude.<\/p>\n<p style=\"text-align: center\"><a href=\"https:\/\/estaticos-cdn.prensaiberica.es\/clip\/751303cf-23b8-45cf-8faa-05828c777d43_source-aspect-ratio_default_0.jpg\"><img loading=\"lazy\" decoding=\"async\" class=\"aligncenter size-large\" src=\"https:\/\/estaticos-cdn.prensaiberica.es\/clip\/751303cf-23b8-45cf-8faa-05828c777d43_source-aspect-ratio_default_0.jpg\" width=\"2000\" height=\"1333\" \/><\/a><\/p>\n<p><strong>La primer muyer de National Geographic. <\/strong>Les instant\u00e1nees fueron captaes por fot\u00f3grafos como Joel Sartore, Steve McCurry, Lynn Johson o Jodi Cobb. \u00c9sti \u00faltimu casu ye especial, como resalt\u00f3 Laude, porque correspuende a la primer muyer que s&#8217;incorpor\u00f3 a National Geographic, all\u00e1 por 1975. Los sos c\u00e1mares recoyeron situaciones y momentos de llugares rec\u00f3nditos del mundu, como la imaxe d&#8217;una foca de Groenlandia de pelame blanca que fuelga sobro&#8217;l f\u00edu sol cielu crepuscular, nel golfu de San Llorienzo, en Canad\u00e1. O la imaxe d&#8217;un tigre de Bengala, captada por una c\u00e1mara nel Parque Nacional de Kazringa, na India.<\/p>\n<p>Pero tami\u00e9n se cola imaxes m\u00e1s costumbristas, como la d&#8217;un llabrador que collecha&#8217;l primer t\u00e9 del a\u00f1u ente un mar de foles verdes, na localid\u00e1 xaponesa de Nara; o xuna misi\u00f3n humanitaria que da farrapes a los ne\u00f1os suri cada ma\u00f1ana n&#8217;Etiop\u00eda; o un primer planu de la cara d&#8217;un huli, en Pap\u00faa Nueva Guinea.<\/p>\n<p>Asina va ser la esposici\u00f3n del N\u00e1uticu:<strong> un viaxe polos paisaxes de too el planeta ensin salir de Xix\u00f3n<\/strong><\/p>\n<p>Volviendo a la tema de el color, Alexandra Laude referir a un par d&#8217;exemplos de distintes maneres de concepci\u00f3n, en funci\u00f3n de les distintes cultures del mundu. \u201cG\u00fastame poner como caso&#8217;l collor\u00e1u, que pa n\u00f3s ye un color asociaci\u00f3n a la pasi\u00f3n o l&#8217;amor. Pero por casu en Xap\u00f3n asignar a la pureza, y por eso nuna fotograf\u00eda d&#8217;unes ne\u00f1es indies ver en el color del so vist\u00edu\u201d, indic\u00f3 en primer llugar. \u201cOtru casu puede ser el naranxa, acomu\u00f1\u00e1u a la espiritualid\u00e1 o la transcendencia n&#8217;otres zones, pero que n\u00f3s nos da se\u00f1ales d&#8217;alarma, quemes, serenes o fueu\u201d, a\u00f1edi\u00f3. Tami\u00e9n ejemplific\u00f3 l&#8217;azul como un color bien vencey\u00e1u a la especie humana, que se venceya al cielu o la vida, pero tami\u00e9n \u201ca la murnia, se\u00f1ard\u00e1 o murria\u201d.<\/p>\n<p><strong>\u00abUna redolada privilexada\u00bb. <\/strong>Na inauguraci\u00f3n de la esposici\u00f3n tami\u00e9n particip\u00f3 Emilio Cuadr\u00e1u, director de comercial de CaixaBank n&#8217;Asturies y Cantabria. \u201cYe xuna fant\u00e1stica esposici\u00f3n y una redolada privilexada\u201d, coment\u00f3. Pela so parte, Montserrat L\u00f3pez, concejala de Cultura, resalt\u00f3 la importancia de cuntar con esta amuesa \u201cnuna ciud\u00e1 qu&#8217;apuesta pola cultura como se\u00f1a d&#8217;identid\u00e1\u201d.<\/p>\n<p>L&#8217;amuesa va cuntar con visites empuestes va cuntar con dellos periodos con visites empuestes pal p\u00fablicu xeneral. Hasta&#8217;l 22 de xunu van ser los s\u00e1bados (12.00, 17.00 y 18.00 hores), y los domingos (12.00, 13.00 y 17.00 hores). Ente que a partir d&#8217;esa fecha y hasta el 14 de xunetu van ser martes, mi\u00e9rcoles, xueves y vienres a les 20.00 hores, y s\u00e1bados y domingos a les 20.00, 21.00 y 22.00 hores.<\/p>\n","protected":false},"excerpt":{"rendered":"<p>Fonte: LNE \/ galer\u00eda semeyes \/ Un viaxe de 42 instant\u00e1nees de prestixosos fot\u00f3grafos de National Geographic: asina ye la esposici\u00f3n \u00abColories del mundu\u00bb que puede visitase en Xix\u00f3n en plena cai. L&#8217;amuesa, nos Xardinos del N\u00e1uticu, podr\u00e1 vese hasta&#8217;l 14 de xunetu.<\/p>\n","protected":false},"author":117,"featured_media":0,"comment_status":"open","ping_status":"open","sticky":false,"template":"","format":"standard","meta":{"footnotes":""},"categories":[14],"tags":[],"class_list":["post-50896","post","type-post","status-publish","format-standard","hentry","category-esposiciones"],"_links":{"self":[{"href":"https:\/\/edublog.educastur.es\/ixuxu\/wp-json\/wp\/v2\/posts\/50896","targetHints":{"allow":["GET"]}}],"collection":[{"href":"https:\/\/edublog.educastur.es\/ixuxu\/wp-json\/wp\/v2\/posts"}],"about":[{"href":"https:\/\/edublog.educastur.es\/ixuxu\/wp-json\/wp\/v2\/types\/post"}],"author":[{"embeddable":true,"href":"https:\/\/edublog.educastur.es\/ixuxu\/wp-json\/wp\/v2\/users\/117"}],"replies":[{"embeddable":true,"href":"https:\/\/edublog.educastur.es\/ixuxu\/wp-json\/wp\/v2\/comments?post=50896"}],"version-history":[{"count":4,"href":"https:\/\/edublog.educastur.es\/ixuxu\/wp-json\/wp\/v2\/posts\/50896\/revisions"}],"predecessor-version":[{"id":50900,"href":"https:\/\/edublog.educastur.es\/ixuxu\/wp-json\/wp\/v2\/posts\/50896\/revisions\/50900"}],"wp:attachment":[{"href":"https:\/\/edublog.educastur.es\/ixuxu\/wp-json\/wp\/v2\/media?parent=50896"}],"wp:term":[{"taxonomy":"category","embeddable":true,"href":"https:\/\/edublog.educastur.es\/ixuxu\/wp-json\/wp\/v2\/categories?post=50896"},{"taxonomy":"post_tag","embeddable":true,"href":"https:\/\/edublog.educastur.es\/ixuxu\/wp-json\/wp\/v2\/tags?post=50896"}],"curies":[{"name":"wp","href":"https:\/\/api.w.org\/{rel}","templated":true}]}}