{"id":509,"date":"2020-05-13T08:37:29","date_gmt":"2020-05-13T08:37:29","guid":{"rendered":"https:\/\/edublog.educastur.es\/ixuxu\/?p=509"},"modified":"2020-08-24T19:38:07","modified_gmt":"2020-08-24T19:38:07","slug":"dia-de-la-infancia-hospitalaria","status":"publish","type":"post","link":"https:\/\/edublog.educastur.es\/ixuxu\/2020\/05\/dia-de-la-infancia-hospitalaria\/","title":{"rendered":"D\u00eda de la Infancia Hospitalaria"},"content":{"rendered":"<p><a href=\"https:\/\/imgbox.es\/images\/2020\/05\/15\/nh013ca93b9d4194034b.jpg\" target=\"_blank\" rel=\"noopener noreferrer\"><img loading=\"lazy\" decoding=\"async\" class=\"\" src=\"https:\/\/imgbox.es\/images\/2020\/05\/15\/nh013ca93b9d4194034b.jpg\" width=\"366\" height=\"492\" \/><\/a><\/p>\n<p>L\u2019equipu de les Aules Hospitalaries d\u2019Asturies realiz\u00f3 esti <a href=\"https:\/\/m.facebook.com\/video_redirect\/?src=https%3A%2F%2Fvideo.fmad7-1.fna.fbcdn.net%2Fv%2Ft42.9040-2%2F97124951_882237692290838_3093510109737779200_n.mp4%3F_nc_cat%3D105%26_nc_sid%3D985c63%26efg%3DeyJ2ZW5jb2RlX3RhZyI6ImxlZ2FjeV9zZCJ9%26_nc_ohc%3DChI5ki3cPIIAX9_yww5%26_nc_ht%3Dvideo.fmad7-1.fna%26oh%3D448c64b9a2420e8c1bcd5351eeb71560%26oe%3D5EBE6F63&amp;source=misc&amp;id=2776420945937175&amp;noredirect=0&amp;watermark=0&amp;refid=52&amp;__tn__=FH-R\" target=\"_blank\" rel=\"noopener noreferrer\">v\u00eddeu para celebrar el <u><em>D\u00eda de la Infancia hospitalizada<\/em><\/u>.<\/a> La m\u00fasica ta compuesta por alumnes de les Aules<br \/>\nHospitalaries del HUCA dientro del Proyectu Social de la OSPA.<\/p>\n<ul>\n<li><em><a href=\"https:\/\/m.facebook.com\/video_redirect\/?src=https%3A%2F%2Fvideo.fmad7-1.fna.fbcdn.net%2Fv%2Ft42.9040-2%2F97124951_882237692290838_3093510109737779200_n.mp4%3F_nc_cat%3D105%26_nc_sid%3D985c63%26efg%3DeyJ2ZW5jb2RlX3RhZyI6ImxlZ2FjeV9zZCJ9%26_nc_ohc%3DChI5ki3cPIIAX9_yww5%26_nc_ht%3Dvideo.fmad7-1.fna%26oh%3D448c64b9a2420e8c1bcd5351eeb71560%26oe%3D5EBE6F63&amp;source=misc&amp;id=2776420945937175&amp;noredirect=0&amp;watermark=0&amp;refid=52&amp;__tn__=FH-R\" target=\"_blank\" rel=\"noopener noreferrer\">Ver v\u00eddeu Aules Hospitaries d\u00b4Asturies<\/a><\/em><\/li>\n<\/ul>\n<p><em><u>Asociaci\u00f3n Galb\u00e1n<\/u> xuntu con <u>Clowntigo<\/u>, <u>\u00d1arices azules<\/u>, <u>Cruz Roja<\/u>, el <u>HUCA<\/u> y les\u00a0 <u>Aules Hospitalaries d\u2019Asturies<\/u> quieren faer un homenaxe a los ne\u00f1os y les ne\u00f1es, a les sos families, al personal sanitario y voluntariu, y estender esta reconocencia\u00a0 a tol personal de los hospitales que t\u00e1n faciendo unu llabor maraviyosu tantu colos ne\u00f1os y les ne\u00f1es como colos sos familiares..<br \/>\n<\/em><\/p>\n<ul>\n<li><a href=\"https:\/\/youtu.be\/_duhm5BYYRQ\" target=\"_blank\" rel=\"noopener noreferrer\"><em>Ver v\u00eddeu homenaxe<\/em><\/a><\/li>\n<\/ul>\n\n<!-- iframe plugin v.6.0 wordpress.org\/plugins\/iframe\/ -->\n<iframe loading=\"lazy\" width=\"644\" height=\"362\" src=\"https:\/\/www.youtube.com\/embed\/_duhm5BYYRQ\" scrolling=\"yes\" class=\"iframe-class\" frameborder=\"0\"><\/iframe>\n\n<p><a href=\"https:\/\/imgbox.es\/images\/2020\/05\/15\/nh021ca57df1629b0f33.jpg\" target=\"_blank\" rel=\"noopener noreferrer\"><img loading=\"lazy\" decoding=\"async\" class=\"\" src=\"https:\/\/imgbox.es\/images\/2020\/05\/15\/nh021ca57df1629b0f33.jpg\" width=\"459\" height=\"629\" border=\"1\" \/><em>calca<\/em><\/a><\/p>\n<ul>\n<li><em><a href=\"https:\/\/www.astursalud.es\/noticias\/-\/noticias\/manifiesto-es-tiempo-de-union\" target=\"_blank\" rel=\"noopener noreferrer\"><strong>Manifuestu <\/strong>(AsturSalud)<br \/>\n<\/a><\/em><\/li>\n<li><em><a href=\"https:\/\/www.asociaciongalban.org\/wp-content\/uploads\/2020\/05\/manifiesto_es-tiempo-de-uni%C3%B3n.pdf\" target=\"_blank\" rel=\"noopener noreferrer\">Manifiesto. Es tiempo de uni\u00f3n<\/a> (pdf)<\/em><\/li>\n<\/ul>\n<ul>\n<li><em><a href=\"https:\/\/eacnur.org\/blog\/en-que-consisten-los-derechos-del-nino-hospitalizado\/\" target=\"_blank\" rel=\"noopener noreferrer\">Derechos del Ni\u00f1o Hospitalizado<\/a>. ACNUR (Agencia de la ONU para los refugiados)<\/em><\/li>\n<li><em><strong>La Nueva Espa\u00f1a,<\/strong> <a href=\"https:\/\/www.lne.es\/asturias\/2020\/05\/13\/dia-nino-hospitalizado-comprendemos-sensacion\/2635542.html\" target=\"_blank\" rel=\"noopener noreferrer\">D\u00eda del Ni\u00f1o Hospitalizado<\/a><\/em><\/li>\n<li><em><strong>El Comercio, <\/strong><a href=\"https:\/\/www.elcomercio.es\/asturias\/exposicion-huca-dia-nino-hospitalizado-20200513154535-nt.html\" target=\"_blank\" rel=\"noopener noreferrer\">Una exposici\u00f3n cargada de optimismo celebra en el HUCA el D\u00eda del N. H.<\/a><\/em><\/li>\n<li><em><strong>El Comercio, <\/strong><a href=\"https:\/\/www.elcomercio.es\/asturias\/pequenos-compositores-huca-20171206002838-ntvo.html\" target=\"_blank\" rel=\"noopener noreferrer\">Peque\u00f1os compositores en el HUCA<\/a><\/em><\/li>\n<\/ul>\n","protected":false},"excerpt":{"rendered":"<p>L\u2019equipu de les Aules Hospitalaries d\u2019Asturies realiz\u00f3 esti v\u00eddeu para celebrar el D\u00eda de la Infancia hospitalizada. La m\u00fasica ta compuesta por alumnes de les Aules Hospitalaries del HUCA dientro del Proyectu Social de la OSPA. Ver v\u00eddeu Aules Hospitaries d\u00b4Asturies Asociaci\u00f3n Galb\u00e1n xuntu con Clowntigo, \u00d1arices azules, Cruz Roja, el HUCA y les\u00a0 Aules [&hellip;]<\/p>\n","protected":false},"author":117,"featured_media":0,"comment_status":"closed","ping_status":"open","sticky":false,"template":"","format":"standard","meta":{"footnotes":""},"categories":[6],"tags":[],"class_list":["post-509","post","type-post","status-publish","format-standard","hentry","category-dia-de"],"_links":{"self":[{"href":"https:\/\/edublog.educastur.es\/ixuxu\/wp-json\/wp\/v2\/posts\/509","targetHints":{"allow":["GET"]}}],"collection":[{"href":"https:\/\/edublog.educastur.es\/ixuxu\/wp-json\/wp\/v2\/posts"}],"about":[{"href":"https:\/\/edublog.educastur.es\/ixuxu\/wp-json\/wp\/v2\/types\/post"}],"author":[{"embeddable":true,"href":"https:\/\/edublog.educastur.es\/ixuxu\/wp-json\/wp\/v2\/users\/117"}],"replies":[{"embeddable":true,"href":"https:\/\/edublog.educastur.es\/ixuxu\/wp-json\/wp\/v2\/comments?post=509"}],"version-history":[{"count":1,"href":"https:\/\/edublog.educastur.es\/ixuxu\/wp-json\/wp\/v2\/posts\/509\/revisions"}],"predecessor-version":[{"id":510,"href":"https:\/\/edublog.educastur.es\/ixuxu\/wp-json\/wp\/v2\/posts\/509\/revisions\/510"}],"wp:attachment":[{"href":"https:\/\/edublog.educastur.es\/ixuxu\/wp-json\/wp\/v2\/media?parent=509"}],"wp:term":[{"taxonomy":"category","embeddable":true,"href":"https:\/\/edublog.educastur.es\/ixuxu\/wp-json\/wp\/v2\/categories?post=509"},{"taxonomy":"post_tag","embeddable":true,"href":"https:\/\/edublog.educastur.es\/ixuxu\/wp-json\/wp\/v2\/tags?post=509"}],"curies":[{"name":"wp","href":"https:\/\/api.w.org\/{rel}","templated":true}]}}