{"id":50907,"date":"2025-06-16T12:50:59","date_gmt":"2025-06-16T10:50:59","guid":{"rendered":"https:\/\/edublog.educastur.es\/ixuxu\/?p=50907"},"modified":"2025-06-16T16:50:09","modified_gmt":"2025-06-16T14:50:09","slug":"el-principau-noma-a-nicolas-bartolome-como-subdirector-xeneral-nuevu-de-politica-llinguistica","status":"publish","type":"post","link":"https:\/\/edublog.educastur.es\/ixuxu\/2025\/06\/el-principau-noma-a-nicolas-bartolome-como-subdirector-xeneral-nuevu-de-politica-llinguistica\/","title":{"rendered":"El Princip\u00e1u noma a Nicol\u00e1s Bartolom\u00e9 como subdirector xeneral nuevu de Pol\u00edtica Lling\u00fc\u00edstica"},"content":{"rendered":"<ul>\n<li class=\"Entradilla\">L\u2019Executivu refuerza&#8217;l so compromisu coles lling\u00fces propies al travi\u00e9s de la incorporaci\u00f3n d&#8217;un perfil espertu y compromet\u00edu cola defensa del asturianu y l\u2019eonaviegu<\/li>\n<li class=\"Entradilla\">El responsable nuevu va impulsar mid\u00edes normatives, tecnol\u00f3xiques y de coordinaci\u00f3n pa la normalizaci\u00f3n lling\u00fc\u00edstica<\/li>\n<li class=\"Entradilla\">Bartolom\u00e9 asesor\u00f3 a instituciones clave, tien m\u00e1s de 25 a\u00f1os d\u2019esperiencia en xur\u00eddica y ye autor d\u2019obres de referencia<\/li>\n<\/ul>\n<p style=\"text-align: center\"><a href=\"https:\/\/actualidad.asturias.es\/documents\/537115\/2631254\/53bd7cd3-1476-44fd-9323-5ff7de0cc279.jpeg\/a035ec76-e415-a5ed-4672-4a442fd6af6d?t=1749981976606\"><img loading=\"lazy\" decoding=\"async\" class=\"aligncenter \" src=\"https:\/\/actualidad.asturias.es\/documents\/537115\/2631254\/53bd7cd3-1476-44fd-9323-5ff7de0cc279.jpeg\/a035ec76-e415-a5ed-4672-4a442fd6af6d?t=1749981976606\" width=\"428\" height=\"428\" \/><\/a><\/p>\n<p><!--more--><\/p>\n<p>La Conseyer\u00eda de Cultura, Pol\u00edtica Lling\u00fc\u00edstica y Deporte del Princip\u00e1u d&#8217;Asturies resolvi\u00f3&#8217;l nomamientu de Nicol\u00e1s Bartolom\u00e9 P\u00e9rez como nuevu subdirector xeneral de Pol\u00edtica Lling\u00fc\u00edstica, en superando&#8217;l procesu de llibre designaci\u00f3n convoc\u00e1u per aciu de resoluci\u00f3n y conforme a los principios de m\u00e9ritu, capacid\u00e1 y idoneid\u00e1 establec\u00edos na normativa n\u2019usu.<\/p>\n<p>La resoluci\u00f3n de nomamientu, firmada pola conseyera de Cultura, Pol\u00edtica Lling\u00fc\u00edstica y Deporte, Vanessa Guti\u00e9rrez, de quien va depender Bartolom\u00e9 org\u00e1nicamente, va publicase nel Bolet\u00edn Oficial del Princip\u00e1u d&#8217;Asturies (BOPA) nos pr\u00f3ximos d\u00edes, una vez remataos los tr\u00e1mites alministrativos previstos na convocatoria.<\/p>\n<p><b>Un perfil con esperiencia, compromisu y visi\u00f3n estrat\u00e9xica<\/b><\/p>\n<p>Nicol\u00e1s Bartolom\u00e9 P\u00e9rez ye llicenci\u00e1u en Derechu y cunta con m\u00e1s de 25 a\u00f1os d&#8217;esperiencia profesional nel \u00e1mbitu xur\u00eddicu, lo que-y dex\u00f3 desenvolver competencies clave en lideralgu, xesti\u00f3n d&#8217;equipos, negociaci\u00f3n y asesoramientu institucional. La so trayectoria ta marcada por un compromisu firme cola defensa de los derechos lling\u00fc\u00edsticos y la promoci\u00f3n de les lling\u00fces propies d&#8217;Asturies.<\/p>\n<p>Ente les sos principales m\u00e9ritos destaquen l&#8217;autor\u00eda del llibru\u00a0<i>Derechu lling\u00fc\u00edsticu del Princip\u00e1u d\u2019Asturies: normativa y xurisprudencia<\/i>, la coautor\u00eda del\u00a0<i>Manual de llinguaxe alministrativu en llingua asturiana<\/i>, la so responsabilid\u00e1 dende 2006 de la\u00a0<i>Cr\u00f3nica llexislativa d\u2019Asturies<\/i>, l&#8217;asesoramientu xur\u00eddicu a l&#8217;Academia de la Llingua Asturiana na reforma de los sos estatutos, l&#8217;asistencia lletrada a entidaes p\u00fabliques y privaes en materia de derechos lling\u00fc\u00edsticos, am\u00e1s d&#8217;acreitar un dominiu altu del idioma asturianu, tanto fal\u00e1u como escritu, per aciu de certificaci\u00f3n oficial de nivel C1, y tener un fondu conocimientu del corpus normativu europ\u00e9u, estatal y auton\u00f3micu en materia de lling\u00fces minoritaries.<\/p>\n<p><b>Funciones y oxetivos del cargu<\/b><\/p>\n<p>La Subdireici\u00f3n Xeneral de Pol\u00edtica Lling\u00fc\u00edstica, creada pel Decretu 25\/2024, tien como misi\u00f3n principal promover, desenvolver y evaluar les pol\u00edtiques p\u00fabliques nel \u00e1mbitu de la llingua asturiana y l\u2019eonaviegu. Ente les sos funciones incl\u00fayense proponer mid\u00edes normatives pa la normalizaci\u00f3n lling\u00fc\u00edstica y establecer mecanismos de cooperaci\u00f3n con otres alministraciones y instituciones.<\/p>\n<p>Nesti sent\u00edu, \u00fan de los oxetivos estrat\u00e9xicos ye l&#8217;actualizaci\u00f3n y desenvolvimientu normativu en materia lling\u00fc\u00edstica. Pa ello, plant\u00e9gase como oxetivu espec\u00edficu l&#8217;an\u00e1lisis de la normativa vixente col fin de proponer la so actualizaci\u00f3n, asina como l&#8217;estudiu y ellaboraci\u00f3n de disposiciones nueves que favorezan la normalizaci\u00f3n del usu del asturianu y del eonaviegu. Esta xera va implicar revisar tanto la normativa auton\u00f3mica como aquella d&#8217;\u00e1mbitu estatal, europ\u00e9u y municipal qu&#8217;incida directa o indirectamente na pol\u00edtica lling\u00fc\u00edstica.<\/p>\n<p>Otru oxetivu clave ye la consecuci\u00f3n d&#8217;estructures coordinaes, eficientes y eficaces. Nesti casu, b\u00fascase coordinar y analizar les estructures necesaries pa implementar una pol\u00edtica lling\u00fc\u00edstica tresversal en tola Alministraci\u00f3n. La coordinaci\u00f3n constante ente departamentos y organismos va ser esencial pa garantizar la eficacia de les mid\u00edes adoptaes.<\/p>\n<p>Tocantes a l&#8217;adecuaci\u00f3n y actualizaci\u00f3n del sistema d&#8217;ayudes y acciones de pol\u00edtica lling\u00fc\u00edstica, prop\u00f3nse analizar el sistema actual y ellaborar propuestes de meyora que dexen ampliar l&#8217;algame y la efectivid\u00e1 de les ayudes esistentes, asina como dise\u00f1ar llinies nueves d&#8217;actuaci\u00f3n tov\u00eda non implementaes. Esta revisi\u00f3n va tomar toles \u00e1rees de gobiernu con implicaci\u00f3n na pol\u00edtica lling\u00fc\u00edstica.<\/p>\n<p>A lo \u00faltimo, cont\u00e9mplase la ellaboraci\u00f3n d&#8217;una estratexa integral de pol\u00edtica, normalizaci\u00f3n y dinamizaci\u00f3n lling\u00fc\u00edstica, col prop\u00f3situ d&#8217;incrementar la valoraci\u00f3n social de les lling\u00fces propies d&#8217;Asturies. Esta estratexa va dise\u00f1ase de forma participativa y tresversal, implicando a tolos actores y institucionales relevantes.<\/p>\n","protected":false},"excerpt":{"rendered":"<p>L\u2019Executivu refuerza&#8217;l so compromisu coles lling\u00fces propies al travi\u00e9s de la incorporaci\u00f3n d&#8217;un perfil espertu y compromet\u00edu cola defensa del asturianu y l\u2019eonaviegu El responsable nuevu va impulsar mid\u00edes normatives, tecnol\u00f3xiques y de coordinaci\u00f3n pa la normalizaci\u00f3n lling\u00fc\u00edstica Bartolom\u00e9 asesor\u00f3 a instituciones clave, tien m\u00e1s de 25 a\u00f1os d\u2019esperiencia en xur\u00eddica y ye autor d\u2019obres [&hellip;]<\/p>\n","protected":false},"author":117,"featured_media":0,"comment_status":"open","ping_status":"open","sticky":false,"template":"","format":"standard","meta":{"footnotes":""},"categories":[66],"tags":[],"class_list":["post-50907","post","type-post","status-publish","format-standard","hentry","category-politica-llinguistica"],"_links":{"self":[{"href":"https:\/\/edublog.educastur.es\/ixuxu\/wp-json\/wp\/v2\/posts\/50907","targetHints":{"allow":["GET"]}}],"collection":[{"href":"https:\/\/edublog.educastur.es\/ixuxu\/wp-json\/wp\/v2\/posts"}],"about":[{"href":"https:\/\/edublog.educastur.es\/ixuxu\/wp-json\/wp\/v2\/types\/post"}],"author":[{"embeddable":true,"href":"https:\/\/edublog.educastur.es\/ixuxu\/wp-json\/wp\/v2\/users\/117"}],"replies":[{"embeddable":true,"href":"https:\/\/edublog.educastur.es\/ixuxu\/wp-json\/wp\/v2\/comments?post=50907"}],"version-history":[{"count":4,"href":"https:\/\/edublog.educastur.es\/ixuxu\/wp-json\/wp\/v2\/posts\/50907\/revisions"}],"predecessor-version":[{"id":50912,"href":"https:\/\/edublog.educastur.es\/ixuxu\/wp-json\/wp\/v2\/posts\/50907\/revisions\/50912"}],"wp:attachment":[{"href":"https:\/\/edublog.educastur.es\/ixuxu\/wp-json\/wp\/v2\/media?parent=50907"}],"wp:term":[{"taxonomy":"category","embeddable":true,"href":"https:\/\/edublog.educastur.es\/ixuxu\/wp-json\/wp\/v2\/categories?post=50907"},{"taxonomy":"post_tag","embeddable":true,"href":"https:\/\/edublog.educastur.es\/ixuxu\/wp-json\/wp\/v2\/tags?post=50907"}],"curies":[{"name":"wp","href":"https:\/\/api.w.org\/{rel}","templated":true}]}}