{"id":50946,"date":"2025-06-17T08:34:52","date_gmt":"2025-06-17T06:34:52","guid":{"rendered":"https:\/\/edublog.educastur.es\/ixuxu\/?p=50946"},"modified":"2025-06-16T22:36:44","modified_gmt":"2025-06-16T20:36:44","slug":"el-tiempu-el-comercio-69","status":"publish","type":"post","link":"https:\/\/edublog.educastur.es\/ixuxu\/2025\/06\/el-tiempu-el-comercio-69\/","title":{"rendered":"El tiempu (El Comercio)"},"content":{"rendered":"<p style=\"text-align: center\"><a href=\"https:\/\/s1.ppllstatics.com\/elcomercio\/www\/multimedia\/2025\/06\/16\/prevision-tiempo-asturias-krSH-U2301948938566Ca-1200x860@El%20Comercio.jpg\"><img loading=\"lazy\" decoding=\"async\" class=\"aligncenter size-large\" src=\"https:\/\/s1.ppllstatics.com\/elcomercio\/www\/multimedia\/2025\/06\/16\/prevision-tiempo-asturias-krSH-U2301948938566Ca-1200x860@El%20Comercio.jpg\" width=\"1200\" height=\"860\" \/><\/a><\/p>\n<p>Munches localidaes van averase a los 25 \u00baC y, inclusive, podr\u00e1n superase. <span style=\"color: #008080\"><strong>Les m\u00e1ximes<\/strong><\/span> van xubir ente 2 y 3 \u00baC de forma xeneralizada. <span style=\"color: #008080\"><strong>Les m\u00ednimes<\/strong><\/span> tami\u00e9n van xubir, y van #facer sobremanera nel terciu sur asturianu. <span style=\"color: #008080\"><strong>Los vientos<\/strong> <\/span>van predominar de componente esti moderaos na mari\u00f1a, y fluexos nel interior. En cuanto al <span style=\"color: #008080\"><strong>est\u00e1u de los cielos<\/strong><\/span>, prevense nubes baxes a primeres hores en zones de la met\u00e1 norte, pero r\u00e1pido van sumir pa dar pasu a una xornada soleyera. Nel sur d&#8217;Asturies el sol va rellumar dende primer hora y, s\u00eda que non, nun se refuga la presencia de nubes d&#8217;evoluci\u00f3n pela tarde.<\/p>\n<p><!--more--><\/p>\n<p><strong>El mi\u00e9rcoles<\/strong> volveremos tener bon tiempu y les temperatures volver\u00e1n xubir. Igualmente, van siguir xubiendo&#8217;l xueves y, posiblemente, el vienres.<strong> Tanto&#8217;l xueves como&#8217;l vienres superar\u00e1n los 30 \u00baC n&#8217;Asturies<\/strong> polo que van ser dos xornaes caloroses na nuesa Comunid\u00e1 Aut\u00f3noma.<\/p>\n","protected":false},"excerpt":{"rendered":"<p>Munches localidaes van averase a los 25 \u00baC y, inclusive, podr\u00e1n superase. Les m\u00e1ximes van xubir ente 2 y 3 \u00baC de forma xeneralizada. Les m\u00ednimes tami\u00e9n van xubir, y van #facer sobremanera nel terciu sur asturianu. Los vientos van predominar de componente esti moderaos na mari\u00f1a, y fluexos nel interior. En cuanto al est\u00e1u [&hellip;]<\/p>\n","protected":false},"author":117,"featured_media":0,"comment_status":"open","ping_status":"open","sticky":false,"template":"","format":"standard","meta":{"footnotes":""},"categories":[5],"tags":[],"class_list":["post-50946","post","type-post","status-publish","format-standard","hentry","category-tiempu"],"_links":{"self":[{"href":"https:\/\/edublog.educastur.es\/ixuxu\/wp-json\/wp\/v2\/posts\/50946","targetHints":{"allow":["GET"]}}],"collection":[{"href":"https:\/\/edublog.educastur.es\/ixuxu\/wp-json\/wp\/v2\/posts"}],"about":[{"href":"https:\/\/edublog.educastur.es\/ixuxu\/wp-json\/wp\/v2\/types\/post"}],"author":[{"embeddable":true,"href":"https:\/\/edublog.educastur.es\/ixuxu\/wp-json\/wp\/v2\/users\/117"}],"replies":[{"embeddable":true,"href":"https:\/\/edublog.educastur.es\/ixuxu\/wp-json\/wp\/v2\/comments?post=50946"}],"version-history":[{"count":1,"href":"https:\/\/edublog.educastur.es\/ixuxu\/wp-json\/wp\/v2\/posts\/50946\/revisions"}],"predecessor-version":[{"id":50947,"href":"https:\/\/edublog.educastur.es\/ixuxu\/wp-json\/wp\/v2\/posts\/50946\/revisions\/50947"}],"wp:attachment":[{"href":"https:\/\/edublog.educastur.es\/ixuxu\/wp-json\/wp\/v2\/media?parent=50946"}],"wp:term":[{"taxonomy":"category","embeddable":true,"href":"https:\/\/edublog.educastur.es\/ixuxu\/wp-json\/wp\/v2\/categories?post=50946"},{"taxonomy":"post_tag","embeddable":true,"href":"https:\/\/edublog.educastur.es\/ixuxu\/wp-json\/wp\/v2\/tags?post=50946"}],"curies":[{"name":"wp","href":"https:\/\/api.w.org\/{rel}","templated":true}]}}